{"id":16108,"date":"2023-09-04T14:10:57","date_gmt":"2023-09-04T12:10:57","guid":{"rendered":"https:\/\/www.pr-neu.de\/newsroom\/?p=16108"},"modified":"2023-09-04T14:11:03","modified_gmt":"2023-09-04T12:11:03","slug":"baustaatssekretaer-boesinger-besucht-fassadenspezialist-sto","status":"publish","type":"post","link":"https:\/\/www.pr-neu.de\/newsroom\/baustaatssekretaer-boesinger-besucht-fassadenspezialist-sto\/","title":{"rendered":"Baustaatssekret\u00e4r B\u00f6singer besucht Fassadenspezialist Sto"},"content":{"rendered":"<p><strong>Damit Deutschland seine Klimaziele erreicht, m\u00fcssen Politik und Unternehmen gleicherma\u00dfen f\u00fcr nachhaltige Konzepte sorgen. Aus diesem Anlass tauschten sich Staatssekret\u00e4r im Bundesbauministerium Dr. Rolf B\u00f6singer und die Parlamentarische Staatssekret\u00e4rin im Bundesministerium des Inneren Rita Schwarzel\u00fchr-Sutter mit Vorst\u00e4nden der Sto SE &amp; Co. KGaA aus.<\/strong><\/p>\n<p>Deutschland muss seine Klimaziele erreichen. Das kann nur gelingen, wenn das gesamte Handlungsfeld Geb\u00e4ude einen Beitrag liefert und beispielsweise H\u00e4user saniert und nach modernen Standards gebaut werden. Rolf B\u00f6singer, Staatssekret\u00e4r im Bundesministerium f\u00fcr Wohnen, Stadtentwicklung und Bauwesen, informierte sich bei der Sto SE &amp; Co. KGaA \u00fcber dessen Produktinnovationen und die aktuelle Lage. Begleitet wurde er von der SPD-Bundestagsabgeordneten und Parlamentarischen Staatssekret\u00e4rin im Bundesministerium des Inneren, Rita Schwarzel\u00fchr-Sutter.<\/p>\n<p>Das Bundesministerin f\u00fcr Wohnen, Stadtentwicklung und Bauwesen hat einen wesentlichen Einfluss auf die bevorstehende W\u00e4rmewende. Im Austausch mit dem Baustaatssekret\u00e4r wiesen die Vorst\u00e4nde der Sto SE &amp; Co. KGaA Michael Keller, Jan Nissen und Rolf W\u00f6hrle darauf hin, dass ohne eine Senkung des Energiebedarfs im Geb\u00e4udesektor die vorgegebenen Klimaziele nicht zu erreichen seien. Michael Keller, Vorstand Vertrieb, machte deutlich, dass Energie in Deutschland teuer sei: \u201eNur den Energietr\u00e4ger zu wechseln und beispielsweise von einer Gasheizung auf eine W\u00e4rmepumpe umzusteigen, l\u00f6st weder die Kosten- noch die Effizienzfrage. Eine ganzheitliche Geb\u00e4udeenergieeffizienz ist der Schl\u00fcssel, um den Verbrauchern eine wirtschaftliche und nachhaltige L\u00f6sung zu bieten.\u201c<\/p>\n<p>W\u00e4hrend eines gemeinsamen Rundgangs am Sto-Stammsitz bekamen B\u00f6singer und Schwarzel\u00fchr-Sutter einen Einblick, wie das Unternehmen sich auf neue Bedarfe am Markt einstellt. Nachhaltigkeit bildet die Grundlage f\u00fcr die Aktivit\u00e4ten des international t\u00e4tigen Herstellers. Dabei stellten die Vorst\u00e4nde auch ein innovatives W\u00e4rmed\u00e4mm-Verbundsystem von Sto vor. Hierbei sind D\u00e4mmstoff, Unter- und Oberputz sowie die Fassadenfarbe besonders ressourcenschonend und mit dem Umweltzeichen \u201eBlauer Engel\u201c ausgezeichnet. Jan Nissen, Vorstand Technik, betonte: \u201eBereits bei der Produktion k\u00f6nnen wir den CO2-Aussto\u00df um 30 Prozent gegen\u00fcber herk\u00f6mmlichen Produkten senken, damit verbessert sich die Energiebilanz noch einmal deutlich.\u201c<\/p>\n<p>Rita Schwarzel\u00fchr-Sutter, in deren baden-w\u00fcrttembergischen Bundestagswahlkreis die Sto ihre Zentrale hat, wies auf das Potenzial der Baubranche und seiner Gewerke f\u00fcr den Klimaschutz und f\u00fcr die Besch\u00e4ftigung hin. \u201eEs w\u00e4re klug, wenn der Wohnungsbau wie von der SPD-Bundestagsfraktion \u201eBauen jetzt \u2013 mehr Wohnungsbau und Sanierung\u201c beschlossen gerade jetzt deutlich gef\u00f6rdert w\u00fcrde. Denn die Bauindustrie bildet einen wichtigen Pfeiler f\u00fcr die deutsche Wirtschaft. Nachhaltiges Bauen und Renovieren bringt uns unseren Klimazielen n\u00e4her.\u201c Die Vorst\u00e4nde von Sto stimmten der Staatssekret\u00e4rin zu und forderten mehr Anstrengungen des Staates in Bezug auf die Energieeffizienz von Geb\u00e4uden und eine Angleichung der F\u00f6rderung von Geb\u00e4udeh\u00fclle und Anlagentechnik. \u201eJetzt eine energieeffiziente Geb\u00e4udesanierung finanziell zu f\u00f6rdern, w\u00e4re eine sinnvolle Botschaft an Bauwillige, Hauseigent\u00fcmer und die Bauwirtschaft, um die W\u00e4rmewende anzugehen und unsere Klimaziele zu erreichen\u201c, erl\u00e4uterte Rolf W\u00f6hrle, Vorstand Finanzen.<\/p>\n<p>Beide Seiten sehen angesichts sinkender Zahlen bei den F\u00f6rderantr\u00e4gen, einem R\u00fcckgang bei den Sanierungen der Geb\u00e4udeh\u00fclle sowie beim Absatz von W\u00e4rmeschutz und W\u00e4rmepumpen Handlungsbedarf bei der energetischen Geb\u00e4udesanierung. \u201eUm diese Herausforderungen zu l\u00f6sen, brauchen wir auch den direkten Austausch zwischen Politik und Unternehmen\u201c, sagte Rolf B\u00f6singer. \u201eSto begegnet den gesellschaftlichen Erwartungen durch seine Produkte und bietet L\u00f6sungen f\u00fcr mehr Klima- und Ressourcenschutz. Nur gemeinsam k\u00f6nnen wir eine wirtschaftliche, sozial- und naturvertr\u00e4gliche Energiewende gestalten.\u201c<\/p>\n<p>&nbsp;<\/p>\n<hr \/>\n<p>&nbsp;<\/p>\n<p><a href=\"http:\/\/www.pr-neu.de\/newsroom\/wordpress\/wp-content\/uploads\/2023\/09\/23_33_Waermeleitfaehigkeit_K.jpg\" target=\"_blank\" rel=\"noopener\"><img loading=\"lazy\" decoding=\"async\" class=\"wp-image-16109 size-medium aligncenter\" src=\"http:\/\/www.pr-neu.de\/newsroom\/wordpress\/wp-content\/uploads\/2023\/09\/23_33_Waermeleitfaehigkeit_K-300x188.jpg\" alt=\"\" width=\"300\" height=\"188\" srcset=\"https:\/\/www.pr-neu.de\/newsroom\/wordpress\/wp-content\/uploads\/2023\/09\/23_33_Waermeleitfaehigkeit_K-300x188.jpg 300w, https:\/\/www.pr-neu.de\/newsroom\/wordpress\/wp-content\/uploads\/2023\/09\/23_33_Waermeleitfaehigkeit_K-1024x641.jpg 1024w, https:\/\/www.pr-neu.de\/newsroom\/wordpress\/wp-content\/uploads\/2023\/09\/23_33_Waermeleitfaehigkeit_K-768x481.jpg 768w, https:\/\/www.pr-neu.de\/newsroom\/wordpress\/wp-content\/uploads\/2023\/09\/23_33_Waermeleitfaehigkeit_K-1536x962.jpg 1536w, https:\/\/www.pr-neu.de\/newsroom\/wordpress\/wp-content\/uploads\/2023\/09\/23_33_Waermeleitfaehigkeit_K-2048x1283.jpg 2048w, https:\/\/www.pr-neu.de\/newsroom\/wordpress\/wp-content\/uploads\/2023\/09\/23_33_Waermeleitfaehigkeit_K-110x69.jpg 110w, https:\/\/www.pr-neu.de\/newsroom\/wordpress\/wp-content\/uploads\/2023\/09\/23_33_Waermeleitfaehigkeit_K-420x263.jpg 420w, https:\/\/www.pr-neu.de\/newsroom\/wordpress\/wp-content\/uploads\/2023\/09\/23_33_Waermeleitfaehigkeit_K-687x430.jpg 687w\" sizes=\"auto, (max-width: 300px) 100vw, 300px\" \/><\/a><\/p>\n<p style=\"text-align: center;\">Michael Keller (re.) Vorstand Vertrieb bei Sto, erkl\u00e4rte den Staatssekret\u00e4ren Rita Schwarzel\u00fchr-Sutter und Dr. Rolf B\u00f6singer die W\u00e4rmeleitf\u00e4higkeit von verschiedenen D\u00e4mmmaterialien.<\/p>\n<p>&nbsp;<\/p>\n<p><a href=\"http:\/\/www.pr-neu.de\/newsroom\/wordpress\/wp-content\/uploads\/2023\/09\/23_33_Daemmstoffe_K.jpg\" target=\"_blank\" rel=\"noopener\"><img loading=\"lazy\" decoding=\"async\" class=\"aligncenter wp-image-16110 size-medium\" src=\"http:\/\/www.pr-neu.de\/newsroom\/wordpress\/wp-content\/uploads\/2023\/09\/23_33_Daemmstoffe_K-300x202.jpg\" alt=\"\" width=\"300\" height=\"202\" srcset=\"https:\/\/www.pr-neu.de\/newsroom\/wordpress\/wp-content\/uploads\/2023\/09\/23_33_Daemmstoffe_K-300x202.jpg 300w, https:\/\/www.pr-neu.de\/newsroom\/wordpress\/wp-content\/uploads\/2023\/09\/23_33_Daemmstoffe_K-1024x690.jpg 1024w, https:\/\/www.pr-neu.de\/newsroom\/wordpress\/wp-content\/uploads\/2023\/09\/23_33_Daemmstoffe_K-768x517.jpg 768w, https:\/\/www.pr-neu.de\/newsroom\/wordpress\/wp-content\/uploads\/2023\/09\/23_33_Daemmstoffe_K-1536x1035.jpg 1536w, https:\/\/www.pr-neu.de\/newsroom\/wordpress\/wp-content\/uploads\/2023\/09\/23_33_Daemmstoffe_K-2048x1380.jpg 2048w, https:\/\/www.pr-neu.de\/newsroom\/wordpress\/wp-content\/uploads\/2023\/09\/23_33_Daemmstoffe_K-110x74.jpg 110w, https:\/\/www.pr-neu.de\/newsroom\/wordpress\/wp-content\/uploads\/2023\/09\/23_33_Daemmstoffe_K-420x283.jpg 420w, https:\/\/www.pr-neu.de\/newsroom\/wordpress\/wp-content\/uploads\/2023\/09\/23_33_Daemmstoffe_K-638x430.jpg 638w\" sizes=\"auto, (max-width: 300px) 100vw, 300px\" \/><\/a><\/p>\n<p style=\"text-align: center;\">Die Staatssekret\u00e4re Rita Schwarzel\u00fchr-Sutter und Dr. Rolf B\u00f6singer informierten sich bei Sto unter anderem \u00fcber verschiedene W\u00e4rmed\u00e4mm-Verbundsysteme.<\/p>\n<p style=\"text-align: center;\">Bilder: Sto SE &amp; Co. KGaA<\/p>\n<p>&nbsp;<\/p>\n<hr \/>\n<p>&nbsp;<\/p>\n<p>Abdruck honorarfrei, Belegexemplar erbeten<\/p>\n","protected":false},"excerpt":{"rendered":"<p>Rolf B\u00f6singer, Staatssekret\u00e4r im Bundesministerium f\u00fcr Wohnen, Stadtentwicklung und Bauwesen, informierte sich bei der Sto SE &#038; Co. KGaA \u00fcber dessen Produktinnovationen und die aktuelle Lage. Begleitet wurde er von der SPD-Bundestagsabgeordneten und Parlamentarischen Staatssekret\u00e4rin im Bundesministerium des Inneren, Rita Schwarzel\u00fchr-Sutter.<\/p>\n","protected":false},"author":9,"featured_media":16109,"comment_status":"closed","ping_status":"open","sticky":false,"template":"","format":"standard","meta":{"footnotes":""},"categories":[15],"tags":[124,367,2601,504,599,1757,627],"class_list":["post-16108","post","type-post","status-publish","format-standard","has-post-thumbnail","hentry","category-sto","tag-dammung","tag-nachhaltigkeit","tag-politik","tag-sto-2","tag-umwelt","tag-unternehmen","tag-wdvs"],"_links":{"self":[{"href":"https:\/\/www.pr-neu.de\/newsroom\/wp-json\/wp\/v2\/posts\/16108","targetHints":{"allow":["GET"]}}],"collection":[{"href":"https:\/\/www.pr-neu.de\/newsroom\/wp-json\/wp\/v2\/posts"}],"about":[{"href":"https:\/\/www.pr-neu.de\/newsroom\/wp-json\/wp\/v2\/types\/post"}],"author":[{"embeddable":true,"href":"https:\/\/www.pr-neu.de\/newsroom\/wp-json\/wp\/v2\/users\/9"}],"replies":[{"embeddable":true,"href":"https:\/\/www.pr-neu.de\/newsroom\/wp-json\/wp\/v2\/comments?post=16108"}],"version-history":[{"count":2,"href":"https:\/\/www.pr-neu.de\/newsroom\/wp-json\/wp\/v2\/posts\/16108\/revisions"}],"predecessor-version":[{"id":16112,"href":"https:\/\/www.pr-neu.de\/newsroom\/wp-json\/wp\/v2\/posts\/16108\/revisions\/16112"}],"wp:featuredmedia":[{"embeddable":true,"href":"https:\/\/www.pr-neu.de\/newsroom\/wp-json\/wp\/v2\/media\/16109"}],"wp:attachment":[{"href":"https:\/\/www.pr-neu.de\/newsroom\/wp-json\/wp\/v2\/media?parent=16108"}],"wp:term":[{"taxonomy":"category","embeddable":true,"href":"https:\/\/www.pr-neu.de\/newsroom\/wp-json\/wp\/v2\/categories?post=16108"},{"taxonomy":"post_tag","embeddable":true,"href":"https:\/\/www.pr-neu.de\/newsroom\/wp-json\/wp\/v2\/tags?post=16108"}],"curies":[{"name":"wp","href":"https:\/\/api.w.org\/{rel}","templated":true}]}}