{"id":16103,"date":"2023-09-04T10:48:07","date_gmt":"2023-09-04T08:48:07","guid":{"rendered":"https:\/\/www.pr-neu.de\/newsroom\/?p=16103"},"modified":"2023-09-04T10:48:43","modified_gmt":"2023-09-04T08:48:43","slug":"neue-vorstaendin-bei-sto","status":"publish","type":"post","link":"https:\/\/www.pr-neu.de\/newsroom\/neue-vorstaendin-bei-sto\/","title":{"rendered":"Neue Vorst\u00e4ndin bei Sto"},"content":{"rendered":"<p>D\u00e9sir\u00e9e Konrad verst\u00e4rkt seit 1. September 2023 den Vorstand der STO Management SE, der pers\u00f6nlich haftenden und gesch\u00e4ftsf\u00fchrenden Gesellschafterin der Sto SE &amp; Co. KGaA. Im Rahmen der langfristigen Nachfolgeplanung hat der Aufsichtsrat sie f\u00fcr vier Jahre als Vorst\u00e4ndin bestellt. D\u00e9sir\u00e9e Konrad folgt auf das langj\u00e4hrige Vorstandsmitglied Rolf W\u00f6hrle, der seit 2010 f\u00fcr Finanzen, Controlling, Informationstechnologie, Interne Revision, Investor Relations, Legal und Technischer Service verantwortlich ist und, wie bereits im April 2023 berichtet, das Unternehmen auf eigenen Wunsch zum 31. Dezember 2023 verlassen wird. Seine Nachfolgerin wird w\u00e4hrend einer viermonatigen \u00dcbergabephase zun\u00e4chst als stellvertretende Finanzvorst\u00e4ndin f\u00fcr den St\u00fchlinger Fassadenspezialisten t\u00e4tig sein und dann zum 1. Januar 2024 die Ressortverantwortung von Rolf W\u00f6hrle \u00fcbernehmen. Die 35-J\u00e4hrige verf\u00fcgt \u00fcber eine internationale Ausbildung mit einem Master in Business Administration und einem Master in Finance sowie eine fundierte Erfahrung im In- und Ausland. In der Baubranche war sie f\u00fcr den Befestigungstechnik-Hersteller fischerwerke GmbH t\u00e4tig, zuletzt arbeitete sie als CFO bei Rheinmetall Automotive in Frankreich. \u201eIch freue mich, in einem traditionsreichen und internationalen Familienunternehmen zu arbeiten und k\u00fcnftig die Geschicke der Sto-Gruppe mitzulenken\u201c, sagt D\u00e9sir\u00e9e Konrad. \u201eUnd auch dar\u00fcber, dass ich die Gelegenheit habe, noch vier Monate mit Rolf W\u00f6hrle zusammenzuarbeiten und von seiner Erfahrung zu profitieren.\u201c<\/p>\n<p>&nbsp;<\/p>\n<hr \/>\n<p>&nbsp;<\/p>\n<p><a href=\"http:\/\/www.pr-neu.de\/newsroom\/wordpress\/wp-content\/uploads\/2023\/09\/23_32_Konrad_Desire_K.jpg\" target=\"_blank\" rel=\"noopener\"><img loading=\"lazy\" decoding=\"async\" class=\"aligncenter wp-image-16104 size-medium\" src=\"http:\/\/www.pr-neu.de\/newsroom\/wordpress\/wp-content\/uploads\/2023\/09\/23_32_Konrad_Desire_K-300x230.jpg\" alt=\"\" width=\"300\" height=\"230\" srcset=\"https:\/\/www.pr-neu.de\/newsroom\/wordpress\/wp-content\/uploads\/2023\/09\/23_32_Konrad_Desire_K-300x230.jpg 300w, https:\/\/www.pr-neu.de\/newsroom\/wordpress\/wp-content\/uploads\/2023\/09\/23_32_Konrad_Desire_K-1024x785.jpg 1024w, https:\/\/www.pr-neu.de\/newsroom\/wordpress\/wp-content\/uploads\/2023\/09\/23_32_Konrad_Desire_K-768x588.jpg 768w, https:\/\/www.pr-neu.de\/newsroom\/wordpress\/wp-content\/uploads\/2023\/09\/23_32_Konrad_Desire_K-1536x1177.jpg 1536w, https:\/\/www.pr-neu.de\/newsroom\/wordpress\/wp-content\/uploads\/2023\/09\/23_32_Konrad_Desire_K-2048x1569.jpg 2048w, https:\/\/www.pr-neu.de\/newsroom\/wordpress\/wp-content\/uploads\/2023\/09\/23_32_Konrad_Desire_K-110x84.jpg 110w, https:\/\/www.pr-neu.de\/newsroom\/wordpress\/wp-content\/uploads\/2023\/09\/23_32_Konrad_Desire_K-420x322.jpg 420w, https:\/\/www.pr-neu.de\/newsroom\/wordpress\/wp-content\/uploads\/2023\/09\/23_32_Konrad_Desire_K-561x430.jpg 561w\" sizes=\"auto, (max-width: 300px) 100vw, 300px\" \/><\/a><\/p>\n<p style=\"text-align: center;\">D\u00e9sir\u00e9e Konrad verst\u00e4rkt seit September 2023 den Vorstand der STO Management SE.<br \/>\nBild: Martin Baitinger \/ Sto SE &amp; Co. KGaA<\/p>\n<p>&nbsp;<\/p>\n<hr \/>\n<p>&nbsp;<\/p>\n<p>Abdruck honorarfrei, Belegexemplar erbeten<\/p>\n","protected":false},"excerpt":{"rendered":"<p>D\u00e9sir\u00e9e Konrad (35) verst\u00e4rkt seit 1. September 2023 den Vorstand der STO Management SE.<\/p>\n","protected":false},"author":9,"featured_media":16104,"comment_status":"closed","ping_status":"open","sticky":false,"template":"","format":"standard","meta":{"footnotes":""},"categories":[15],"tags":[1897,1751,504,1757,2599],"class_list":["post-16103","post","type-post","status-publish","format-standard","has-post-thumbnail","hentry","category-sto","tag-management","tag-personalie","tag-sto-2","tag-unternehmen","tag-vorstand"],"_links":{"self":[{"href":"https:\/\/www.pr-neu.de\/newsroom\/wp-json\/wp\/v2\/posts\/16103","targetHints":{"allow":["GET"]}}],"collection":[{"href":"https:\/\/www.pr-neu.de\/newsroom\/wp-json\/wp\/v2\/posts"}],"about":[{"href":"https:\/\/www.pr-neu.de\/newsroom\/wp-json\/wp\/v2\/types\/post"}],"author":[{"embeddable":true,"href":"https:\/\/www.pr-neu.de\/newsroom\/wp-json\/wp\/v2\/users\/9"}],"replies":[{"embeddable":true,"href":"https:\/\/www.pr-neu.de\/newsroom\/wp-json\/wp\/v2\/comments?post=16103"}],"version-history":[{"count":3,"href":"https:\/\/www.pr-neu.de\/newsroom\/wp-json\/wp\/v2\/posts\/16103\/revisions"}],"predecessor-version":[{"id":16107,"href":"https:\/\/www.pr-neu.de\/newsroom\/wp-json\/wp\/v2\/posts\/16103\/revisions\/16107"}],"wp:featuredmedia":[{"embeddable":true,"href":"https:\/\/www.pr-neu.de\/newsroom\/wp-json\/wp\/v2\/media\/16104"}],"wp:attachment":[{"href":"https:\/\/www.pr-neu.de\/newsroom\/wp-json\/wp\/v2\/media?parent=16103"}],"wp:term":[{"taxonomy":"category","embeddable":true,"href":"https:\/\/www.pr-neu.de\/newsroom\/wp-json\/wp\/v2\/categories?post=16103"},{"taxonomy":"post_tag","embeddable":true,"href":"https:\/\/www.pr-neu.de\/newsroom\/wp-json\/wp\/v2\/tags?post=16103"}],"curies":[{"name":"wp","href":"https:\/\/api.w.org\/{rel}","templated":true}]}}