{"id":16095,"date":"2023-09-11T08:00:02","date_gmt":"2023-09-11T06:00:02","guid":{"rendered":"https:\/\/www.pr-neu.de\/newsroom\/?p=16095"},"modified":"2023-09-07T11:40:33","modified_gmt":"2023-09-07T09:40:33","slug":"gemeinsam-fuer-den-klimaschutz","status":"publish","type":"post","link":"https:\/\/www.pr-neu.de\/newsroom\/gemeinsam-fuer-den-klimaschutz\/","title":{"rendered":"Gemeinsam f\u00fcr den Klimaschutz"},"content":{"rendered":"<p><u>Energiewende<\/u><\/p>\n<p><strong>Sto unterst\u00fctzt Fachhandwerker mit nachhaltigen Produkten und Info-Material<\/strong><\/p>\n<p>Wenn die Klimawende gelingen soll, spielt das Fachhandwerk eine wichtige Rolle. Mehr als 16 Millionen Ein- und Zweifamilienh\u00e4user in Deutschland sind noch nicht ged\u00e4mmt \u2013 ein gro\u00dfes Potenzial, um CO2-Emissionen zu reduzieren. Bei der Sanierung sind mittlerweile immer h\u00e4ufiger \u00f6kologisch wertvolle Baustoffe gefragt und Auftraggeber wollen genau wissen, was in \u201eihren\u201c Baustoffen steckt. Sto baut den Weg zum klimaneutralen Bauen nun konsequent aus. Mit einer Informations-Kampagne, die mit den Fachpartnern im qualifizierten Bauhandwerk anl\u00e4uft, kl\u00e4rt das Unternehmen Bauherren auf \u2013 nicht nur \u00fcber Produkte, sondern ganzheitlich, von den positiven Effekten f\u00fcr die Umwelt bis zu Finanzierungsfragen.<\/p>\n<p>Viele Handwerksbetriebe im Ausbaugewerk befinden sich aktuell in einem Spannungsfeld: Einerseits ist die Auftragslage mancherorts hoch (durch die aktuelle Sanierungswelle), andererseits werden die Kunden immer anspruchsvoller. Weil die energetische Sanierung schon durch die politisch gesetzten Vorgaben ein Zukunftsmarkt bleibt, ist zudem die Perspektive f\u00fcr das Maler- und Stuckateurhandwerk recht gut. Die EU hat festgelegt, dass Geb\u00e4ude mit besonders schlechter Energieeffizienz (die \u201eworst performing buildings\u201c) schon bis 2030 zu sanieren sind. Geschieht dies nicht, drohen Probleme bei der Vermietung. Auch wenn derzeit die W\u00e4rmepumpe mancherorts als alleinige L\u00f6sung gesehen wird: Die Klimaziele der EU bzw. von Deutschland lassen sich nur erreichen, wenn nicht nur die W\u00e4rme-Erzeugung, sondern auch der W\u00e4rme-Bedarf im Geb\u00e4udebestand gesenkt wird.<\/p>\n<p>F\u00fcr diese Aufgabe h\u00e4lt Sto nachhaltige Produkte bereit. Dazu z\u00e4hlen beispielsweise Baustoffe mit erh\u00f6htem Anteil nachwachsender Materialien wie die AimS-Serie, WDV-Systeme mit dem \u201eBlauem Engel\u201c oder \u00f6kologische Beschichtungen f\u00fcr Innenr\u00e4ume. Jetzt geht der Hersteller einen Schritt weiter \u2013 gemeinsam mit Partnerbetrieben im Fachhandwerk. \u201eUmweltbewusste Bauherren wollen umfassend aufgekl\u00e4rt werden\u201c, erkl\u00e4rt Sto-Vertriebschef Heiner R\u00f6hr. \u201eDabei m\u00f6chten wir das Fachhandwerk stark unterst\u00fctzen.\u201c Mit der \u201eSto Klimapartnerschaft\u201c hat sein Unternehmen eine Bauherren-Info-Kampagne gestartet. Die Pr\u00e4sentation nachhaltiger Produkte ist nur ein Baustein. \u201eMit dem Energiesparrechner zeigen Handwerker ihren Auftraggebern schnell und nachvollziehbar, welchen \u00f6kologischen und welchen \u00f6konomischen Nutzen eine energetische Fassadensanierung bei ihrem Objekt bringt\u201c, erkl\u00e4rt R\u00f6hr. Der F\u00f6rdermittelrechner hilft, die passenden Finanzierungsmodelle zu finden.<\/p>\n<p>Als langfristigen Gewinn f\u00fcr die Partner im Handwerk sieht R\u00f6hr, dass sich diese Betriebe in der Region als kompetente Experten f\u00fcr nachhaltiges Bauen und Sanieren etablieren. Das sichert heute schon die Auftr\u00e4ge von morgen \u2013 und macht den Betrieb attraktiv als Arbeitgeber und Ausbildungsstelle.<\/p>\n<p>&nbsp;<\/p>\n<hr \/>\n<p>&nbsp;<\/p>\n<p><a href=\"http:\/\/www.pr-neu.de\/newsroom\/wordpress\/wp-content\/uploads\/2023\/09\/23_31_Roehr_G-scaled.jpg\"><img loading=\"lazy\" decoding=\"async\" class=\"size-medium wp-image-16096 aligncenter\" src=\"http:\/\/www.pr-neu.de\/newsroom\/wordpress\/wp-content\/uploads\/2023\/09\/23_31_Roehr_G-300x200.jpg\" alt=\"\" width=\"300\" height=\"200\" srcset=\"https:\/\/www.pr-neu.de\/newsroom\/wordpress\/wp-content\/uploads\/2023\/09\/23_31_Roehr_G-300x200.jpg 300w, https:\/\/www.pr-neu.de\/newsroom\/wordpress\/wp-content\/uploads\/2023\/09\/23_31_Roehr_G-1024x683.jpg 1024w, https:\/\/www.pr-neu.de\/newsroom\/wordpress\/wp-content\/uploads\/2023\/09\/23_31_Roehr_G-768x512.jpg 768w, https:\/\/www.pr-neu.de\/newsroom\/wordpress\/wp-content\/uploads\/2023\/09\/23_31_Roehr_G-1536x1024.jpg 1536w, https:\/\/www.pr-neu.de\/newsroom\/wordpress\/wp-content\/uploads\/2023\/09\/23_31_Roehr_G-2048x1366.jpg 2048w, https:\/\/www.pr-neu.de\/newsroom\/wordpress\/wp-content\/uploads\/2023\/09\/23_31_Roehr_G-110x73.jpg 110w, https:\/\/www.pr-neu.de\/newsroom\/wordpress\/wp-content\/uploads\/2023\/09\/23_31_Roehr_G-420x280.jpg 420w, https:\/\/www.pr-neu.de\/newsroom\/wordpress\/wp-content\/uploads\/2023\/09\/23_31_Roehr_G-645x430.jpg 645w\" sizes=\"auto, (max-width: 300px) 100vw, 300px\" \/><\/a><\/p>\n<p style=\"text-align: center;\">\u201eBauherren wollen immer h\u00e4ufiger ausf\u00fchrliche Informationen \u00fcber die Umweltvertr\u00e4glichkeit der eingesetzten Baustoffe. Unseren Sto Klimapartnern stellen wir diese Infos bereit\u201c, sagt Sto-Vertriebschef Heiner R\u00f6hr.<br \/>\nBild: Martin Baitinger \/ Sto SE &amp; Co. KGaA<\/p>\n<p>&nbsp;<\/p>\n<p><a href=\"http:\/\/www.pr-neu.de\/newsroom\/wordpress\/wp-content\/uploads\/2023\/09\/23_31_Beratung_G-scaled.jpg\"><img loading=\"lazy\" decoding=\"async\" class=\"aligncenter size-medium wp-image-16097\" src=\"http:\/\/www.pr-neu.de\/newsroom\/wordpress\/wp-content\/uploads\/2023\/09\/23_31_Beratung_G-300x200.jpg\" alt=\"\" width=\"300\" height=\"200\" srcset=\"https:\/\/www.pr-neu.de\/newsroom\/wordpress\/wp-content\/uploads\/2023\/09\/23_31_Beratung_G-300x200.jpg 300w, https:\/\/www.pr-neu.de\/newsroom\/wordpress\/wp-content\/uploads\/2023\/09\/23_31_Beratung_G-1024x682.jpg 1024w, https:\/\/www.pr-neu.de\/newsroom\/wordpress\/wp-content\/uploads\/2023\/09\/23_31_Beratung_G-768x512.jpg 768w, https:\/\/www.pr-neu.de\/newsroom\/wordpress\/wp-content\/uploads\/2023\/09\/23_31_Beratung_G-1536x1023.jpg 1536w, https:\/\/www.pr-neu.de\/newsroom\/wordpress\/wp-content\/uploads\/2023\/09\/23_31_Beratung_G-2048x1365.jpg 2048w, https:\/\/www.pr-neu.de\/newsroom\/wordpress\/wp-content\/uploads\/2023\/09\/23_31_Beratung_G-110x73.jpg 110w, https:\/\/www.pr-neu.de\/newsroom\/wordpress\/wp-content\/uploads\/2023\/09\/23_31_Beratung_G-420x280.jpg 420w, https:\/\/www.pr-neu.de\/newsroom\/wordpress\/wp-content\/uploads\/2023\/09\/23_31_Beratung_G-645x430.jpg 645w\" sizes=\"auto, (max-width: 300px) 100vw, 300px\" \/><\/a><\/p>\n<p style=\"text-align: center;\">Mit sachgerechter Aufkl\u00e4rung lassen sich Bauherren davon \u00fcberzeugen, umweltfreundlicher zu bauen und zu sanieren.<br \/>\nBild: Sto SE &amp; Co. KGaA<\/p>\n<p>&nbsp;<\/p>\n<hr \/>\n<p>&nbsp;<\/p>\n<p>Abdruck honorarfrei, Belegexemplar erbeten<\/p>\n","protected":false},"excerpt":{"rendered":"<p>Sto unterst\u00fctzt Fachhandwerker mit nachhaltigen Produkten und Info-Material<\/p>\n","protected":false},"author":9,"featured_media":16097,"comment_status":"closed","ping_status":"open","sticky":false,"template":"","format":"standard","meta":{"footnotes":""},"categories":[15],"tags":[367,1935,504,599,611],"class_list":["post-16095","post","type-post","status-publish","format-standard","has-post-thumbnail","hentry","category-sto","tag-nachhaltigkeit","tag-service","tag-sto-2","tag-umwelt","tag-vertrieb"],"_links":{"self":[{"href":"https:\/\/www.pr-neu.de\/newsroom\/wp-json\/wp\/v2\/posts\/16095","targetHints":{"allow":["GET"]}}],"collection":[{"href":"https:\/\/www.pr-neu.de\/newsroom\/wp-json\/wp\/v2\/posts"}],"about":[{"href":"https:\/\/www.pr-neu.de\/newsroom\/wp-json\/wp\/v2\/types\/post"}],"author":[{"embeddable":true,"href":"https:\/\/www.pr-neu.de\/newsroom\/wp-json\/wp\/v2\/users\/9"}],"replies":[{"embeddable":true,"href":"https:\/\/www.pr-neu.de\/newsroom\/wp-json\/wp\/v2\/comments?post=16095"}],"version-history":[{"count":3,"href":"https:\/\/www.pr-neu.de\/newsroom\/wp-json\/wp\/v2\/posts\/16095\/revisions"}],"predecessor-version":[{"id":16101,"href":"https:\/\/www.pr-neu.de\/newsroom\/wp-json\/wp\/v2\/posts\/16095\/revisions\/16101"}],"wp:featuredmedia":[{"embeddable":true,"href":"https:\/\/www.pr-neu.de\/newsroom\/wp-json\/wp\/v2\/media\/16097"}],"wp:attachment":[{"href":"https:\/\/www.pr-neu.de\/newsroom\/wp-json\/wp\/v2\/media?parent=16095"}],"wp:term":[{"taxonomy":"category","embeddable":true,"href":"https:\/\/www.pr-neu.de\/newsroom\/wp-json\/wp\/v2\/categories?post=16095"},{"taxonomy":"post_tag","embeddable":true,"href":"https:\/\/www.pr-neu.de\/newsroom\/wp-json\/wp\/v2\/tags?post=16095"}],"curies":[{"name":"wp","href":"https:\/\/api.w.org\/{rel}","templated":true}]}}