{"id":16081,"date":"2023-09-05T10:15:17","date_gmt":"2023-09-05T08:15:17","guid":{"rendered":"https:\/\/www.pr-neu.de\/newsroom\/?p=16081"},"modified":"2023-09-05T11:32:59","modified_gmt":"2023-09-05T09:32:59","slug":"balkone-bruestung-und-boden-beispielhaft-saniert","status":"publish","type":"post","link":"https:\/\/www.pr-neu.de\/newsroom\/balkone-bruestung-und-boden-beispielhaft-saniert\/","title":{"rendered":"Balkone: Br\u00fcstung und Boden beispielhaft saniert"},"content":{"rendered":"<p><span style=\"text-decoration: underline;\">Sanierung in Hanau: Fassade und Balkone wieder up to date<\/span><\/p>\n<p><strong>F\u00fcr eine dauerhafte Sanierung von Balkonen sind auf das Bauteil abgestimmte Baustoffe notwendig \u2013 die vertikalen Fl\u00e4chen stellen andere Anforderungen als die horizontalen. Wie die Instandsetzung aus einer Hand gelingt, zeigt jetzt ein Projekt in Hanau: Ein gro\u00dfer Wohnkomplex im Nordwesten war umfangreich zu sanieren, insbesondere Wasser\u00adsch\u00e4den hatten ihre Spuren hinterlassen. Passende Beton-Sanierungssysteme von StoCretec sorgen jetzt daf\u00fcr, dass das Bauwerk langfristig intakt bleibt. Mit der Gestaltung durch StoDesign und der Fassadensanierung mit Sto gab es sogar insgesamt eine \u201eAlles-aus-einer-Hand\u201c-L\u00f6sung.<\/strong><\/p>\n<p><strong>\u00a0<\/strong>Die Anlage in Hanau mit 206 Wohnungen stammt aus der zweiten H\u00e4lfte der 1960er Jahre. \u00dcber die Zeit waren insbeson\u00addere massive Sch\u00e4den an den Beton-B\u00f6den und -Br\u00fcstungen der Balkone aufgetreten. Ihre Sanierung erfolgte mit auf die Bauteile abgestimmten Systeml\u00f6sungen.<\/p>\n<p><strong>Schnelles Beschichtungssystem f\u00fcr Balkonb\u00f6den<\/strong><\/p>\n<p>Die Balkonb\u00f6den erhielten das schnelle Beschichtungssystem StoFloor Balcony Waterproof DL 300 von StoCretec. Es ist eine direkt begehbare Abdichtung f\u00fcr Balkone mit einer PMMA\/PUR-Materialkombination. Das polyurethan-elastifizierte Material ist selbst unter extremen Umwelteinfl\u00fcssen dauerelastisch. Die Abdichtung im StoFloor Balcony Waterproof DL 300 Balkon\u00adsystem entspricht der h\u00f6chsten Stufe der Nutzungskategorie nach ETAG 005, z. B. im Hinblick auf Nutzungsdauer W3 (25 Jahre), Klimazonen und Temperaturbest\u00e4ndigkeit. Die Anforderungen an Balkonabdichtungen gem\u00e4\u00df DIN 18531-5 f\u00fcr direkt und indirekt begehbare Abdichtungen werden erf\u00fcllt. Ein zus\u00e4tzliches Plus ist die Versiegelung StoPma DL 300 transparent. Sie erm\u00f6glicht die optische Gestaltung mit farbigen Acrylat-Chips und sorgt f\u00fcr eine verbesserte Reinigungsf\u00e4higkeit. Die Versiegelung ist UV-stabil und witterungsbest\u00e4ndig.<\/p>\n<p><strong>Beton instandsetzen und sch\u00fctzen<\/strong><\/p>\n<p>F\u00fcr die Sanierung der Balkonbr\u00fcstungen und -untersichten kamen diverse Instandsetzungsm\u00f6rtel von StoCretec zum Einsatz. Unter anderem setzte der Fachverarbeiter StoConcrete Repair Prime SM ein. Das System besteht aus Korrosionsschutz und Schnellreparaturm\u00f6rtel. Die Materialien eignen sich f\u00fcr vertikale Fl\u00e4chen und Fl\u00e4chen \u00fcber Kopf.<\/p>\n<p>F\u00fcr Langlebigkeit sorgt das Oberfl\u00e4chenschutzsystem StoConcrete Protect V mit der matten Beschichtung StoCryl V 200. Es verhindert die Aufnahme von Wasser und Kohlendioxid in den Beton und sch\u00fctzt die Br\u00fcstung so vor neuen Sch\u00e4den. Die Wasserdampfdurchl\u00e4ssigkeit wird dabei nicht eingeschr\u00e4nkt.<\/p>\n<p>StoDesign Rhein-Main erstellte die Farbkonzeptionen f\u00fcr das Bauvorhaben. Diese Konzepte entstehen in enger Absprache mit Bauherren und Planern. Anhand eines computeranimierten Renderings sieht der Bauherr schon in der Planungsphase, wie das Bauvorhaben sp\u00e4ter aussehen wird.<\/p>\n<p>Das Farbkonzept umfasste die gesamte Fassade, in der die Gestaltung der Balkone nur ein Aspekt war. F\u00fcr den Neuanstrich der Fassade kam die bionische Fassadenfarbe StoColor Dryonic zum Einsatz, so dass das Gesamtprojekt aus einer Hand betreut wurde \u2013 eine technisch in sich stimmige und effiziente L\u00f6sung.<\/p>\n<p>&nbsp;<\/p>\n<hr \/>\n<p>&nbsp;<\/p>\n<p><strong>Bautafel<\/strong><\/p>\n<p>Objekt: Gro\u00dfwohnkomplex, Hanau<\/p>\n<p>Bauherr: Schlag Immobilien GmbH, Hanau<\/p>\n<p>Planer: IBF GmbH, M\u00fchlheim\/Main<\/p>\n<p>Verarbeiter: BETOS GmbH, Gelnhausen<\/p>\n<p>Mensinger GmbH Malerwerkst\u00e4tten, Frankfurt<\/p>\n<p>Farbkonzept: StoDesign, Rhein-Main<\/p>\n<p><strong>StoCretec-Kompetenzen:<\/strong><\/p>\n<p><u>Balkonbeschichtung<\/u>:<\/p>\n<p>StoFloor Balcony Waterproof DL 300, Variante Design<\/p>\n<p>Grundierung: StoPma GH 300<\/p>\n<p>Abdichtung: StoPma EZ 300<\/p>\n<p>Verlaufsbeschichtung: StoPma EB 300 + StoQuarz AS<\/p>\n<p>Beschichtung: StoPma DL 300<\/p>\n<p>Einstreuung: StoChips 1 mm, grau<\/p>\n<p>Versiegelung: StoPma DL 300 transparent<\/p>\n<p><u>Betonschutz<\/u>: StoConcrete Protect V<\/p>\n<p>Grundierung: StoCryl GQ<\/p>\n<p>Feinspachtel: StoCrete TF 204<\/p>\n<p>Beschichtung: StoCryl V 200<\/p>\n<p><u>Betoninstandsetzung<\/u>:<\/p>\n<p>Korrosionsschutz: StoCrete TK<\/p>\n<p>Haftbr\u00fccke: StoCrete TH 200<\/p>\n<p>Instandsetzungsm\u00f6rtel: StoCrete TG 203<\/p>\n<p>Schnellreparaturm\u00f6rtel: StoCrete SM und StoCrete SM P<\/p>\n<p>Instandsetzungsm\u00f6rtel: StoPox M\u00f6rtel standfest<\/p>\n<p>&nbsp;<\/p>\n<hr \/>\n<p>&nbsp;<\/p>\n<figure id=\"attachment_16082\" aria-describedby=\"caption-attachment-16082\" style=\"width: 200px\" class=\"wp-caption aligncenter\"><a href=\"http:\/\/www.pr-neu.de\/newsroom\/wordpress\/wp-content\/uploads\/2023\/08\/23-09_Wohnkomplex_Hanau_1_K.jpg\" target=\"_blank\" rel=\"noopener\"><img loading=\"lazy\" decoding=\"async\" class=\"wp-image-16082 size-medium\" src=\"http:\/\/www.pr-neu.de\/newsroom\/wordpress\/wp-content\/uploads\/2023\/08\/23-09_Wohnkomplex_Hanau_1_K-200x300.jpg\" alt=\"\" width=\"200\" height=\"300\" srcset=\"https:\/\/www.pr-neu.de\/newsroom\/wordpress\/wp-content\/uploads\/2023\/08\/23-09_Wohnkomplex_Hanau_1_K-200x300.jpg 200w, https:\/\/www.pr-neu.de\/newsroom\/wordpress\/wp-content\/uploads\/2023\/08\/23-09_Wohnkomplex_Hanau_1_K-683x1024.jpg 683w, https:\/\/www.pr-neu.de\/newsroom\/wordpress\/wp-content\/uploads\/2023\/08\/23-09_Wohnkomplex_Hanau_1_K-768x1152.jpg 768w, https:\/\/www.pr-neu.de\/newsroom\/wordpress\/wp-content\/uploads\/2023\/08\/23-09_Wohnkomplex_Hanau_1_K-1024x1536.jpg 1024w, https:\/\/www.pr-neu.de\/newsroom\/wordpress\/wp-content\/uploads\/2023\/08\/23-09_Wohnkomplex_Hanau_1_K-1365x2048.jpg 1365w, https:\/\/www.pr-neu.de\/newsroom\/wordpress\/wp-content\/uploads\/2023\/08\/23-09_Wohnkomplex_Hanau_1_K-73x110.jpg 73w, https:\/\/www.pr-neu.de\/newsroom\/wordpress\/wp-content\/uploads\/2023\/08\/23-09_Wohnkomplex_Hanau_1_K-280x420.jpg 280w, https:\/\/www.pr-neu.de\/newsroom\/wordpress\/wp-content\/uploads\/2023\/08\/23-09_Wohnkomplex_Hanau_1_K-287x430.jpg 287w, https:\/\/www.pr-neu.de\/newsroom\/wordpress\/wp-content\/uploads\/2023\/08\/23-09_Wohnkomplex_Hanau_1_K.jpg 1600w\" sizes=\"auto, (max-width: 200px) 100vw, 200px\" \/><\/a><figcaption id=\"caption-attachment-16082\" class=\"wp-caption-text\">Die Balkonbr\u00fcstungen und -untersichten wurden unter anderem mit dem Schnellreparaturm\u00f6rtel StoCrete SM instandgesetzt.<\/figcaption><\/figure>\n<p>&nbsp;<\/p>\n<figure id=\"attachment_16085\" aria-describedby=\"caption-attachment-16085\" style=\"width: 200px\" class=\"wp-caption aligncenter\"><a href=\"http:\/\/www.pr-neu.de\/newsroom\/wordpress\/wp-content\/uploads\/2023\/08\/23-09_Wohnkomplex_Hanau_2_K-2.jpg\" target=\"_blank\" rel=\"noopener\"><img loading=\"lazy\" decoding=\"async\" class=\"wp-image-16085 size-medium\" src=\"http:\/\/www.pr-neu.de\/newsroom\/wordpress\/wp-content\/uploads\/2023\/08\/23-09_Wohnkomplex_Hanau_2_K-2-200x300.jpg\" alt=\"\" width=\"200\" height=\"300\" srcset=\"https:\/\/www.pr-neu.de\/newsroom\/wordpress\/wp-content\/uploads\/2023\/08\/23-09_Wohnkomplex_Hanau_2_K-2-200x300.jpg 200w, https:\/\/www.pr-neu.de\/newsroom\/wordpress\/wp-content\/uploads\/2023\/08\/23-09_Wohnkomplex_Hanau_2_K-2-683x1024.jpg 683w, https:\/\/www.pr-neu.de\/newsroom\/wordpress\/wp-content\/uploads\/2023\/08\/23-09_Wohnkomplex_Hanau_2_K-2-768x1151.jpg 768w, https:\/\/www.pr-neu.de\/newsroom\/wordpress\/wp-content\/uploads\/2023\/08\/23-09_Wohnkomplex_Hanau_2_K-2-1025x1536.jpg 1025w, https:\/\/www.pr-neu.de\/newsroom\/wordpress\/wp-content\/uploads\/2023\/08\/23-09_Wohnkomplex_Hanau_2_K-2-1366x2048.jpg 1366w, https:\/\/www.pr-neu.de\/newsroom\/wordpress\/wp-content\/uploads\/2023\/08\/23-09_Wohnkomplex_Hanau_2_K-2-73x110.jpg 73w, https:\/\/www.pr-neu.de\/newsroom\/wordpress\/wp-content\/uploads\/2023\/08\/23-09_Wohnkomplex_Hanau_2_K-2-280x420.jpg 280w, https:\/\/www.pr-neu.de\/newsroom\/wordpress\/wp-content\/uploads\/2023\/08\/23-09_Wohnkomplex_Hanau_2_K-2-287x430.jpg 287w, https:\/\/www.pr-neu.de\/newsroom\/wordpress\/wp-content\/uploads\/2023\/08\/23-09_Wohnkomplex_Hanau_2_K-2.jpg 1601w\" sizes=\"auto, (max-width: 200px) 100vw, 200px\" \/><\/a><figcaption id=\"caption-attachment-16085\" class=\"wp-caption-text\">Beschichtet mit StoCryl V 200 sind die sanierten Br\u00fcstungen gegen Wasser und Schadstoffe dauerhaft gesch\u00fctzt.<\/figcaption><\/figure>\n<p>&nbsp;<\/p>\n<figure id=\"attachment_16087\" aria-describedby=\"caption-attachment-16087\" style=\"width: 300px\" class=\"wp-caption aligncenter\"><a href=\"http:\/\/www.pr-neu.de\/newsroom\/wordpress\/wp-content\/uploads\/2023\/08\/23-09_Wohnkomplex_Hanau_3_K-1.jpg\" target=\"_blank\" rel=\"noopener\"><img loading=\"lazy\" decoding=\"async\" class=\"wp-image-16087 size-medium\" src=\"http:\/\/www.pr-neu.de\/newsroom\/wordpress\/wp-content\/uploads\/2023\/08\/23-09_Wohnkomplex_Hanau_3_K-1-300x188.jpg\" alt=\"\" width=\"300\" height=\"188\" srcset=\"https:\/\/www.pr-neu.de\/newsroom\/wordpress\/wp-content\/uploads\/2023\/08\/23-09_Wohnkomplex_Hanau_3_K-1-300x188.jpg 300w, https:\/\/www.pr-neu.de\/newsroom\/wordpress\/wp-content\/uploads\/2023\/08\/23-09_Wohnkomplex_Hanau_3_K-1-1024x640.jpg 1024w, https:\/\/www.pr-neu.de\/newsroom\/wordpress\/wp-content\/uploads\/2023\/08\/23-09_Wohnkomplex_Hanau_3_K-1-768x480.jpg 768w, https:\/\/www.pr-neu.de\/newsroom\/wordpress\/wp-content\/uploads\/2023\/08\/23-09_Wohnkomplex_Hanau_3_K-1-1536x960.jpg 1536w, https:\/\/www.pr-neu.de\/newsroom\/wordpress\/wp-content\/uploads\/2023\/08\/23-09_Wohnkomplex_Hanau_3_K-1-2048x1280.jpg 2048w, https:\/\/www.pr-neu.de\/newsroom\/wordpress\/wp-content\/uploads\/2023\/08\/23-09_Wohnkomplex_Hanau_3_K-1-110x69.jpg 110w, https:\/\/www.pr-neu.de\/newsroom\/wordpress\/wp-content\/uploads\/2023\/08\/23-09_Wohnkomplex_Hanau_3_K-1-420x263.jpg 420w, https:\/\/www.pr-neu.de\/newsroom\/wordpress\/wp-content\/uploads\/2023\/08\/23-09_Wohnkomplex_Hanau_3_K-1-688x430.jpg 688w\" sizes=\"auto, (max-width: 300px) 100vw, 300px\" \/><\/a><figcaption id=\"caption-attachment-16087\" class=\"wp-caption-text\">Der Wohnkomplex in Hanau wurde umfassend instandgesetzt. StoDesign erstellte das Farbkonzept, die Produkte f\u00fcr die Balkon- und Fassadensanierung lieferten StoCretec und Sto.<\/figcaption><\/figure>\n<p style=\"text-align: center;\">Bilder: StoCretec GmbH<\/p>\n<p>&nbsp;<\/p>\n<hr \/>\n<p>&nbsp;<\/p>\n<p>Abdruck honorarfrei, Belegexemplar erbeten<\/p>\n","protected":false},"excerpt":{"rendered":"<p>Zur Sanierung eines Hochhaus in Hanau kamen Spezial-L\u00f6sungen aus einer Hand: M\u00f6rtel von StoCretec, die f\u00fcr die jeweilige Aufgabe optimiert sind. Auch die Fassade erhielt einen neuen Anstrich, ebenfalls mit einer modernen Beschichtung: StoColor Dryonic sch\u00fctzt die Fassade nun mit bionischem Wirkprinzip vor Feuchtesch\u00e4den.<\/p>\n","protected":false},"author":9,"featured_media":16115,"comment_status":"closed","ping_status":"open","sticky":false,"template":"","format":"standard","meta":{"footnotes":""},"categories":[16],"tags":[2595,83,2597,2561,1987,516],"class_list":["post-16081","post","type-post","status-publish","format-standard","has-post-thumbnail","hentry","category-stocretec","tag-balkone","tag-beton","tag-bruestung","tag-fassadensanierung","tag-instandsetzung","tag-stocretec"],"_links":{"self":[{"href":"https:\/\/www.pr-neu.de\/newsroom\/wp-json\/wp\/v2\/posts\/16081","targetHints":{"allow":["GET"]}}],"collection":[{"href":"https:\/\/www.pr-neu.de\/newsroom\/wp-json\/wp\/v2\/posts"}],"about":[{"href":"https:\/\/www.pr-neu.de\/newsroom\/wp-json\/wp\/v2\/types\/post"}],"author":[{"embeddable":true,"href":"https:\/\/www.pr-neu.de\/newsroom\/wp-json\/wp\/v2\/users\/9"}],"replies":[{"embeddable":true,"href":"https:\/\/www.pr-neu.de\/newsroom\/wp-json\/wp\/v2\/comments?post=16081"}],"version-history":[{"count":9,"href":"https:\/\/www.pr-neu.de\/newsroom\/wp-json\/wp\/v2\/posts\/16081\/revisions"}],"predecessor-version":[{"id":16114,"href":"https:\/\/www.pr-neu.de\/newsroom\/wp-json\/wp\/v2\/posts\/16081\/revisions\/16114"}],"wp:featuredmedia":[{"embeddable":true,"href":"https:\/\/www.pr-neu.de\/newsroom\/wp-json\/wp\/v2\/media\/16115"}],"wp:attachment":[{"href":"https:\/\/www.pr-neu.de\/newsroom\/wp-json\/wp\/v2\/media?parent=16081"}],"wp:term":[{"taxonomy":"category","embeddable":true,"href":"https:\/\/www.pr-neu.de\/newsroom\/wp-json\/wp\/v2\/categories?post=16081"},{"taxonomy":"post_tag","embeddable":true,"href":"https:\/\/www.pr-neu.de\/newsroom\/wp-json\/wp\/v2\/tags?post=16081"}],"curies":[{"name":"wp","href":"https:\/\/api.w.org\/{rel}","templated":true}]}}