{"id":16073,"date":"2023-08-24T13:16:35","date_gmt":"2023-08-24T11:16:35","guid":{"rendered":"https:\/\/www.pr-neu.de\/newsroom\/?p=16073"},"modified":"2023-08-24T13:16:35","modified_gmt":"2023-08-24T11:16:35","slug":"hanno-erstmals-auf-der-messe-modularesbauen","status":"publish","type":"post","link":"https:\/\/www.pr-neu.de\/newsroom\/hanno-erstmals-auf-der-messe-modularesbauen\/","title":{"rendered":"Hanno erstmals auf der Messe modularesBauen"},"content":{"rendered":"<p><u>Messe modularesBauen: 5. &#8211; 6. September 2023, Aachen<\/u><\/p>\n<p><strong>Der Dicht- und D\u00e4mmspezialist Hanno pr\u00e4sentiert erstmals auf der modularesBauen 2023 seine innovative Produktpalette. Die Kongressmesse f\u00fcr den Modulbau findet vom 5. &#8211; 6. September im Technologiezentrum Aachen statt.<\/strong><\/p>\n<p>Hanno nimmt erstmals an der modularesBauen vom 5. &#8211; 6. September 2023 in Aachen teil. Damit \u00f6ffnet sich das Unternehmen neuen potentiellen Partnern. Modulares Bauen und der Modulbau gewinnen immer mehr an Bedeutung \u2013 beim Bau von Kitas und Schulen, wie auch im Wohnungsbau. Hanno bietet mit seinen technisch ausgereiften D\u00e4mm- und Dichtb\u00e4ndern optimale L\u00f6sungen f\u00fcr die unterschiedlichsten Anforderungen \u2013 auch zur Abdichtung von Fugen im Metall-Leichtbau. Beispielsweise erf\u00fcllt das Hannoband-BG1 f\u00fcr langfristig abgedichtete Dehn- und Anschlussfugen die Anforderungen gem\u00e4\u00df DIN 18542:2020 der Beanspruchungsgruppe BG1 f\u00fcr freibewitterte Anwendungen. Es dichtet hoch beanspruchte Prim\u00e4r- und Kreuzfugen im Fassaden- und Fensterbau langfristig ab \u2013 ausgezeichnet mit dem RAL G\u00fctezeichen f\u00fcr Fugendichtungskomponenten und -systeme. Das Hannoband-BG2 eignet sich zur Fugendichtung bei nicht direkter Bewitterung gem\u00e4\u00df Beanspruchungsgruppe 2 der DIN 18542:2009. Mit dem \u2013 je nach Fugenma\u00df MF1\/MF2 zertifizierten \u2013 Multifunktionsband Hannoband-3E Easy lassen sich Fugen rund ums Fenster schnell, einfach und normgerecht abdichten. Das \u201eAll-in-One\u201c-Band ist vielseitig einsetzbar, deckt nahezu alle Fugenbreiten ab und eignet sich so optimal f\u00fcr den Modulbau.<\/p>\n<p>Das patentierte und bew\u00e4hrte Hanno-Folienband DUO Easy 240 ist ein vollfl\u00e4chig klebendes Folienband aus einer modifizierten Polyamid-Folien\/Vlies-Kombination. Es ist feuchtevariabel und erm\u00f6glicht so ein optimales Feuchtemanagement \u2013 innen sowie au\u00dfen. Das Hanno-Folienband FA Easy Soft ist die innovative Weiterentwicklung des bew\u00e4hrten FA Easy. Das besonders weiche Vlies erm\u00f6glicht eine erleichterte Verarbeitung in Eckbereichen und bei \u00dcberg\u00e4ngen. Es ist vollfl\u00e4chig selbstklebend und haftet noch st\u00e4rker am Bauk\u00f6rper.<\/p>\n<p>&nbsp;<\/p>\n<hr \/>\n<p>&nbsp;<\/p>\n<p><a href=\"http:\/\/www.pr-neu.de\/newsroom\/wordpress\/wp-content\/uploads\/2023\/08\/23-20_modularesBAUEN_Ankuendigung.jpg\" target=\"_blank\" rel=\"noopener\"><img loading=\"lazy\" decoding=\"async\" class=\"aligncenter wp-image-16074 size-medium\" src=\"http:\/\/www.pr-neu.de\/newsroom\/wordpress\/wp-content\/uploads\/2023\/08\/23-20_modularesBAUEN_Ankuendigung-300x100.jpg\" alt=\"\" width=\"300\" height=\"100\" srcset=\"https:\/\/www.pr-neu.de\/newsroom\/wordpress\/wp-content\/uploads\/2023\/08\/23-20_modularesBAUEN_Ankuendigung-300x100.jpg 300w, https:\/\/www.pr-neu.de\/newsroom\/wordpress\/wp-content\/uploads\/2023\/08\/23-20_modularesBAUEN_Ankuendigung-768x255.jpg 768w, https:\/\/www.pr-neu.de\/newsroom\/wordpress\/wp-content\/uploads\/2023\/08\/23-20_modularesBAUEN_Ankuendigung-110x37.jpg 110w, https:\/\/www.pr-neu.de\/newsroom\/wordpress\/wp-content\/uploads\/2023\/08\/23-20_modularesBAUEN_Ankuendigung-420x140.jpg 420w, https:\/\/www.pr-neu.de\/newsroom\/wordpress\/wp-content\/uploads\/2023\/08\/23-20_modularesBAUEN_Ankuendigung-770x256.jpg 770w, https:\/\/www.pr-neu.de\/newsroom\/wordpress\/wp-content\/uploads\/2023\/08\/23-20_modularesBAUEN_Ankuendigung.jpg 800w\" sizes=\"auto, (max-width: 300px) 100vw, 300px\" \/><\/a><\/p>\n<p style=\"text-align: center;\">Hanno nimmt erstmals an der Fachmesse modularesBauen teil \u2013 5. &#8211; 6. September 2023, Aachen.<br \/>\nBild: TEMA Technologie Marketing AG<\/p>\n<p>&nbsp;<\/p>\n<hr \/>\n<p>&nbsp;<\/p>\n<p>Abdruck honorarfrei, Belegexemplar erbeten<\/p>\n","protected":false},"excerpt":{"rendered":"<p>Der Dicht- und D\u00e4mmspezialist Hanno pr\u00e4sentiert erstmals auf der modularesBauen 2023 seine innovative Produktpalette. Die Kongressmesse f\u00fcr den Modulbau findet vom 5. &#8211; 6. September im Technologiezentrum Aachen statt.<\/p>\n","protected":false},"author":9,"featured_media":16076,"comment_status":"closed","ping_status":"open","sticky":false,"template":"","format":"standard","meta":{"footnotes":""},"categories":[655],"tags":[1743,354,2593,2591],"class_list":["post-16073","post","type-post","status-publish","format-standard","has-post-thumbnail","hentry","category-hanno","tag-hanno","tag-messe","tag-modularesbauen","tag-modulbau"],"_links":{"self":[{"href":"https:\/\/www.pr-neu.de\/newsroom\/wp-json\/wp\/v2\/posts\/16073","targetHints":{"allow":["GET"]}}],"collection":[{"href":"https:\/\/www.pr-neu.de\/newsroom\/wp-json\/wp\/v2\/posts"}],"about":[{"href":"https:\/\/www.pr-neu.de\/newsroom\/wp-json\/wp\/v2\/types\/post"}],"author":[{"embeddable":true,"href":"https:\/\/www.pr-neu.de\/newsroom\/wp-json\/wp\/v2\/users\/9"}],"replies":[{"embeddable":true,"href":"https:\/\/www.pr-neu.de\/newsroom\/wp-json\/wp\/v2\/comments?post=16073"}],"version-history":[{"count":2,"href":"https:\/\/www.pr-neu.de\/newsroom\/wp-json\/wp\/v2\/posts\/16073\/revisions"}],"predecessor-version":[{"id":16077,"href":"https:\/\/www.pr-neu.de\/newsroom\/wp-json\/wp\/v2\/posts\/16073\/revisions\/16077"}],"wp:featuredmedia":[{"embeddable":true,"href":"https:\/\/www.pr-neu.de\/newsroom\/wp-json\/wp\/v2\/media\/16076"}],"wp:attachment":[{"href":"https:\/\/www.pr-neu.de\/newsroom\/wp-json\/wp\/v2\/media?parent=16073"}],"wp:term":[{"taxonomy":"category","embeddable":true,"href":"https:\/\/www.pr-neu.de\/newsroom\/wp-json\/wp\/v2\/categories?post=16073"},{"taxonomy":"post_tag","embeddable":true,"href":"https:\/\/www.pr-neu.de\/newsroom\/wp-json\/wp\/v2\/tags?post=16073"}],"curies":[{"name":"wp","href":"https:\/\/api.w.org\/{rel}","templated":true}]}}