{"id":16068,"date":"2023-08-22T10:00:28","date_gmt":"2023-08-22T08:00:28","guid":{"rendered":"https:\/\/www.pr-neu.de\/newsroom\/?p=16068"},"modified":"2023-08-24T13:19:02","modified_gmt":"2023-08-24T11:19:02","slug":"teckentrup-sagt-bau-2025-ab","status":"publish","type":"post","link":"https:\/\/www.pr-neu.de\/newsroom\/teckentrup-sagt-bau-2025-ab\/","title":{"rendered":"Teckentrup sagt BAU 2025 ab"},"content":{"rendered":"<p>Teckentrup wird nicht als Aussteller auf der BAU 2025 vertreten sein. Als einer der f\u00fchrenden T\u00fcr- und Torhersteller Europas hat das ostwestf\u00e4lische Unternehmen nach reiflicher \u00dcberlegung beschlossen, die Teilnahme an der n\u00e4chsten BAU abzusagen.<\/p>\n<p>\u201eDie BAU 2023 haben wir ver\u00e4ndert zu den Baumessen der vergangenen Jahre wahrgenommen. Die Branche hat sich in M\u00fcnchen getroffen, diskutiert und ausgetauscht. Dem Hauptwunsch unserer bestehenden und potenziellen Partner, nach einem intensiven, pers\u00f6nlich zugeschnittenen Austausch, k\u00f6nnen wir aber zunehmend nur bedingt auf einer Messe nachkommen. Daher werden wir die Kommunikationsstrategie f\u00fcr unsere Partner, deren Teil auch die BAU in M\u00fcnchen war, entsprechend \u00fcberarbeiten\u201c, betont Christian Hanke, Gesch\u00e4ftsleiter Marketing und Vertrieb bei Teckentrup.<\/p>\n<p>Konkret bedeutet dies, dass Teckentrup den begonnenen Prozess der Kundenzentriertheit weiter konsequent fortf\u00fchrt und die W\u00fcnsche und Anforderungen der bestehenden und potenziellen Partner in den Fokus stellt. Hierbei wird die Kundeninteraktionsplattform TEO um weitere durch die Partner definierten Funktionen, speziell im Bereich Service und Marketing, erweitert und ausgebaut. Das st\u00e4rkt, vereinfacht und beschleunigt Teckentrups Zusammenarbeit mit den Kunden.<\/p>\n<p>Auch in der Live-Kommunikation wird das Verler Unternehmen in Zukunft neue Formate ausprobieren und basierend auf dem Kundenfeedback weiterentwickeln. \u201eDiese Formate werden regionaler, individueller und fokussierter auf die Anforderungen der jeweiligen Kundengruppen ausgerichtet sein, umso den mehrwertigen Austausch untereinander noch mehr in den Fokus zu r\u00fccken\u201c, best\u00e4rkt Hanke.<\/p>\n<p>&nbsp;<\/p>\n<hr \/>\n<p>&nbsp;<\/p>\n<p><a href=\"http:\/\/www.pr-neu.de\/newsroom\/wordpress\/wp-content\/uploads\/2023\/08\/23_12_Hanke_K.jpg\" target=\"_blank\" rel=\"noopener\"><img loading=\"lazy\" decoding=\"async\" class=\"wp-image-16069 size-medium aligncenter\" src=\"http:\/\/www.pr-neu.de\/newsroom\/wordpress\/wp-content\/uploads\/2023\/08\/23_12_Hanke_K-212x300.jpg\" alt=\"\" width=\"212\" height=\"300\" srcset=\"https:\/\/www.pr-neu.de\/newsroom\/wordpress\/wp-content\/uploads\/2023\/08\/23_12_Hanke_K-212x300.jpg 212w, https:\/\/www.pr-neu.de\/newsroom\/wordpress\/wp-content\/uploads\/2023\/08\/23_12_Hanke_K-724x1024.jpg 724w, https:\/\/www.pr-neu.de\/newsroom\/wordpress\/wp-content\/uploads\/2023\/08\/23_12_Hanke_K-768x1086.jpg 768w, https:\/\/www.pr-neu.de\/newsroom\/wordpress\/wp-content\/uploads\/2023\/08\/23_12_Hanke_K-1087x1536.jpg 1087w, https:\/\/www.pr-neu.de\/newsroom\/wordpress\/wp-content\/uploads\/2023\/08\/23_12_Hanke_K-1449x2048.jpg 1449w, https:\/\/www.pr-neu.de\/newsroom\/wordpress\/wp-content\/uploads\/2023\/08\/23_12_Hanke_K-78x110.jpg 78w, https:\/\/www.pr-neu.de\/newsroom\/wordpress\/wp-content\/uploads\/2023\/08\/23_12_Hanke_K-297x420.jpg 297w, https:\/\/www.pr-neu.de\/newsroom\/wordpress\/wp-content\/uploads\/2023\/08\/23_12_Hanke_K-304x430.jpg 304w, https:\/\/www.pr-neu.de\/newsroom\/wordpress\/wp-content\/uploads\/2023\/08\/23_12_Hanke_K.jpg 1698w\" sizes=\"auto, (max-width: 212px) 100vw, 212px\" \/><\/a><\/p>\n<p style=\"text-align: center;\">Christian Hanke<br \/>\n(Gesch\u00e4ftsleiter Marketing und Vertrieb, Teckentrup)<br \/>\nBild: Teckentrup<\/p>\n<hr \/>\n<p>&nbsp;<\/p>\n<p>Abdruck honorarfrei, Belegexemplar erbeten<\/p>\n","protected":false},"excerpt":{"rendered":"<p>Teckentrup wird nicht als Aussteller auf der BAU 2025 vertreten sein. Als einer der f\u00fchrenden T\u00fcr- und Torhersteller Europas hat das ostwestf\u00e4lische Unternehmen nach reiflicher \u00dcberlegung beschlossen, die Teilnahme an der n\u00e4chsten BAU abzusagen.<\/p>\n","protected":false},"author":9,"featured_media":16078,"comment_status":"closed","ping_status":"open","sticky":false,"template":"","format":"standard","meta":{"footnotes":""},"categories":[18],"tags":[73,354,565],"class_list":["post-16068","post","type-post","status-publish","format-standard","has-post-thumbnail","hentry","category-teckentrup","tag-bau","tag-messe","tag-teckentrup"],"_links":{"self":[{"href":"https:\/\/www.pr-neu.de\/newsroom\/wp-json\/wp\/v2\/posts\/16068","targetHints":{"allow":["GET"]}}],"collection":[{"href":"https:\/\/www.pr-neu.de\/newsroom\/wp-json\/wp\/v2\/posts"}],"about":[{"href":"https:\/\/www.pr-neu.de\/newsroom\/wp-json\/wp\/v2\/types\/post"}],"author":[{"embeddable":true,"href":"https:\/\/www.pr-neu.de\/newsroom\/wp-json\/wp\/v2\/users\/9"}],"replies":[{"embeddable":true,"href":"https:\/\/www.pr-neu.de\/newsroom\/wp-json\/wp\/v2\/comments?post=16068"}],"version-history":[{"count":2,"href":"https:\/\/www.pr-neu.de\/newsroom\/wp-json\/wp\/v2\/posts\/16068\/revisions"}],"predecessor-version":[{"id":16071,"href":"https:\/\/www.pr-neu.de\/newsroom\/wp-json\/wp\/v2\/posts\/16068\/revisions\/16071"}],"wp:featuredmedia":[{"embeddable":true,"href":"https:\/\/www.pr-neu.de\/newsroom\/wp-json\/wp\/v2\/media\/16078"}],"wp:attachment":[{"href":"https:\/\/www.pr-neu.de\/newsroom\/wp-json\/wp\/v2\/media?parent=16068"}],"wp:term":[{"taxonomy":"category","embeddable":true,"href":"https:\/\/www.pr-neu.de\/newsroom\/wp-json\/wp\/v2\/categories?post=16068"},{"taxonomy":"post_tag","embeddable":true,"href":"https:\/\/www.pr-neu.de\/newsroom\/wp-json\/wp\/v2\/tags?post=16068"}],"curies":[{"name":"wp","href":"https:\/\/api.w.org\/{rel}","templated":true}]}}