{"id":16064,"date":"2023-09-12T08:00:53","date_gmt":"2023-09-12T06:00:53","guid":{"rendered":"https:\/\/www.pr-neu.de\/newsroom\/?p=16064"},"modified":"2023-09-06T13:53:59","modified_gmt":"2023-09-06T11:53:59","slug":"mit-hanno-zum-qualifizierten-ral-fachmonteur","status":"publish","type":"post","link":"https:\/\/www.pr-neu.de\/newsroom\/mit-hanno-zum-qualifizierten-ral-fachmonteur\/","title":{"rendered":"Mit Hanno zum qualifizierten RAL-Fachmonteur"},"content":{"rendered":"<p><u>Fachmonteur\/in Fugenabdichtung \u2013 Fenster und Haust\u00fcren<\/u><\/p>\n<p><strong>Die G\u00fctegemeinschaft Geb\u00e4udeabdichtungssysteme e. V. bietet zuk\u00fcnftig ein Ausbildungs-Konzept mit RAL-Qualifizierung an. Der Abschluss ist die Qualifikation als \u201eFachmonteur\/in Fugenabdichtung \u2013 Fenster und Haust\u00fcren\u201c. Hanno gibt als Mitglied der G\u00fctegemeinschaft sein Know-how in Theorie und Praxis an Verarbeiter weiter.<\/strong><\/p>\n<p>Die G\u00fctegemeinschaft Geb\u00e4udeabdichtungssysteme e. V. startet ein Ausbildungs-Konzept aus zwei aufeinander aufbauenden Einheiten mit einem Abschluss an der RAL-Akademie. Monteure f\u00fcr Bauelemente, Verfuger, Planer und Architekten erlangen im Rahmen dieser Schulung die RAL-Qualifizierung als \u201eFachmonteur\/in Fugenabdichtung \u2013 Fenster und Haust\u00fcren\u201c. Teilnehmer m\u00fcssen mindestens zwei Jahre Berufserfahrung nachweisen.<\/p>\n<p>Die erste Ausbildungseinheit l\u00e4uft bei den Mitgliedern der RAL-G\u00fctegemeinschaft, so auch beim Dicht- und D\u00e4mmspezialisten Hanno. Neben den Grundlagen der Abdichtung und der Funktionsweise der G\u00fctesicherung liegen die Schwerpunkte des ersten Moduls auf bauphysikalischen Grundlagen, Werkstoffkunde, Produktsicherheit und Anwendungstechnik, sowie auf der Planung und Montage von Fenstern und Haust\u00fcren und Fehlervermeidung. Hanno gibt hierbei seine theoretische und praktische Expertise weiter und bietet das erste Modul kostenfrei an. An einem Tag (Aktuelle Termine: 07.12.2023, 18.01.2024, 08.02.2024, 07.03.2024) im Hanno Werk in Laatzen stehen neben den Seminarthemen optional eine Werksbesichtigung und Praxisversuche im Programm. Die Teilnehmer lernen so hautnah die Grundlagen f\u00fcr die RAL-Qualifizierung kennen. Dieses Modul ist alternativ auch an Standorten von Hanno Premium Partner H\u00e4ndlern oder als inhouse-Schulung m\u00f6glich (Termine nach Absprache). Hanno-Mitarbeiter besuchen die Betriebe und vermitteln die Inhalte praxisnah. Nach Abschluss des ersten Moduls wird eine Teilnahmeurkunde ausgestellt, die an der Teilnahme zum zweiten Modul bef\u00e4higt.<\/p>\n<p>Das zweite Modul findet zusammen mit der Pr\u00fcfung an der RAL-Akademie in Bonn statt. Das Aufbau- und Pr\u00fcfungsseminar umfasst an einem Tag eine Auffrischung der relevanten Normen und Richtlinien, sowie Produktauswahl, Organisation, Dokumentation und Fehlerbehandlung. Zu den Dozenten aus Theorie und Praxis z\u00e4hlen unter anderem Anwendungstechniker, Sachverst\u00e4ndige oder Fachanw\u00e4lte. Nach der erfolgreich abgeschlossenen Pr\u00fcfung erhalten die Teilnehmer das Zertifikat als \u201eRAL qualifizierte\/r Fachmonteur\/in Fugenabdichtung \u2013 Fenster und Haust\u00fcren&#8220;. Das zweite Modul und die Pr\u00fcfung kosten zusammen 450 Euro.<\/p>\n<p>&nbsp;<\/p>\n<hr \/>\n<p>&nbsp;<\/p>\n<p><strong>Kontakt f\u00fcr Anfragen:<\/strong><br \/>\nPhilipp Staude \u2013 Anwendungstechnik<br \/>\nTelefon: +49 5102 7000 207<br \/>\nE-Mail: &#x73;&#x74;&#97;&#117;d&#x65;&#x40;&#x68;&#97;&#110;n&#x6f;&#x2e;&#x63;&#111;&#109;<\/p>\n<p><strong>Termine<\/strong><br \/>\n<em>Erstes Modul im Hanno Werk in Laatzen:<\/em><br \/>\n07.12.2023<br \/>\n18.01.2024<br \/>\n08.02.2024<br \/>\n07.03.2024<\/p>\n<p>Termine f\u00fcr das erste Modul bei Premium Partner H\u00e4ndlern oder als Inhouse-Schulung nach Absprache.<\/p>\n<p><em>Zweites Modul und Pr\u00fcfung an der RAL-Akademie in Bonn:<\/em><br \/>\nTermine folgen<\/p>\n<p>&nbsp;<\/p>\n<hr \/>\n<p>&nbsp;<\/p>\n<p><a href=\"http:\/\/www.pr-neu.de\/newsroom\/wordpress\/wp-content\/uploads\/2023\/08\/23-18_Schulung_Fachmonteur_G-scaled.jpg\" target=\"_blank\" rel=\"noopener\"><img loading=\"lazy\" decoding=\"async\" class=\"aligncenter wp-image-16065 size-medium\" src=\"http:\/\/www.pr-neu.de\/newsroom\/wordpress\/wp-content\/uploads\/2023\/08\/23-18_Schulung_Fachmonteur_G-300x200.jpg\" alt=\"\" width=\"300\" height=\"200\" srcset=\"https:\/\/www.pr-neu.de\/newsroom\/wordpress\/wp-content\/uploads\/2023\/08\/23-18_Schulung_Fachmonteur_G-300x200.jpg 300w, https:\/\/www.pr-neu.de\/newsroom\/wordpress\/wp-content\/uploads\/2023\/08\/23-18_Schulung_Fachmonteur_G-1024x683.jpg 1024w, https:\/\/www.pr-neu.de\/newsroom\/wordpress\/wp-content\/uploads\/2023\/08\/23-18_Schulung_Fachmonteur_G-768x512.jpg 768w, https:\/\/www.pr-neu.de\/newsroom\/wordpress\/wp-content\/uploads\/2023\/08\/23-18_Schulung_Fachmonteur_G-1536x1024.jpg 1536w, https:\/\/www.pr-neu.de\/newsroom\/wordpress\/wp-content\/uploads\/2023\/08\/23-18_Schulung_Fachmonteur_G-2048x1366.jpg 2048w, https:\/\/www.pr-neu.de\/newsroom\/wordpress\/wp-content\/uploads\/2023\/08\/23-18_Schulung_Fachmonteur_G-110x73.jpg 110w, https:\/\/www.pr-neu.de\/newsroom\/wordpress\/wp-content\/uploads\/2023\/08\/23-18_Schulung_Fachmonteur_G-420x280.jpg 420w, https:\/\/www.pr-neu.de\/newsroom\/wordpress\/wp-content\/uploads\/2023\/08\/23-18_Schulung_Fachmonteur_G-645x430.jpg 645w\" sizes=\"auto, (max-width: 300px) 100vw, 300px\" \/><\/a><\/p>\n<p style=\"text-align: center;\">Die G\u00fctegemeinschaft Geb\u00e4udeabdichtungssysteme e. V. bietet zuk\u00fcnftig ein Ausbildungs-Konzept mit RAL-Qualifizierung als \u201eFachmonteur\/in Fugenabdichtung \u2013 Fenster und Haust\u00fcren\u201c an. Hanno gibt als Mitglied der G\u00fctegemeinschaft sein Know-how in Theorie und Praxis an Verarbeiter weiter.<\/p>\n<p style=\"text-align: center;\">Bild: Hanno Werk GmbH &amp; Co. KG<\/p>\n<p>&nbsp;<\/p>\n<hr \/>\n<p>&nbsp;<\/p>\n<p>Abdruck honorarfrei, Belegexemplar erbeten<\/p>\n","protected":false},"excerpt":{"rendered":"<p>Die G\u00fctegemeinschaft Geb\u00e4udeabdichtungssysteme e. V. bietet zuk\u00fcnftig ein Ausbildungs-Konzept mit RAL-Qualifizierung an. Der Abschluss ist die Qualifikation als \u201eFachmonteur\/in Fugenabdichtung \u2013 Fenster und Haust\u00fcren\u201c.<\/p>\n","protected":false},"author":10,"featured_media":16065,"comment_status":"closed","ping_status":"open","sticky":false,"template":"","format":"standard","meta":{"footnotes":""},"categories":[655],"tags":[194,1963,1749,2589,1743,2587,2430,439,592,1637],"class_list":["post-16064","post","type-post","status-publish","format-standard","has-post-thumbnail","hentry","category-hanno","tag-fenster","tag-fortbildung","tag-fugen","tag-guetegemeinschaft","tag-hanno","tag-qualifikation","tag-ral","tag-sanierung","tag-turen","tag-weiterbildung"],"_links":{"self":[{"href":"https:\/\/www.pr-neu.de\/newsroom\/wp-json\/wp\/v2\/posts\/16064","targetHints":{"allow":["GET"]}}],"collection":[{"href":"https:\/\/www.pr-neu.de\/newsroom\/wp-json\/wp\/v2\/posts"}],"about":[{"href":"https:\/\/www.pr-neu.de\/newsroom\/wp-json\/wp\/v2\/types\/post"}],"author":[{"embeddable":true,"href":"https:\/\/www.pr-neu.de\/newsroom\/wp-json\/wp\/v2\/users\/10"}],"replies":[{"embeddable":true,"href":"https:\/\/www.pr-neu.de\/newsroom\/wp-json\/wp\/v2\/comments?post=16064"}],"version-history":[{"count":3,"href":"https:\/\/www.pr-neu.de\/newsroom\/wp-json\/wp\/v2\/posts\/16064\/revisions"}],"predecessor-version":[{"id":16147,"href":"https:\/\/www.pr-neu.de\/newsroom\/wp-json\/wp\/v2\/posts\/16064\/revisions\/16147"}],"wp:featuredmedia":[{"embeddable":true,"href":"https:\/\/www.pr-neu.de\/newsroom\/wp-json\/wp\/v2\/media\/16065"}],"wp:attachment":[{"href":"https:\/\/www.pr-neu.de\/newsroom\/wp-json\/wp\/v2\/media?parent=16064"}],"wp:term":[{"taxonomy":"category","embeddable":true,"href":"https:\/\/www.pr-neu.de\/newsroom\/wp-json\/wp\/v2\/categories?post=16064"},{"taxonomy":"post_tag","embeddable":true,"href":"https:\/\/www.pr-neu.de\/newsroom\/wp-json\/wp\/v2\/tags?post=16064"}],"curies":[{"name":"wp","href":"https:\/\/api.w.org\/{rel}","templated":true}]}}