{"id":16051,"date":"2023-09-11T08:00:44","date_gmt":"2023-09-11T06:00:44","guid":{"rendered":"https:\/\/www.pr-neu.de\/newsroom\/?p=16051"},"modified":"2023-09-05T11:08:36","modified_gmt":"2023-09-05T09:08:36","slug":"50er-jahre-charme-im-modernen-mantel","status":"publish","type":"post","link":"https:\/\/www.pr-neu.de\/newsroom\/50er-jahre-charme-im-modernen-mantel\/","title":{"rendered":"50er-Jahre Charme im modernen Mantel"},"content":{"rendered":"<p><u>Sanierung AOK-Verwaltung in Stuttgart Bad Cannstatt<\/u><\/p>\n<p><strong>Klimaneutral bis 2030 \u2013 dies hat sich die AOK als Ziel f\u00fcr eine nachhaltige Zukunft gesetzt. Ein Baustein in eben diese Richtung bildet die Sanierung des 1957 erbauten Verwaltungsgeb\u00e4udes in Bad Cannstatt durch metzger renner-motz architekten + ingenieure (mrma). Zentrale Motivation war, ressourcensparend eine umf\u00e4ngliche Modernisierung zu erreichen, ohne den 1950er-Jahre-Charme des freistehenden B\u00fcrogeb\u00e4udes aufzugeben.<\/strong><\/p>\n<p>Um den viergeschossigen Stahlbetonskelettbau energetisch zu sanieren, wurde die Fassade mit einem 20 Zentimeter dicken W\u00e4rmed\u00e4mm-Verbundsystem versehen. Das architektonische Ziel war, den Fassadencharakter mit den f\u00fcr die damalige Bauzeit typischen vertikalen Betonst\u00fctzen und den horizontalen Gesimsen beizubehalten. Dabei galt es vor allem, die Proportionen der Ansichtsbreite der Betonteile im Verh\u00e4ltnis zu den Fensterbreiten sowie den geschlossenen Br\u00fcstungsfeldern nicht zu ver\u00e4ndern. Hierf\u00fcr wurde unter anderem die D\u00e4mmung der Betonst\u00fctzen trapezf\u00f6rmig ausgef\u00fchrt. Dar\u00fcber hinaus wurde das Flachdach mit Kupferdeckung von innen ged\u00e4mmt, neue Stahlfenster wurden in Anlehnung an den Bestand mit asymmetrischer Teilung und Dreifach-Verglasung eingebracht und elektronische Raffstoreanlagen in die Fassade integriert.<\/p>\n<p>Zugunsten einer zeitgem\u00e4\u00dfen B\u00fcroausstattung samt repr\u00e4sentativem Kundencenter erhielt der Bauk\u00f6rper (neben wenigen strukturellen Anpassungen der Grundrisse) auch bei Brandschutz, Akustik, Heizung, L\u00fcftung und Sanit\u00e4r umfangreiche Umbauten. Die wichtigste Anpassung war der Ausbau der zentralen, weitl\u00e4ufigen Wendeltreppe vom Foyer ins erste Obergeschoss: Ein \u00fcber alle Geschosse reichendes Treppensystem mit einem im Treppenauge situierten Fahrstuhl sorgt nun f\u00fcr die barrierefreie vertikale Erschlie\u00dfung. \u00dcber das Foyer gelangen die Besucher in die B\u00fcros und in die mit Glasw\u00e4nden vom Flur getrennten Beratungsr\u00e4ume des Kundencenters, die dank Akustikpaneelen, transluzenten Vorh\u00e4ngen und hochflorigem Teppich in Grau- und Gr\u00fcnt\u00f6nen nicht nur akustisch ein angenehmes Gespr\u00e4chsklima schaffen.<\/p>\n<p>Die B\u00fcroetagen folgen dem gleichen Gestaltungsduktus. Neben klassischen Ein- und Zwei-Personen-B\u00fcros finden sich auf jeder Etage Besprechungsr\u00e4ume und Bewegungsfl\u00e4chen mit K\u00fcchenzeilen f\u00fcr informellen Austausch und Pausen, w\u00e4hrend die ehemalige Hausmeisterwohnung im ersten Obergeschoss f\u00fcr einen gro\u00dfen Konferenzraums umgenutzt wurde.<\/p>\n<p>&nbsp;<\/p>\n<hr \/>\n<p>&nbsp;<\/p>\n<p><strong>Bautafel: <\/strong><br \/>\n<strong>AOK-Verwaltungsbau, Stuttgart<\/strong><\/p>\n<p><strong>Standort<\/strong><br \/>\nBrunnenstr. 47b, Bad Cannstatt, Stuttgart<\/p>\n<p><strong>Bauherr<\/strong><br \/>\nAOK Baden-W\u00fcrttemberg, Stuttgart<\/p>\n<p><strong>Architekt<\/strong><br \/>\nmetzger renner-motz architekten + ingenieure, Karlsruhe<\/p>\n<p><strong>Fachhandwerker<\/strong><br \/>\nHinterschweiger Stuckateurbetrieb, G\u00f6ppingen<\/p>\n<p><strong>Sto-Kompetenzen<\/strong><br \/>\nW\u00e4rmed\u00e4mm-Verbundsystem (StoTherm Mineral)<\/p>\n<p>&nbsp;<\/p>\n<hr \/>\n<p>&nbsp;<\/p>\n<p style=\"text-align: center;\"><a href=\"http:\/\/www.pr-neu.de\/newsroom\/wordpress\/wp-content\/uploads\/2023\/08\/23_16_Bad_Canstatt_1_K.jpg\" target=\"_blank\" rel=\"noopener\"><img loading=\"lazy\" decoding=\"async\" class=\"wp-image-16058 size-medium\" src=\"http:\/\/www.pr-neu.de\/newsroom\/wordpress\/wp-content\/uploads\/2023\/08\/23_16_Bad_Canstatt_1_K-300x200.jpg\" alt=\"\" width=\"300\" height=\"200\" srcset=\"https:\/\/www.pr-neu.de\/newsroom\/wordpress\/wp-content\/uploads\/2023\/08\/23_16_Bad_Canstatt_1_K-300x200.jpg 300w, https:\/\/www.pr-neu.de\/newsroom\/wordpress\/wp-content\/uploads\/2023\/08\/23_16_Bad_Canstatt_1_K-1024x683.jpg 1024w, https:\/\/www.pr-neu.de\/newsroom\/wordpress\/wp-content\/uploads\/2023\/08\/23_16_Bad_Canstatt_1_K-768x512.jpg 768w, https:\/\/www.pr-neu.de\/newsroom\/wordpress\/wp-content\/uploads\/2023\/08\/23_16_Bad_Canstatt_1_K-1536x1025.jpg 1536w, https:\/\/www.pr-neu.de\/newsroom\/wordpress\/wp-content\/uploads\/2023\/08\/23_16_Bad_Canstatt_1_K-2048x1366.jpg 2048w, https:\/\/www.pr-neu.de\/newsroom\/wordpress\/wp-content\/uploads\/2023\/08\/23_16_Bad_Canstatt_1_K-110x73.jpg 110w, https:\/\/www.pr-neu.de\/newsroom\/wordpress\/wp-content\/uploads\/2023\/08\/23_16_Bad_Canstatt_1_K-420x280.jpg 420w, https:\/\/www.pr-neu.de\/newsroom\/wordpress\/wp-content\/uploads\/2023\/08\/23_16_Bad_Canstatt_1_K-645x430.jpg 645w\" sizes=\"auto, (max-width: 300px) 100vw, 300px\" \/><\/a><\/p>\n<p style=\"text-align: center;\">Modernisiert auf den Standard von heute, ohne die Architektur der 1950er Jahre preiszugeben: Das sanierte AOK-Verwaltungsgeb\u00e4ude in Stuttgart-Bad Canstatt.<\/p>\n<p>&nbsp;<\/p>\n<p style=\"text-align: center;\"><a href=\"http:\/\/www.pr-neu.de\/newsroom\/wordpress\/wp-content\/uploads\/2023\/08\/23_16_Bad_Canstatt_2_G-scaled.jpg\" target=\"_blank\" rel=\"noopener\"><img loading=\"lazy\" decoding=\"async\" class=\"wp-image-16054 size-medium\" src=\"http:\/\/www.pr-neu.de\/newsroom\/wordpress\/wp-content\/uploads\/2023\/08\/23_16_Bad_Canstatt_2_G-200x300.jpg\" alt=\"\" width=\"200\" height=\"300\" srcset=\"https:\/\/www.pr-neu.de\/newsroom\/wordpress\/wp-content\/uploads\/2023\/08\/23_16_Bad_Canstatt_2_G-200x300.jpg 200w, https:\/\/www.pr-neu.de\/newsroom\/wordpress\/wp-content\/uploads\/2023\/08\/23_16_Bad_Canstatt_2_G-683x1024.jpg 683w, https:\/\/www.pr-neu.de\/newsroom\/wordpress\/wp-content\/uploads\/2023\/08\/23_16_Bad_Canstatt_2_G-768x1152.jpg 768w, https:\/\/www.pr-neu.de\/newsroom\/wordpress\/wp-content\/uploads\/2023\/08\/23_16_Bad_Canstatt_2_G-1024x1536.jpg 1024w, https:\/\/www.pr-neu.de\/newsroom\/wordpress\/wp-content\/uploads\/2023\/08\/23_16_Bad_Canstatt_2_G-1366x2048.jpg 1366w, https:\/\/www.pr-neu.de\/newsroom\/wordpress\/wp-content\/uploads\/2023\/08\/23_16_Bad_Canstatt_2_G-73x110.jpg 73w, https:\/\/www.pr-neu.de\/newsroom\/wordpress\/wp-content\/uploads\/2023\/08\/23_16_Bad_Canstatt_2_G-280x420.jpg 280w, https:\/\/www.pr-neu.de\/newsroom\/wordpress\/wp-content\/uploads\/2023\/08\/23_16_Bad_Canstatt_2_G-287x430.jpg 287w, https:\/\/www.pr-neu.de\/newsroom\/wordpress\/wp-content\/uploads\/2023\/08\/23_16_Bad_Canstatt_2_G-scaled.jpg 1707w\" sizes=\"auto, (max-width: 200px) 100vw, 200px\" \/><\/a><\/p>\n<p style=\"text-align: center;\">Um die Betonst\u00fctzen plastisch st\u00e4rker zu betonen, erzeugen zus\u00e4tzliche D\u00e4mmplatten auf den Br\u00fcstungsfeldern wirkungsvolle Schattenfugen.<\/p>\n<p>&nbsp;<\/p>\n<p style=\"text-align: center;\"><a href=\"http:\/\/www.pr-neu.de\/newsroom\/wordpress\/wp-content\/uploads\/2023\/08\/23_16_Bad_Canstatt_3_K.jpg\" target=\"_blank\" rel=\"noopener\"><img loading=\"lazy\" decoding=\"async\" class=\"wp-image-16057 size-medium\" src=\"http:\/\/www.pr-neu.de\/newsroom\/wordpress\/wp-content\/uploads\/2023\/08\/23_16_Bad_Canstatt_3_K-300x200.jpg\" alt=\"\" width=\"300\" height=\"200\" srcset=\"https:\/\/www.pr-neu.de\/newsroom\/wordpress\/wp-content\/uploads\/2023\/08\/23_16_Bad_Canstatt_3_K-300x200.jpg 300w, https:\/\/www.pr-neu.de\/newsroom\/wordpress\/wp-content\/uploads\/2023\/08\/23_16_Bad_Canstatt_3_K-1024x683.jpg 1024w, https:\/\/www.pr-neu.de\/newsroom\/wordpress\/wp-content\/uploads\/2023\/08\/23_16_Bad_Canstatt_3_K-768x512.jpg 768w, https:\/\/www.pr-neu.de\/newsroom\/wordpress\/wp-content\/uploads\/2023\/08\/23_16_Bad_Canstatt_3_K-1536x1025.jpg 1536w, https:\/\/www.pr-neu.de\/newsroom\/wordpress\/wp-content\/uploads\/2023\/08\/23_16_Bad_Canstatt_3_K-2048x1366.jpg 2048w, https:\/\/www.pr-neu.de\/newsroom\/wordpress\/wp-content\/uploads\/2023\/08\/23_16_Bad_Canstatt_3_K-110x73.jpg 110w, https:\/\/www.pr-neu.de\/newsroom\/wordpress\/wp-content\/uploads\/2023\/08\/23_16_Bad_Canstatt_3_K-420x280.jpg 420w, https:\/\/www.pr-neu.de\/newsroom\/wordpress\/wp-content\/uploads\/2023\/08\/23_16_Bad_Canstatt_3_K-645x430.jpg 645w\" sizes=\"auto, (max-width: 300px) 100vw, 300px\" \/><\/a><\/p>\n<p style=\"text-align: center;\">Der freistehende viergeschossige Bau pr\u00e4gt mit seinem L-f\u00f6rmigen Grundriss das Stadtviertel.<\/p>\n<p>&nbsp;<\/p>\n<p style=\"text-align: center;\"><a href=\"http:\/\/www.pr-neu.de\/newsroom\/wordpress\/wp-content\/uploads\/2023\/08\/23_16_Bad_Canstatt_4_G-scaled.jpg\" target=\"_blank\" rel=\"noopener\"><img loading=\"lazy\" decoding=\"async\" class=\"wp-image-16056 size-medium\" src=\"http:\/\/www.pr-neu.de\/newsroom\/wordpress\/wp-content\/uploads\/2023\/08\/23_16_Bad_Canstatt_4_G-300x200.jpg\" alt=\"\" width=\"300\" height=\"200\" srcset=\"https:\/\/www.pr-neu.de\/newsroom\/wordpress\/wp-content\/uploads\/2023\/08\/23_16_Bad_Canstatt_4_G-300x200.jpg 300w, https:\/\/www.pr-neu.de\/newsroom\/wordpress\/wp-content\/uploads\/2023\/08\/23_16_Bad_Canstatt_4_G-1024x683.jpg 1024w, https:\/\/www.pr-neu.de\/newsroom\/wordpress\/wp-content\/uploads\/2023\/08\/23_16_Bad_Canstatt_4_G-768x512.jpg 768w, https:\/\/www.pr-neu.de\/newsroom\/wordpress\/wp-content\/uploads\/2023\/08\/23_16_Bad_Canstatt_4_G-1536x1024.jpg 1536w, https:\/\/www.pr-neu.de\/newsroom\/wordpress\/wp-content\/uploads\/2023\/08\/23_16_Bad_Canstatt_4_G-2048x1366.jpg 2048w, https:\/\/www.pr-neu.de\/newsroom\/wordpress\/wp-content\/uploads\/2023\/08\/23_16_Bad_Canstatt_4_G-110x73.jpg 110w, https:\/\/www.pr-neu.de\/newsroom\/wordpress\/wp-content\/uploads\/2023\/08\/23_16_Bad_Canstatt_4_G-420x280.jpg 420w, https:\/\/www.pr-neu.de\/newsroom\/wordpress\/wp-content\/uploads\/2023\/08\/23_16_Bad_Canstatt_4_G-645x430.jpg 645w\" sizes=\"auto, (max-width: 300px) 100vw, 300px\" \/><\/a><\/p>\n<p style=\"text-align: center;\">In das Treppenauge integrierten die Planer einen Aufzug. Heute ist die AOK-Verwaltung barrierefrei.<\/p>\n<p>&nbsp;<\/p>\n<p style=\"text-align: center;\"><a href=\"http:\/\/www.pr-neu.de\/newsroom\/wordpress\/wp-content\/uploads\/2023\/08\/23_16_Bad_Canstatt_5_G-scaled.jpg\" target=\"_blank\" rel=\"noopener\"><img loading=\"lazy\" decoding=\"async\" class=\"wp-image-16052 size-medium\" src=\"http:\/\/www.pr-neu.de\/newsroom\/wordpress\/wp-content\/uploads\/2023\/08\/23_16_Bad_Canstatt_5_G-300x200.jpg\" alt=\"\" width=\"300\" height=\"200\" srcset=\"https:\/\/www.pr-neu.de\/newsroom\/wordpress\/wp-content\/uploads\/2023\/08\/23_16_Bad_Canstatt_5_G-300x200.jpg 300w, https:\/\/www.pr-neu.de\/newsroom\/wordpress\/wp-content\/uploads\/2023\/08\/23_16_Bad_Canstatt_5_G-1024x683.jpg 1024w, https:\/\/www.pr-neu.de\/newsroom\/wordpress\/wp-content\/uploads\/2023\/08\/23_16_Bad_Canstatt_5_G-768x512.jpg 768w, https:\/\/www.pr-neu.de\/newsroom\/wordpress\/wp-content\/uploads\/2023\/08\/23_16_Bad_Canstatt_5_G-1536x1024.jpg 1536w, https:\/\/www.pr-neu.de\/newsroom\/wordpress\/wp-content\/uploads\/2023\/08\/23_16_Bad_Canstatt_5_G-2048x1366.jpg 2048w, https:\/\/www.pr-neu.de\/newsroom\/wordpress\/wp-content\/uploads\/2023\/08\/23_16_Bad_Canstatt_5_G-110x73.jpg 110w, https:\/\/www.pr-neu.de\/newsroom\/wordpress\/wp-content\/uploads\/2023\/08\/23_16_Bad_Canstatt_5_G-420x280.jpg 420w, https:\/\/www.pr-neu.de\/newsroom\/wordpress\/wp-content\/uploads\/2023\/08\/23_16_Bad_Canstatt_5_G-645x430.jpg 645w\" sizes=\"auto, (max-width: 300px) 100vw, 300px\" \/><\/a><\/p>\n<p style=\"text-align: center;\">Ressourcensparend bis ins Detail: Das Geb\u00e4ude erhielt ein LED-Beleuchtungskonzept.<\/p>\n<p style=\"text-align: center;\">Fotos: Martin Baitinger \/ Sto SE &amp; Co. KGaA<\/p>\n<p>&nbsp;<\/p>\n<p>&nbsp;<\/p>\n<hr \/>\n<p>&nbsp;<\/p>\n<p>Abdruck honorarfrei, Belegexemplar erbeten<\/p>\n","protected":false},"excerpt":{"rendered":"<p>Klimaneutral bis 2030 \u2013 dies hat sich die AOK als Ziel f\u00fcr eine nachhaltige Zukunft gesetzt. Ein Baustein in eben diese Richtung bildet die Sanierung des 1957 erbauten Verwaltungsgeb\u00e4udes in Bad Cannstatt durch metzger renner-motz architekten + ingenieure (mrma).<\/p>\n","protected":false},"author":9,"featured_media":16058,"comment_status":"closed","ping_status":"open","sticky":false,"template":"","format":"standard","meta":{"footnotes":""},"categories":[15],"tags":[2575,2579,124,187,2577,439,504,627],"class_list":["post-16051","post","type-post","status-publish","format-standard","has-post-thumbnail","hentry","category-sto","tag-aok","tag-bad-cannstatt","tag-dammung","tag-fassade","tag-klimaneutral","tag-sanierung","tag-sto-2","tag-wdvs"],"_links":{"self":[{"href":"https:\/\/www.pr-neu.de\/newsroom\/wp-json\/wp\/v2\/posts\/16051","targetHints":{"allow":["GET"]}}],"collection":[{"href":"https:\/\/www.pr-neu.de\/newsroom\/wp-json\/wp\/v2\/posts"}],"about":[{"href":"https:\/\/www.pr-neu.de\/newsroom\/wp-json\/wp\/v2\/types\/post"}],"author":[{"embeddable":true,"href":"https:\/\/www.pr-neu.de\/newsroom\/wp-json\/wp\/v2\/users\/9"}],"replies":[{"embeddable":true,"href":"https:\/\/www.pr-neu.de\/newsroom\/wp-json\/wp\/v2\/comments?post=16051"}],"version-history":[{"count":3,"href":"https:\/\/www.pr-neu.de\/newsroom\/wp-json\/wp\/v2\/posts\/16051\/revisions"}],"predecessor-version":[{"id":16061,"href":"https:\/\/www.pr-neu.de\/newsroom\/wp-json\/wp\/v2\/posts\/16051\/revisions\/16061"}],"wp:featuredmedia":[{"embeddable":true,"href":"https:\/\/www.pr-neu.de\/newsroom\/wp-json\/wp\/v2\/media\/16058"}],"wp:attachment":[{"href":"https:\/\/www.pr-neu.de\/newsroom\/wp-json\/wp\/v2\/media?parent=16051"}],"wp:term":[{"taxonomy":"category","embeddable":true,"href":"https:\/\/www.pr-neu.de\/newsroom\/wp-json\/wp\/v2\/categories?post=16051"},{"taxonomy":"post_tag","embeddable":true,"href":"https:\/\/www.pr-neu.de\/newsroom\/wp-json\/wp\/v2\/tags?post=16051"}],"curies":[{"name":"wp","href":"https:\/\/api.w.org\/{rel}","templated":true}]}}