{"id":16036,"date":"2023-08-02T08:00:53","date_gmt":"2023-08-02T06:00:53","guid":{"rendered":"https:\/\/www.pr-neu.de\/newsroom\/?p=16036"},"modified":"2023-10-10T11:14:49","modified_gmt":"2023-10-10T09:14:49","slug":"brueckensanierung-gemaess-denkmal-und-artenschutz","status":"publish","type":"post","link":"https:\/\/www.pr-neu.de\/newsroom\/brueckensanierung-gemaess-denkmal-und-artenschutz\/","title":{"rendered":"Br\u00fcckensanierung gem\u00e4\u00df Denkmal- und Artenschutz"},"content":{"rendered":"<p><u>Betoninstandsetzung an der Ammerbr\u00fccke<\/u><\/p>\n<p><strong>Br\u00fcckensanierung unter Denkmal- und Artenschutz: Diese Auflagen waren bei der Instandsetzung der rund 90 Jahre alten Ammerbr\u00fccke zu beachten. Der schadhafte Melan-Bogen wurde erhalten und diente als R\u00fcsttr\u00e4ger f\u00fcr die Schalung des Ersatzneubaus. F\u00fcr die Sanierung des Bogens kamen statisch mitwirkende Instandsetzungssysteme von StoCretec zum Einsatz.<\/strong><\/p>\n<p>Die Ammerbr\u00fccke (auch Echelsbacherbr\u00fccke genannt, Baujahr 1929) ist eine Melan-Bogenbr\u00fccke mit der zur Bauzeit gr\u00f6\u00dften Bogenweite von 130 Metern. Sie liegt zwischen Rottenbuch und Bad Bayersoien, misst 183 Meter und f\u00fchrt die Bundesstra\u00dfe B23 in einer H\u00f6he von etwa 76 Metern \u00fcber die Ammerschlucht. Ursachen f\u00fcr die massiven Sch\u00e4den \u2013 abgeplatzter Beton, Hohlstellen und korrodierter Bewehrungsstahl \u2013 lagen in der ungen\u00fcgenden Dichtheit der Betontechnologie aus der Erbauungszeit. \u00dcber die Jahre drangen Feuchtigkeit und in Wasser gel\u00f6ste Schadstoffe in die Bausubstanz ein.<\/p>\n<p>Um bei diesem Projekt die Anforderungen an Denkmal- und Artenschutz \u2013 im Bogeninneren lebt eine Fledermauskolonie \u2013 zu erf\u00fcllen, galt es, den Bogen zu erhalten und als R\u00fcsttr\u00e4ger f\u00fcr die Schalung des Ersatzneubaus zu nutzen. Ein einzigartiges Projekt: Abriss der alten Br\u00fcckentafel, Bau einer Ersatzbr\u00fccke f\u00fcr t\u00e4glich etwa 10.000 Fahrzeuge und Instandsetzung des Melan-Bogens.<\/p>\n<p>Aufgrund der Randbedingungen entschieden sich die Planer f\u00fcr das \u201eInstandsetzungsprinzip W\u201c, realisiert mit den Betonersatzsystemen StoConcrete Repair Prime TS 203 und StoConcrete Repair Prime TG 203 von StoCretec. Als Oberfl\u00e4chenschutzsystem kam StoConcrete Protect Elastic FB zum Einsatz. Mit dem Injektionssystem StoConcrete Inject IHS auf Epoxidharzbasis wurden zudem Risse kraftschl\u00fcssig abgedichtet.<\/p>\n<p>Die Instandsetzung begann mit der vollst\u00e4ndigen Entfernung der Altbeschichtung bis f\u00fcnf Millimeter Schichtdicke und dem Betonabtrag an den Schadstellen. Das freigelegte Stahlfachwerk und die Bewehrung erhielten den mineralischen Korrosionsschutz StoCrete TK. Anschlie\u00dfend wurde die Haftbr\u00fccke StoCrete TH appliziert und mit dem kunststoffmodifizierten StoCrete TG 203 manuell sowie mit StoCrete TS 203 im Nassspritzverfahren reprofiliert. Beide M3-M\u00f6rtel sind f\u00fcr die statisch relevante Instandsetzung von Betontragwerken optimiert bei gleichzeitig hervorragender Verarbeitbarkeit vertikal und \u00fcber Kopf.<\/p>\n<p>StoConcrete Protect Elastic FB sch\u00fctzt das Betontragwerk zus\u00e4tzlich. Es ist statisch und dynamisch hoch riss\u00fcberbr\u00fcckend und dient als vom Planer-Team geforderter OS 5b \/ OS D I Oberfl\u00e4chenschutz. Das mineralische Beschichtungssystem verhindert das Eindringen von Wasser und Schadstoffen in den Beton. Es besitzt eine hohe Kohlendioxiddichtheit, Frost-Tausalz-Best\u00e4ndigkeit und Alkalistabilit\u00e4t. Zudem ist es witterungs-, alterungs- und UV-best\u00e4ndig.<\/p>\n<p>Oberhalb des Melan-Bogens entstand der Ersatzneubau, \u00fcber den seit Ende 2021 nun der Verkehr flie\u00dft.<\/p>\n<p>&nbsp;<\/p>\n<hr \/>\n<p>&nbsp;<\/p>\n<p><strong>Bautafel<\/strong><\/p>\n<p>Objekt: Ammerbr\u00fccke Echelsbach, Rottenbruch<br \/>\nBauherr: Staatliches Bauamt Weilheim i. OB<br \/>\nPlaner: Dr. Sch\u00fctz Ingenieure, Kempten<br \/>\nKolb Ripke Architekten, Berlin<br \/>\nGU: Strabag AG<br \/>\nVerarbeiter: KBB\/Meissl Oberfl\u00e4chen Produktions GmbH, AT-Fischamend<br \/>\nFertigstellung: 11\/2021<\/p>\n<p><strong>StoCretec-Kompetenzen:<\/strong><br \/>\n<em>StoConcrete Repair Prime TG 203<\/em><br \/>\nKorrosionsschutz: StoCrete TK<br \/>\nHaftbr\u00fccke: StoCrete TH 200<br \/>\nInstandsetzungsm\u00f6rtel: StoCrete TG 203<\/p>\n<p><em>StoConcrete Repair Prime TS 203<\/em><br \/>\nKorrosionsschutz: StoCrete TK<br \/>\nInstandsetzungsm\u00f6rtel: StoCrete TS 203<\/p>\n<p><em>StoConcrete Inject IHS<\/em><br \/>\nEP Injektionsharz: StoJet IHS 93<\/p>\n<p><em>StoConcrete Protect Elastic FB<\/em><br \/>\nKratzspachtelung: StoCrete FB<br \/>\nBeschichtung: StoCrete FB<\/p>\n<p>&nbsp;<\/p>\n<hr \/>\n<p>&nbsp;<\/p>\n<p><a href=\"http:\/\/www.pr-neu.de\/newsroom\/wordpress\/wp-content\/uploads\/2023\/07\/23-08_Ammerbruecke_1_K.jpg\" target=\"_blank\" rel=\"noopener\"><img loading=\"lazy\" decoding=\"async\" class=\"wp-image-16038 size-medium aligncenter\" src=\"http:\/\/www.pr-neu.de\/newsroom\/wordpress\/wp-content\/uploads\/2023\/07\/23-08_Ammerbruecke_1_K-300x225.jpg\" alt=\"\" width=\"300\" height=\"225\" srcset=\"https:\/\/www.pr-neu.de\/newsroom\/wordpress\/wp-content\/uploads\/2023\/07\/23-08_Ammerbruecke_1_K-300x225.jpg 300w, https:\/\/www.pr-neu.de\/newsroom\/wordpress\/wp-content\/uploads\/2023\/07\/23-08_Ammerbruecke_1_K-1024x768.jpg 1024w, https:\/\/www.pr-neu.de\/newsroom\/wordpress\/wp-content\/uploads\/2023\/07\/23-08_Ammerbruecke_1_K-768x576.jpg 768w, https:\/\/www.pr-neu.de\/newsroom\/wordpress\/wp-content\/uploads\/2023\/07\/23-08_Ammerbruecke_1_K-1536x1152.jpg 1536w, https:\/\/www.pr-neu.de\/newsroom\/wordpress\/wp-content\/uploads\/2023\/07\/23-08_Ammerbruecke_1_K-2048x1536.jpg 2048w, https:\/\/www.pr-neu.de\/newsroom\/wordpress\/wp-content\/uploads\/2023\/07\/23-08_Ammerbruecke_1_K-110x83.jpg 110w, https:\/\/www.pr-neu.de\/newsroom\/wordpress\/wp-content\/uploads\/2023\/07\/23-08_Ammerbruecke_1_K-420x315.jpg 420w, https:\/\/www.pr-neu.de\/newsroom\/wordpress\/wp-content\/uploads\/2023\/07\/23-08_Ammerbruecke_1_K-573x430.jpg 573w\" sizes=\"auto, (max-width: 300px) 100vw, 300px\" \/><\/a><\/p>\n<p style=\"text-align: center;\">Bei der Sanierung der Ammerbr\u00fccke galt es, die Anforderungen an Denkmal- und Artenschutz zu erf\u00fcllen.<br \/>\nBild: Hermann Weiher \/ StoCretec<\/p>\n<p>&nbsp;<\/p>\n<p><a href=\"http:\/\/www.pr-neu.de\/newsroom\/wordpress\/wp-content\/uploads\/2023\/07\/23-08_Ammerbruecke_2_K.jpg\" target=\"_blank\" rel=\"noopener\"><img loading=\"lazy\" decoding=\"async\" class=\"aligncenter wp-image-16039 size-medium\" src=\"http:\/\/www.pr-neu.de\/newsroom\/wordpress\/wp-content\/uploads\/2023\/07\/23-08_Ammerbruecke_2_K-300x225.jpg\" alt=\"\" width=\"300\" height=\"225\" srcset=\"https:\/\/www.pr-neu.de\/newsroom\/wordpress\/wp-content\/uploads\/2023\/07\/23-08_Ammerbruecke_2_K-300x225.jpg 300w, https:\/\/www.pr-neu.de\/newsroom\/wordpress\/wp-content\/uploads\/2023\/07\/23-08_Ammerbruecke_2_K-1024x768.jpg 1024w, https:\/\/www.pr-neu.de\/newsroom\/wordpress\/wp-content\/uploads\/2023\/07\/23-08_Ammerbruecke_2_K-768x576.jpg 768w, https:\/\/www.pr-neu.de\/newsroom\/wordpress\/wp-content\/uploads\/2023\/07\/23-08_Ammerbruecke_2_K-1536x1152.jpg 1536w, https:\/\/www.pr-neu.de\/newsroom\/wordpress\/wp-content\/uploads\/2023\/07\/23-08_Ammerbruecke_2_K-2048x1536.jpg 2048w, https:\/\/www.pr-neu.de\/newsroom\/wordpress\/wp-content\/uploads\/2023\/07\/23-08_Ammerbruecke_2_K-110x83.jpg 110w, https:\/\/www.pr-neu.de\/newsroom\/wordpress\/wp-content\/uploads\/2023\/07\/23-08_Ammerbruecke_2_K-420x315.jpg 420w, https:\/\/www.pr-neu.de\/newsroom\/wordpress\/wp-content\/uploads\/2023\/07\/23-08_Ammerbruecke_2_K-573x430.jpg 573w\" sizes=\"auto, (max-width: 300px) 100vw, 300px\" \/><\/a><\/p>\n<p style=\"text-align: center;\">Die 1929 fertiggestellte Ammerbr\u00fccke wurde als Melan-Bogenbr\u00fccke mit der damals gr\u00f6\u00dften Bogenweite von 130 Metern gebaut. Die Bauweise geht auf den \u00f6sterreichischen Bauingenieur Josef Melan zur\u00fcck, der die sehr stabile Konstruktion aus Stahl und Beton bereits Ende des 19. Jahrhunderts entwickelte.<br \/>\nBild: Hermann Weiher \/ StoCretec<\/p>\n<p>&nbsp;<\/p>\n<p><a href=\"http:\/\/www.pr-neu.de\/newsroom\/wordpress\/wp-content\/uploads\/2023\/08\/23-08_Zeichnung_K.jpg\" target=\"_blank\" rel=\"noopener\"><img loading=\"lazy\" decoding=\"async\" class=\"wp-image-16265 size-medium aligncenter\" src=\"http:\/\/www.pr-neu.de\/newsroom\/wordpress\/wp-content\/uploads\/2023\/08\/23-08_Zeichnung_K-300x129.jpg\" alt=\"\" width=\"300\" height=\"129\" srcset=\"https:\/\/www.pr-neu.de\/newsroom\/wordpress\/wp-content\/uploads\/2023\/08\/23-08_Zeichnung_K-300x129.jpg 300w, https:\/\/www.pr-neu.de\/newsroom\/wordpress\/wp-content\/uploads\/2023\/08\/23-08_Zeichnung_K-1024x440.jpg 1024w, https:\/\/www.pr-neu.de\/newsroom\/wordpress\/wp-content\/uploads\/2023\/08\/23-08_Zeichnung_K-768x330.jpg 768w, https:\/\/www.pr-neu.de\/newsroom\/wordpress\/wp-content\/uploads\/2023\/08\/23-08_Zeichnung_K-1536x660.jpg 1536w, https:\/\/www.pr-neu.de\/newsroom\/wordpress\/wp-content\/uploads\/2023\/08\/23-08_Zeichnung_K-2048x880.jpg 2048w, https:\/\/www.pr-neu.de\/newsroom\/wordpress\/wp-content\/uploads\/2023\/08\/23-08_Zeichnung_K-110x47.jpg 110w, https:\/\/www.pr-neu.de\/newsroom\/wordpress\/wp-content\/uploads\/2023\/08\/23-08_Zeichnung_K-420x180.jpg 420w, https:\/\/www.pr-neu.de\/newsroom\/wordpress\/wp-content\/uploads\/2023\/08\/23-08_Zeichnung_K-770x331.jpg 770w\" sizes=\"auto, (max-width: 300px) 100vw, 300px\" \/><\/a><\/p>\n<p>&nbsp;<\/p>\n<p style=\"text-align: center;\">Oberhalb des Melan-Bogens (grau) entstand der Ersatzneubau (t\u00fcrkis), \u00fcber den seit Ende 2021 der Verkehr flie\u00dft.<br \/>\nBild: Dr. Sch\u00fctz Ingenieure, Kempten<\/p>\n<p>&nbsp;<\/p>\n<hr \/>\n<p>&nbsp;<\/p>\n<p>Abdruck honorarfrei, Belegexemplar erbeten<\/p>\n","protected":false},"excerpt":{"rendered":"<p>Br\u00fcckensanierung unter Denkmal- und Artenschutz: Diese Auflagen waren bei der Instandsetzung der rund 90 Jahre alten Ammerbr\u00fccke zu beachten. Der schadhafte Melan-Bogen wurde erhalten und diente als R\u00fcsttr\u00e4ger f\u00fcr die Schalung des Ersatzneubaus.<\/p>\n","protected":false},"author":9,"featured_media":16039,"comment_status":"closed","ping_status":"open","sticky":false,"template":"","format":"standard","meta":{"footnotes":""},"categories":[16],"tags":[2567,2569,1819,2571,1987,439,2352,514,516,522],"class_list":["post-16036","post","type-post","status-publish","format-standard","has-post-thumbnail","hentry","category-stocretec","tag-ammerbruecke","tag-ammertal","tag-bruecke","tag-echelsbacherbruecke","tag-instandsetzung","tag-sanierung","tag-statik","tag-stocrete","tag-stocretec","tag-stojet"],"_links":{"self":[{"href":"https:\/\/www.pr-neu.de\/newsroom\/wp-json\/wp\/v2\/posts\/16036","targetHints":{"allow":["GET"]}}],"collection":[{"href":"https:\/\/www.pr-neu.de\/newsroom\/wp-json\/wp\/v2\/posts"}],"about":[{"href":"https:\/\/www.pr-neu.de\/newsroom\/wp-json\/wp\/v2\/types\/post"}],"author":[{"embeddable":true,"href":"https:\/\/www.pr-neu.de\/newsroom\/wp-json\/wp\/v2\/users\/9"}],"replies":[{"embeddable":true,"href":"https:\/\/www.pr-neu.de\/newsroom\/wp-json\/wp\/v2\/comments?post=16036"}],"version-history":[{"count":5,"href":"https:\/\/www.pr-neu.de\/newsroom\/wp-json\/wp\/v2\/posts\/16036\/revisions"}],"predecessor-version":[{"id":16267,"href":"https:\/\/www.pr-neu.de\/newsroom\/wp-json\/wp\/v2\/posts\/16036\/revisions\/16267"}],"wp:featuredmedia":[{"embeddable":true,"href":"https:\/\/www.pr-neu.de\/newsroom\/wp-json\/wp\/v2\/media\/16039"}],"wp:attachment":[{"href":"https:\/\/www.pr-neu.de\/newsroom\/wp-json\/wp\/v2\/media?parent=16036"}],"wp:term":[{"taxonomy":"category","embeddable":true,"href":"https:\/\/www.pr-neu.de\/newsroom\/wp-json\/wp\/v2\/categories?post=16036"},{"taxonomy":"post_tag","embeddable":true,"href":"https:\/\/www.pr-neu.de\/newsroom\/wp-json\/wp\/v2\/tags?post=16036"}],"curies":[{"name":"wp","href":"https:\/\/api.w.org\/{rel}","templated":true}]}}