{"id":16032,"date":"2023-07-31T09:36:47","date_gmt":"2023-07-31T07:36:47","guid":{"rendered":"https:\/\/www.pr-neu.de\/newsroom\/?p=16032"},"modified":"2023-07-28T09:44:50","modified_gmt":"2023-07-28T07:44:50","slug":"3d-scans-fuer-praezise-planung","status":"publish","type":"post","link":"https:\/\/www.pr-neu.de\/newsroom\/3d-scans-fuer-praezise-planung\/","title":{"rendered":"3D-Scans f\u00fcr pr\u00e4zise Planung"},"content":{"rendered":"<p><u>Digitale Geb\u00e4ude-Bestandsdaten f\u00fcr Architekten und Planer<\/u><\/p>\n<p><strong>Der Sto Klimaservice bietet Architekten und Planern umfassende Prozessunterst\u00fctzung bei der Bestandsaufnahme, insbesondere bei Fassadensanierungen. Mit Hilfe eines 3D-Scanners werden Geb\u00e4ude digital erfasst. Die Daten helfen, energetische wie \u00e4sthetische Ma\u00dfnahmen pr\u00e4zise zu planen und verl\u00e4sslich zu kalkulieren.<\/strong><\/p>\n<p>Auf dem Weg zu einem energetisch optimierten Bestandsgeb\u00e4ude ist Planungssicherheit das oberste Gebot. Besonders pr\u00e4zise und verl\u00e4sslich \u2013 aber dennoch individuell \u2013 lassen sich Ma\u00dfnahmen zur nachtr\u00e4glichen D\u00e4mmung von Geb\u00e4uden mit dem Sto Klimaservice planen: Gegen eine quadratmeterabh\u00e4ngige Aufwandspauschale stellt er schnell und unkompliziert ein exaktes 3D-Modell des Geb\u00e4udes bereit und kommt daher vor allem dort infrage, wo Bestandspl\u00e4ne fehlen. Der Sto-Klimaexperte geht daf\u00fcr zun\u00e4chst mit dem mobilen Laserscanner um das Geb\u00e4ude und erstellt ein digitales Aufma\u00df. Die Rohdaten werden in einer dreidimensionalen Punktwolke dargestellt, die in eine zweidimensionale Ansicht oder ein 3D-Modell der Bestandsfassade umgewandelt wird. Fenster, T\u00fcren, Nischen, R\u00fcckspr\u00fcnge oder Balkone werden mit einer hohen Ma\u00dfgenauigkeit dargestellt.<\/p>\n<p>Die Scan-Daten liefern so auch fehlende Unterlagen wie Grundrisse, Schnitte oder Ansichten. Das vermindert den Zeitaufwand f\u00fcr aufw\u00e4ndige Bestandsaufnahmen und ist die Grundlage f\u00fcr eine akkurate Kostenplanung sowie eine transparente und effiziente Projektdurchf\u00fchrung. Die Daten helfen auch bei der Berechnung von energetischen Ma\u00dfnahmen f\u00fcr die angestrebte Energieeinsparung und bei der Inanspruchnahme \u00f6ffentlicher F\u00f6rderprogramme. Auf Wunsch bietet der Service auch eine individuelle Gestaltungsberatung, die selbst ausgefallene Ideen bereits vor der Umsetzung verl\u00e4sslich visualisiert. Pascal Hoffmann (Tr\u00e4ger Architekten, Viernheim) ist von dem Service bereits \u00fcberzeugt: \u201eWir wissen, dass das funktioniert. Ihr scannt die Fassade, wir bekommen am Ende ein 3D-Modell.\u201c<\/p>\n<p>Weitere Infos: www.sto.de\/klimaservice<\/p>\n<p>&nbsp;<\/p>\n<hr \/>\n<p>&nbsp;<\/p>\n<p style=\"text-align: center;\"><a href=\"http:\/\/www.pr-neu.de\/newsroom\/wordpress\/wp-content\/uploads\/2023\/06\/23-27_Sto_Klimaservice_K.jpg\" target=\"_blank\" rel=\"noopener\"><img loading=\"lazy\" decoding=\"async\" class=\"wp-image-15977 size-medium\" src=\"http:\/\/www.pr-neu.de\/newsroom\/wordpress\/wp-content\/uploads\/2023\/06\/23-27_Sto_Klimaservice_K-300x200.jpg\" alt=\"\" width=\"300\" height=\"200\" srcset=\"https:\/\/www.pr-neu.de\/newsroom\/wordpress\/wp-content\/uploads\/2023\/06\/23-27_Sto_Klimaservice_K-300x200.jpg 300w, https:\/\/www.pr-neu.de\/newsroom\/wordpress\/wp-content\/uploads\/2023\/06\/23-27_Sto_Klimaservice_K-1024x683.jpg 1024w, https:\/\/www.pr-neu.de\/newsroom\/wordpress\/wp-content\/uploads\/2023\/06\/23-27_Sto_Klimaservice_K-768x512.jpg 768w, https:\/\/www.pr-neu.de\/newsroom\/wordpress\/wp-content\/uploads\/2023\/06\/23-27_Sto_Klimaservice_K-1536x1025.jpg 1536w, https:\/\/www.pr-neu.de\/newsroom\/wordpress\/wp-content\/uploads\/2023\/06\/23-27_Sto_Klimaservice_K-2048x1366.jpg 2048w, https:\/\/www.pr-neu.de\/newsroom\/wordpress\/wp-content\/uploads\/2023\/06\/23-27_Sto_Klimaservice_K-110x73.jpg 110w, https:\/\/www.pr-neu.de\/newsroom\/wordpress\/wp-content\/uploads\/2023\/06\/23-27_Sto_Klimaservice_K-420x280.jpg 420w, https:\/\/www.pr-neu.de\/newsroom\/wordpress\/wp-content\/uploads\/2023\/06\/23-27_Sto_Klimaservice_K-645x430.jpg 645w\" sizes=\"auto, (max-width: 300px) 100vw, 300px\" \/><\/a><\/p>\n<p style=\"text-align: center;\">Digital und mobil: Sto Klimaservice-Experten erfassen vor Ort alle Details eines Geb\u00e4udes mit einem Laserscanner.<\/p>\n<p>&nbsp;<\/p>\n<p style=\"text-align: center;\"><a href=\"http:\/\/www.pr-neu.de\/newsroom\/wordpress\/wp-content\/uploads\/2023\/06\/23-27_Punktwolke_K.jpg\" target=\"_blank\" rel=\"noopener\"><img loading=\"lazy\" decoding=\"async\" class=\"aligncenter wp-image-15976\" src=\"http:\/\/www.pr-neu.de\/newsroom\/wordpress\/wp-content\/uploads\/2023\/06\/23-27_Punktwolke_K.jpg\" alt=\"\" width=\"300\" height=\"194\" \/><\/a><\/p>\n<p style=\"text-align: center;\">Die Ergebnisse des Vorort-Scans werden in einer Punktwolke zusammengef\u00fchrt.<\/p>\n<p>&nbsp;<\/p>\n<p style=\"text-align: center;\"><a href=\"http:\/\/www.pr-neu.de\/newsroom\/wordpress\/wp-content\/uploads\/2023\/06\/23-27_2D_Ansicht_K.jpg\" target=\"_blank\" rel=\"noopener\"><img loading=\"lazy\" decoding=\"async\" class=\"wp-image-15974 size-medium\" src=\"http:\/\/www.pr-neu.de\/newsroom\/wordpress\/wp-content\/uploads\/2023\/06\/23-27_2D_Ansicht_K-300x153.jpg\" alt=\"\" width=\"300\" height=\"153\" srcset=\"https:\/\/www.pr-neu.de\/newsroom\/wordpress\/wp-content\/uploads\/2023\/06\/23-27_2D_Ansicht_K-300x153.jpg 300w, https:\/\/www.pr-neu.de\/newsroom\/wordpress\/wp-content\/uploads\/2023\/06\/23-27_2D_Ansicht_K-1024x523.jpg 1024w, https:\/\/www.pr-neu.de\/newsroom\/wordpress\/wp-content\/uploads\/2023\/06\/23-27_2D_Ansicht_K-768x392.jpg 768w, https:\/\/www.pr-neu.de\/newsroom\/wordpress\/wp-content\/uploads\/2023\/06\/23-27_2D_Ansicht_K-1536x784.jpg 1536w, https:\/\/www.pr-neu.de\/newsroom\/wordpress\/wp-content\/uploads\/2023\/06\/23-27_2D_Ansicht_K-2048x1045.jpg 2048w, https:\/\/www.pr-neu.de\/newsroom\/wordpress\/wp-content\/uploads\/2023\/06\/23-27_2D_Ansicht_K-110x56.jpg 110w, https:\/\/www.pr-neu.de\/newsroom\/wordpress\/wp-content\/uploads\/2023\/06\/23-27_2D_Ansicht_K-420x214.jpg 420w, https:\/\/www.pr-neu.de\/newsroom\/wordpress\/wp-content\/uploads\/2023\/06\/23-27_2D_Ansicht_K-770x393.jpg 770w\" sizes=\"auto, (max-width: 300px) 100vw, 300px\" \/><\/a><\/p>\n<p style=\"text-align: center;\">Aus der Punktwolke lassen sich 2D-Ansichten als Grundlage f\u00fcr Materialmengenberechnungen erstellen.<\/p>\n<p>&nbsp;<\/p>\n<p style=\"text-align: center;\"><a href=\"http:\/\/www.pr-neu.de\/newsroom\/wordpress\/wp-content\/uploads\/2023\/06\/23-27_Konzeptvisualisierungen_K.jpg\" target=\"_blank\" rel=\"noopener\"><img loading=\"lazy\" decoding=\"async\" class=\"aligncenter wp-image-15975 size-medium\" src=\"http:\/\/www.pr-neu.de\/newsroom\/wordpress\/wp-content\/uploads\/2023\/06\/23-27_Konzeptvisualisierungen_K-300x168.jpg\" alt=\"\" width=\"300\" height=\"168\" srcset=\"https:\/\/www.pr-neu.de\/newsroom\/wordpress\/wp-content\/uploads\/2023\/06\/23-27_Konzeptvisualisierungen_K-300x168.jpg 300w, https:\/\/www.pr-neu.de\/newsroom\/wordpress\/wp-content\/uploads\/2023\/06\/23-27_Konzeptvisualisierungen_K-1024x575.jpg 1024w, https:\/\/www.pr-neu.de\/newsroom\/wordpress\/wp-content\/uploads\/2023\/06\/23-27_Konzeptvisualisierungen_K-768x431.jpg 768w, https:\/\/www.pr-neu.de\/newsroom\/wordpress\/wp-content\/uploads\/2023\/06\/23-27_Konzeptvisualisierungen_K-110x62.jpg 110w, https:\/\/www.pr-neu.de\/newsroom\/wordpress\/wp-content\/uploads\/2023\/06\/23-27_Konzeptvisualisierungen_K-420x236.jpg 420w, https:\/\/www.pr-neu.de\/newsroom\/wordpress\/wp-content\/uploads\/2023\/06\/23-27_Konzeptvisualisierungen_K-248x138.jpg 248w, https:\/\/www.pr-neu.de\/newsroom\/wordpress\/wp-content\/uploads\/2023\/06\/23-27_Konzeptvisualisierungen_K-770x430.jpg 770w, https:\/\/www.pr-neu.de\/newsroom\/wordpress\/wp-content\/uploads\/2023\/06\/23-27_Konzeptvisualisierungen_K-766x430.jpg 766w, https:\/\/www.pr-neu.de\/newsroom\/wordpress\/wp-content\/uploads\/2023\/06\/23-27_Konzeptvisualisierungen_K.jpg 1441w\" sizes=\"auto, (max-width: 300px) 100vw, 300px\" \/><\/a><\/p>\n<p style=\"text-align: center;\">Visualisierungen der Farb- und Materialkonzepte sind dann nur noch einen Tastendruck weit entfernt.<\/p>\n<p>&nbsp;<\/p>\n<p style=\"text-align: center;\">Alle Bilder: Sto SE &amp; Co. KGaA<\/p>\n<p>&nbsp;<\/p>\n<hr \/>\n<p>&nbsp;<\/p>\n<p>Abdruck honorarfrei, Belegexemplar erbeten<\/p>\n","protected":false},"excerpt":{"rendered":"<p>Der Sto Klimaservice bietet Architekten und Planern umfassende Prozessunterst\u00fctzung bei der Bestandsaufnahme, insbesondere bei Fassadensanierungen.<\/p>\n","protected":false},"author":9,"featured_media":15976,"comment_status":"closed","ping_status":"open","sticky":false,"template":"","format":"standard","meta":{"footnotes":""},"categories":[15],"tags":[2563,60,62,2276,2559,187,2561,2517,398,1783,2557,2565,439,504],"class_list":["post-16032","post","type-post","status-publish","format-standard","has-post-thumbnail","hentry","category-sto","tag-3d-scan","tag-architekten","tag-architektur","tag-bauherren","tag-bauplanung","tag-fassade","tag-fassadensanierung","tag-klimaservice","tag-planer","tag-planung","tag-prozessunterstuetzung","tag-punktwolke","tag-sanierung","tag-sto-2"],"_links":{"self":[{"href":"https:\/\/www.pr-neu.de\/newsroom\/wp-json\/wp\/v2\/posts\/16032","targetHints":{"allow":["GET"]}}],"collection":[{"href":"https:\/\/www.pr-neu.de\/newsroom\/wp-json\/wp\/v2\/posts"}],"about":[{"href":"https:\/\/www.pr-neu.de\/newsroom\/wp-json\/wp\/v2\/types\/post"}],"author":[{"embeddable":true,"href":"https:\/\/www.pr-neu.de\/newsroom\/wp-json\/wp\/v2\/users\/9"}],"replies":[{"embeddable":true,"href":"https:\/\/www.pr-neu.de\/newsroom\/wp-json\/wp\/v2\/comments?post=16032"}],"version-history":[{"count":3,"href":"https:\/\/www.pr-neu.de\/newsroom\/wp-json\/wp\/v2\/posts\/16032\/revisions"}],"predecessor-version":[{"id":16035,"href":"https:\/\/www.pr-neu.de\/newsroom\/wp-json\/wp\/v2\/posts\/16032\/revisions\/16035"}],"wp:featuredmedia":[{"embeddable":true,"href":"https:\/\/www.pr-neu.de\/newsroom\/wp-json\/wp\/v2\/media\/15976"}],"wp:attachment":[{"href":"https:\/\/www.pr-neu.de\/newsroom\/wp-json\/wp\/v2\/media?parent=16032"}],"wp:term":[{"taxonomy":"category","embeddable":true,"href":"https:\/\/www.pr-neu.de\/newsroom\/wp-json\/wp\/v2\/categories?post=16032"},{"taxonomy":"post_tag","embeddable":true,"href":"https:\/\/www.pr-neu.de\/newsroom\/wp-json\/wp\/v2\/tags?post=16032"}],"curies":[{"name":"wp","href":"https:\/\/api.w.org\/{rel}","templated":true}]}}