{"id":16011,"date":"2023-07-12T08:00:20","date_gmt":"2023-07-12T06:00:20","guid":{"rendered":"https:\/\/www.pr-neu.de\/newsroom\/?p=16011"},"modified":"2023-07-11T15:24:03","modified_gmt":"2023-07-11T13:24:03","slug":"brandschutz-kompakt","status":"publish","type":"post","link":"https:\/\/www.pr-neu.de\/newsroom\/brandschutz-kompakt\/","title":{"rendered":"Brandschutz kompakt"},"content":{"rendered":"<p><span style=\"font-size: medium;\"><u>Whitepaper Brandschutz: Planungsgrundlagen f\u00fcr Sonderbauten<\/u> <\/span><\/p>\n<p>Das neue Whitepaper \u201eBrandschutz: Planungsgrundlagen f\u00fcr Sonderbauten&#8220; dient als umfassendes Kompendium f\u00fcr den Einsatz von T\u00fcren und Toren als Feuerschutzabschl\u00fcsse (FSA). Jedes Bauprojekt stellt individuelle Herausforderungen an die Planungsb\u00fcros. Einfluss haben unter anderem Funktion und Gr\u00f6\u00dfe eines Geb\u00e4udes. F\u00fcr die T\u00fcrtechnik bietet das Whitepaper komprimierte Hilfe insbesondere bei der Planung von Sonderbauten, vom Rechenzentrum \u00fcber Museen oder Krankenh\u00e4user bis zur U-Bahn-Station. Zur Sprache kommen alle Aspekte der komplexen Aufgabe, unter anderem Brand- und Rauchschutz, Planung der Flucht- und Rettungswege, Zusammenspiel von FSA und Zugangskontrolle, Klassifikation von Fluchtt\u00fcr-Verschl\u00fcssen bis zu den Gestaltungsm\u00f6glichkeiten der Bauelemente. Praxisbeispiele runden das Whitepaper anschaulich ab. Das 16-seitige Whitepaper gibt es kostenfrei unter<br \/>\n<span style=\"color: #0462c1; font-size: medium;\">www.teckentrup.biz\/architekten\/whitepaper-brandschutztueren <\/span><\/p>\n<p>&nbsp;<\/p>\n<hr \/>\n<p class=\"hide-if-no-js\">\n<p class=\"hide-if-no-js\"><a href=\"http:\/\/www.pr-neu.de\/newsroom\/wordpress\/wp-content\/uploads\/2023\/07\/23_13_Whitepaper_Brandschutz_K.jpg\" target=\"_blank\" rel=\"noopener\"><img loading=\"lazy\" decoding=\"async\" class=\"wp-image-16012 size-medium aligncenter\" src=\"http:\/\/www.pr-neu.de\/newsroom\/wordpress\/wp-content\/uploads\/2023\/07\/23_13_Whitepaper_Brandschutz_K-212x300.jpg\" alt=\"\" width=\"212\" height=\"300\" srcset=\"https:\/\/www.pr-neu.de\/newsroom\/wordpress\/wp-content\/uploads\/2023\/07\/23_13_Whitepaper_Brandschutz_K-212x300.jpg 212w, https:\/\/www.pr-neu.de\/newsroom\/wordpress\/wp-content\/uploads\/2023\/07\/23_13_Whitepaper_Brandschutz_K-724x1024.jpg 724w, https:\/\/www.pr-neu.de\/newsroom\/wordpress\/wp-content\/uploads\/2023\/07\/23_13_Whitepaper_Brandschutz_K-768x1086.jpg 768w, https:\/\/www.pr-neu.de\/newsroom\/wordpress\/wp-content\/uploads\/2023\/07\/23_13_Whitepaper_Brandschutz_K-1087x1536.jpg 1087w, https:\/\/www.pr-neu.de\/newsroom\/wordpress\/wp-content\/uploads\/2023\/07\/23_13_Whitepaper_Brandschutz_K-1449x2048.jpg 1449w, https:\/\/www.pr-neu.de\/newsroom\/wordpress\/wp-content\/uploads\/2023\/07\/23_13_Whitepaper_Brandschutz_K-78x110.jpg 78w, https:\/\/www.pr-neu.de\/newsroom\/wordpress\/wp-content\/uploads\/2023\/07\/23_13_Whitepaper_Brandschutz_K-297x420.jpg 297w, https:\/\/www.pr-neu.de\/newsroom\/wordpress\/wp-content\/uploads\/2023\/07\/23_13_Whitepaper_Brandschutz_K-304x430.jpg 304w, https:\/\/www.pr-neu.de\/newsroom\/wordpress\/wp-content\/uploads\/2023\/07\/23_13_Whitepaper_Brandschutz_K.jpg 1698w\" sizes=\"auto, (max-width: 212px) 100vw, 212px\" \/><\/a><\/p>\n<p style=\"text-align: center;\">Neues Whitepaper von Teckentrup: Brandschutz mit T\u00fcren und Toren in Sonderbauten.<\/p>\n<p style=\"text-align: center;\">Bild: Teckentrup<\/p>\n<p>&nbsp;<\/p>\n<hr \/>\n<p>&nbsp;<\/p>\n<p><strong>Teckentrup: Door Solutions<\/strong><\/p>\n<p>Teckentrup z\u00e4hlt mit seinen Produktionswerken in Verl-S\u00fcrenheide (Hauptsitz, NRW) und Gro\u00dfz\u00f6beritz (Sachsen-Anhalt) zu den gr\u00f6\u00dften Herstellern von T\u00fcren und Toren in Europa. Insgesamt besch\u00e4ftigt das Unternehmen \u00fcber 850 Mitarbeiter, knapp 550 davon in Verl. Das in dritter Generation inhabergef\u00fchrte mittelst\u00e4ndische Familienunternehmen hat sich insbesondere den Werten Qualit\u00e4t, Design und Service verpflichtet. St\u00e4ndige Verbesserungen der Produkte und die Entwicklung neuer Technologien sind f\u00fcr Teckentrup selbstverst\u00e4ndlich. F\u00fcr die kontinuierliche Weiterentwicklung wurde im gesamten Unternehmen eine kundenzentrierte Ausrichtung (Customer Centricity) implementiert. So sorgt das Unternehmen daf\u00fcr, dass gemeinsam mit den Partnern stets die beste L\u00f6sung gefunden wird \u2013 hinsichtlich Design, Sicherheit und Service. Das Angebot umfasst Produktl\u00f6sungen aus den Bereichen HOME (Garagentore), PROFESSIONAL (Funktionst\u00fcren), INDUSTRIAL (Industrietore).<br \/>\nHeute verbindet das 1932 gegr\u00fcndete Unternehmen Tradition mit Fortschritt und das stets \u201emade in Germany\u201c. Zahlreiche internationale Zertifizierungen sind die Basis f\u00fcr einen weltweit erfolgreichen Vertrieb der Produkte.<\/p>\n<p>&nbsp;<\/p>\n<hr \/>\n<p>&nbsp;<\/p>\n<p>Abdruck honorarfrei, Belegexemplar erbeten<\/p>\n","protected":false},"excerpt":{"rendered":"<p>Teckentrup hat ein 16-seitiges, kostenloses Whitepaper zum Brandschutz mit T\u00fcren und Toren mit umfassenden Informationen f\u00fcr Baufachleute aufgelegt.<\/p>\n","protected":false},"author":9,"featured_media":16013,"comment_status":"closed","ping_status":"open","sticky":false,"template":"","format":"standard","meta":{"footnotes":""},"categories":[18],"tags":[94,199,423,2529,565,577,589,2531],"class_list":["post-16011","post","type-post","status-publish","format-standard","has-post-thumbnail","hentry","category-teckentrup","tag-brandschutz","tag-feuerschutz","tag-rauchschutz","tag-sonderbauten","tag-teckentrup","tag-tor","tag-tur","tag-whitepaper"],"_links":{"self":[{"href":"https:\/\/www.pr-neu.de\/newsroom\/wp-json\/wp\/v2\/posts\/16011","targetHints":{"allow":["GET"]}}],"collection":[{"href":"https:\/\/www.pr-neu.de\/newsroom\/wp-json\/wp\/v2\/posts"}],"about":[{"href":"https:\/\/www.pr-neu.de\/newsroom\/wp-json\/wp\/v2\/types\/post"}],"author":[{"embeddable":true,"href":"https:\/\/www.pr-neu.de\/newsroom\/wp-json\/wp\/v2\/users\/9"}],"replies":[{"embeddable":true,"href":"https:\/\/www.pr-neu.de\/newsroom\/wp-json\/wp\/v2\/comments?post=16011"}],"version-history":[{"count":3,"href":"https:\/\/www.pr-neu.de\/newsroom\/wp-json\/wp\/v2\/posts\/16011\/revisions"}],"predecessor-version":[{"id":16016,"href":"https:\/\/www.pr-neu.de\/newsroom\/wp-json\/wp\/v2\/posts\/16011\/revisions\/16016"}],"wp:featuredmedia":[{"embeddable":true,"href":"https:\/\/www.pr-neu.de\/newsroom\/wp-json\/wp\/v2\/media\/16013"}],"wp:attachment":[{"href":"https:\/\/www.pr-neu.de\/newsroom\/wp-json\/wp\/v2\/media?parent=16011"}],"wp:term":[{"taxonomy":"category","embeddable":true,"href":"https:\/\/www.pr-neu.de\/newsroom\/wp-json\/wp\/v2\/categories?post=16011"},{"taxonomy":"post_tag","embeddable":true,"href":"https:\/\/www.pr-neu.de\/newsroom\/wp-json\/wp\/v2\/tags?post=16011"}],"curies":[{"name":"wp","href":"https:\/\/api.w.org\/{rel}","templated":true}]}}