{"id":16002,"date":"2023-07-11T09:23:56","date_gmt":"2023-07-11T07:23:56","guid":{"rendered":"https:\/\/www.pr-neu.de\/newsroom\/?p=16002"},"modified":"2023-07-11T09:24:25","modified_gmt":"2023-07-11T07:24:25","slug":"100-jahre-suedwest","status":"publish","type":"post","link":"https:\/\/www.pr-neu.de\/newsroom\/100-jahre-suedwest\/","title":{"rendered":"100 Jahre S\u00fcdwest"},"content":{"rendered":"<p><u>Jubil\u00e4um am 30. Juni 2023<\/u><\/p>\n<p><strong>Der Farben- und Lackhersteller S\u00fcdwest (B\u00f6hl-Iggelheim) ist in diesem Jahr 100 Jahre jung geworden \u2013 und feierte sein Jubil\u00e4um am 30. Juni 2023 mit vielen G\u00e4sten aus Politik, der Malerbranche und der Farbenindustrie am Stammsitz in B\u00f6hl-Iggelheim.<\/strong><\/p>\n<p><u>B\u00f6hl-Iggelheim, 30. Juni 2023.<\/u> \u201eEin Unternehmen kann nur dann alt werden, wenn es sich stets erneuert.\u201c Mit diesem Statement er\u00f6ffnete Firmenchef Hans-J\u00f6rg von Rhade die Feier zum 100. Geburtstag des Farben- und Lack-Spezialisten. \u201eEbenso wichtig ist es, auf ein Team bauen zu k\u00f6nnen, dass diesen Wandel nicht nur mitgeht, sondern gestaltet. Unser Jubil\u00e4um verdankt S\u00fcdwest also in erster Linie allen Menschen, die hier arbeiten und die daf\u00fcr sorgen, dass wir seit nun 100 Jahren so treue Kunden haben.\u201c Rund 200 G\u00e4ste folgten der Einladung, das runde Jubil\u00e4um direkt am Firmensitz zu feiern, darunter vom VdL Pr\u00e4sident Peter Jansen und Gesch\u00e4ftsf\u00fchrer Dr. Martin Kanert, vom Bundesverband Farbe Pr\u00e4sident Guido M\u00fcller sowie vom Mutterunternehmen Sto Aufsichtsratschef Jochen Stotmeister und die Vorst\u00e4nde Rainer H\u00fcttenberger und Rolf W\u00f6hrle. Dr. Thilo Kaffenberger, Enkel des Firmengr\u00fcnders und S\u00fcdwest-Gesch\u00e4ftsf\u00fchrer bis zur \u00dcbergabe an die Dyckerhoff-Gruppe im Jahre 1986, war ebenso unter den G\u00e4sten sowie viele langj\u00e4hrige Handelskunden aus dem In- und Ausland, die die teilweise weiten Weg aus ganz Europa hin bis nach Taiwan nicht gescheut hatten, um gemeinsam den S\u00fcdwest-Ehrentag zu begehen.<\/p>\n<p>In zwei kurzen Gespr\u00e4chsrunden, geleitet von ntv-Moderatorin Mara Bergmann, konnten die G\u00e4ste die S\u00fcdwest-Geschichte nachvollziehen und vor allem die Pl\u00e4ne des Unternehmens f\u00fcr die kommenden Jahre kennenlernen. \u201eWir werden weiter besonderen Wert auf Kundenn\u00e4he, Flexibilit\u00e4t und Verl\u00e4sslichkeit legen, um f\u00fcr Handel und Handwerk stets ein zuverl\u00e4ssiger Partner zu sein. Mit hoher Produktqualit\u00e4t und bedarfsgerechtem Service tragen wir dazu bei, optimale Arbeitsergebnisse zu liefern. Durch die Entwicklung umweltfreundlicher Produkte verfolgen wir zudem klare Nachhaltigkeitsziele\u201c, blickte von Rhade nach vorn. Unterstrichen wurde dies mit der Vorstellung des neuen S\u00fcdwest-Corporate-Designs: Ein modernes Logo als zentrales Element und ein ganzheitlich neu gestalteter Au\u00dfenauftritt war das Geschenk, das sich S\u00fcdwest selbst zum Geburtstag gab. \u201eMit unserem neuen Auftritt zeigen wir deutlich: S\u00fcdwest hat Tradition und baut auf die Chancen der Zukunft\u201c, res\u00fcmierte von Rhade.<\/p>\n<p><strong>100 Jahre Farben und Lacke<\/strong><\/p>\n<p>Die Keimzelle des Unternehmens liegt in Neustadt an der Weinstra\u00dfe, wo Georg Sch\u00f6ffler 1923 einen Farbenhandel gr\u00fcndete. 14 Jahre sp\u00e4ter beginnt die Produktion am heutigen Firmensitz in B\u00f6hl-Iggelheim, S\u00fcdwest wird zur exklusiven Marke f\u00fcr Fachhandel und Maler-Profis. Wichtige Meilensteine der Firmengeschichte sind die Einbindung in die Sto-Gruppe (2002) und viele technologische Fortschritte, wie die Produktion von Fassadenfarben mit Lotus-Effekt, wasserbasierte Lacke, Wei\u00dflacke mit Dendrimer-Technologie, Produkte auf PU-Hybrid-Basis sowie Farben mit bionischem Effekt. 2021 weihte S\u00fcdwest sein neues Logistikzentrum ein und stellt auch damit die Zeichen auf Wachstum.<\/p>\n<p>&nbsp;<\/p>\n<hr \/>\n<p>&nbsp;<\/p>\n<p><a href=\"http:\/\/www.pr-neu.de\/newsroom\/wordpress\/wp-content\/uploads\/2023\/07\/Suedwest_Logo_2023_G.jpg\" target=\"_blank\" rel=\"noopener\"><img loading=\"lazy\" decoding=\"async\" class=\"aligncenter wp-image-16004\" src=\"http:\/\/www.pr-neu.de\/newsroom\/wordpress\/wp-content\/uploads\/2023\/07\/Suedwest_Logo_2023_G.jpg\" alt=\"\" width=\"300\" height=\"45\" \/><\/a><\/p>\n<p style=\"text-align: center;\">Das neue Logo: Klar und modern.<\/p>\n<p>&nbsp;<\/p>\n<p><a href=\"http:\/\/www.pr-neu.de\/newsroom\/wordpress\/wp-content\/uploads\/2023\/07\/23_13_Gruppe_G-scaled.jpg\" target=\"_blank\" rel=\"noopener\"><img loading=\"lazy\" decoding=\"async\" class=\"aligncenter wp-image-16003 size-medium\" src=\"http:\/\/www.pr-neu.de\/newsroom\/wordpress\/wp-content\/uploads\/2023\/07\/23_13_Gruppe_G-300x146.jpg\" alt=\"\" width=\"300\" height=\"146\" srcset=\"https:\/\/www.pr-neu.de\/newsroom\/wordpress\/wp-content\/uploads\/2023\/07\/23_13_Gruppe_G-300x146.jpg 300w, https:\/\/www.pr-neu.de\/newsroom\/wordpress\/wp-content\/uploads\/2023\/07\/23_13_Gruppe_G-1024x499.jpg 1024w, https:\/\/www.pr-neu.de\/newsroom\/wordpress\/wp-content\/uploads\/2023\/07\/23_13_Gruppe_G-768x374.jpg 768w, https:\/\/www.pr-neu.de\/newsroom\/wordpress\/wp-content\/uploads\/2023\/07\/23_13_Gruppe_G-1536x748.jpg 1536w, https:\/\/www.pr-neu.de\/newsroom\/wordpress\/wp-content\/uploads\/2023\/07\/23_13_Gruppe_G-2048x997.jpg 2048w, https:\/\/www.pr-neu.de\/newsroom\/wordpress\/wp-content\/uploads\/2023\/07\/23_13_Gruppe_G-110x54.jpg 110w, https:\/\/www.pr-neu.de\/newsroom\/wordpress\/wp-content\/uploads\/2023\/07\/23_13_Gruppe_G-420x204.jpg 420w, https:\/\/www.pr-neu.de\/newsroom\/wordpress\/wp-content\/uploads\/2023\/07\/23_13_Gruppe_G-770x375.jpg 770w\" sizes=\"auto, (max-width: 300px) 100vw, 300px\" \/><\/a><\/p>\n<p style=\"text-align: center;\">Sto-Vorstand Rainer H\u00fcttenberger, S\u00fcdwest-Vertriebschef Nicco Johannes, Moderatorin Mara Bergmann, Sto-Aufsichtsratschef Jochen Stotmeister, S\u00fcdwest-Chef Hans-J\u00f6rg von Rhade.<\/p>\n<p style=\"text-align: center;\">Bilder. S\u00fcdwest<\/p>\n<p>&nbsp;<\/p>\n<hr \/>\n<p>&nbsp;<\/p>\n<p><strong>\u00dcber S\u00fcdwest Lacke + Farben<\/strong><\/p>\n<p>Die S\u00fcdwest Lacke + Farben GmbH &amp; Co. KG ist ein in der Pfalz beheimateter Hersteller von Lacken und Farben. Sein Produktsortiment reicht von der Bodenbeschichtung \u00fcber Holzschutz bis zur Dachfarbe, von der Innenfarbe \u00fcber Lacke bis zum W\u00e4rmed\u00e4mmverbundsystem (WDVS). Das Unternehmen steht f\u00fcr Produkte von h\u00f6chster Qualit\u00e4t, Funktionalit\u00e4t und Umweltvertr\u00e4glichkeit im Profi-Segment und z\u00e4hlt zu den f\u00fchrenden mittelst\u00e4ndischen Lackherstellern in Deutschland und Zentraleuropa.<\/p>\n<p>&nbsp;<\/p>\n<hr \/>\n<p>&nbsp;<\/p>\n<p>Abdruck honorarfrei, Belegexemplar erbeten<\/p>\n","protected":false},"excerpt":{"rendered":"<p>Der Farben- und Lackhersteller S\u00fcdwest (B\u00f6hl-Iggelheim) ist in diesem Jahr 100 Jahre jung geworden \u2013 und feierte sein Jubil\u00e4um am 30. Juni 2023 mit vielen G\u00e4sten aus Politik, der Malerbranche und der Farbenindustrie am Stammsitz in B\u00f6hl-Iggelheim.<\/p>\n","protected":false},"author":9,"featured_media":16003,"comment_status":"closed","ping_status":"open","sticky":false,"template":"","format":"standard","meta":{"footnotes":""},"categories":[17],"tags":[2527,180,2525,330,554,1757],"class_list":["post-16002","post","type-post","status-publish","format-standard","has-post-thumbnail","hentry","category-sudwest","tag-100-jahre","tag-farbe","tag-feier","tag-lack","tag-sudwest","tag-unternehmen"],"_links":{"self":[{"href":"https:\/\/www.pr-neu.de\/newsroom\/wp-json\/wp\/v2\/posts\/16002","targetHints":{"allow":["GET"]}}],"collection":[{"href":"https:\/\/www.pr-neu.de\/newsroom\/wp-json\/wp\/v2\/posts"}],"about":[{"href":"https:\/\/www.pr-neu.de\/newsroom\/wp-json\/wp\/v2\/types\/post"}],"author":[{"embeddable":true,"href":"https:\/\/www.pr-neu.de\/newsroom\/wp-json\/wp\/v2\/users\/9"}],"replies":[{"embeddable":true,"href":"https:\/\/www.pr-neu.de\/newsroom\/wp-json\/wp\/v2\/comments?post=16002"}],"version-history":[{"count":5,"href":"https:\/\/www.pr-neu.de\/newsroom\/wp-json\/wp\/v2\/posts\/16002\/revisions"}],"predecessor-version":[{"id":16010,"href":"https:\/\/www.pr-neu.de\/newsroom\/wp-json\/wp\/v2\/posts\/16002\/revisions\/16010"}],"wp:featuredmedia":[{"embeddable":true,"href":"https:\/\/www.pr-neu.de\/newsroom\/wp-json\/wp\/v2\/media\/16003"}],"wp:attachment":[{"href":"https:\/\/www.pr-neu.de\/newsroom\/wp-json\/wp\/v2\/media?parent=16002"}],"wp:term":[{"taxonomy":"category","embeddable":true,"href":"https:\/\/www.pr-neu.de\/newsroom\/wp-json\/wp\/v2\/categories?post=16002"},{"taxonomy":"post_tag","embeddable":true,"href":"https:\/\/www.pr-neu.de\/newsroom\/wp-json\/wp\/v2\/tags?post=16002"}],"curies":[{"name":"wp","href":"https:\/\/api.w.org\/{rel}","templated":true}]}}