{"id":15998,"date":"2023-07-07T15:43:37","date_gmt":"2023-07-07T13:43:37","guid":{"rendered":"https:\/\/www.pr-neu.de\/newsroom\/?p=15998"},"modified":"2023-07-07T15:44:13","modified_gmt":"2023-07-07T13:44:13","slug":"oker-bei-veltenhof-gesperrt","status":"publish","type":"post","link":"https:\/\/www.pr-neu.de\/newsroom\/oker-bei-veltenhof-gesperrt\/","title":{"rendered":"Oker bei Veltenhof gesperrt"},"content":{"rendered":"<p><u>Braunschweig, 7.\u00a0Juli 2023.<\/u> Das Unwetter in Braunschweig hat seine Spuren auch an der Oker hinterlassen: Baumsch\u00e4den machen es aktuell nicht m\u00f6glich, den Fluss auf H\u00f6he Veltenhof f\u00fcr Kanufahrten und \u00e4hnliches zu nutzen. Hier besteht Gefahr f\u00fcr Leib und Leben durch die in der Oker liegenden H\u00f6lzer, zudem k\u00f6nnten gesch\u00e4digte B\u00e4ume noch in den Wasserlauf st\u00fcrzen. Die Stadtentw\u00e4sserung Braunschweig GmbH (SEBS) wird die Sch\u00e4den schnellstm\u00f6glich wieder beseitigen. Aufgrund der Vielzahl an Unwettersch\u00e4den und der aufw\u00e4ndigen Arbeiten wird die Oker in diesem Abschnitt dennoch erst wieder in einigen Wochen passierbar sein. Die unwetterbedingte St\u00f6rung oberhalb der Pockelsbr\u00fccke ist hingegen schon von der SE|BS beseitigt, in der Braunschweiger Innenstadt gibt es also keine Einschr\u00e4nkungen auf der Oker.<\/p>\n<p>&nbsp;<\/p>\n<hr \/>\n<p>&nbsp;<\/p>\n<p>Abdruck honorarfrei, Belegexemplar erbeten.<\/p>\n","protected":false},"excerpt":{"rendered":"<p>Braunschweig, 7.\u00a0Juli 2023. Das Unwetter in Braunschweig hat seine Spuren auch an der Oker hinterlassen: Baumsch\u00e4den machen es aktuell nicht m\u00f6glich, den Fluss auf H\u00f6he Veltenhof f\u00fcr Kanufahrten und \u00e4hnliches zu nutzen. Hier besteht Gefahr f\u00fcr Leib und Leben durch die in der Oker liegenden H\u00f6lzer, zudem k\u00f6nnten gesch\u00e4digte B\u00e4ume noch in den Wasserlauf st\u00fcrzen. [&hellip;]<\/p>\n","protected":false},"author":9,"featured_media":8697,"comment_status":"closed","ping_status":"open","sticky":false,"template":"","format":"standard","meta":{"footnotes":""},"categories":[1517],"tags":[],"class_list":["post-15998","post","type-post","status-publish","format-standard","has-post-thumbnail","hentry","category-sebs"],"_links":{"self":[{"href":"https:\/\/www.pr-neu.de\/newsroom\/wp-json\/wp\/v2\/posts\/15998","targetHints":{"allow":["GET"]}}],"collection":[{"href":"https:\/\/www.pr-neu.de\/newsroom\/wp-json\/wp\/v2\/posts"}],"about":[{"href":"https:\/\/www.pr-neu.de\/newsroom\/wp-json\/wp\/v2\/types\/post"}],"author":[{"embeddable":true,"href":"https:\/\/www.pr-neu.de\/newsroom\/wp-json\/wp\/v2\/users\/9"}],"replies":[{"embeddable":true,"href":"https:\/\/www.pr-neu.de\/newsroom\/wp-json\/wp\/v2\/comments?post=15998"}],"version-history":[{"count":2,"href":"https:\/\/www.pr-neu.de\/newsroom\/wp-json\/wp\/v2\/posts\/15998\/revisions"}],"predecessor-version":[{"id":16000,"href":"https:\/\/www.pr-neu.de\/newsroom\/wp-json\/wp\/v2\/posts\/15998\/revisions\/16000"}],"wp:featuredmedia":[{"embeddable":true,"href":"https:\/\/www.pr-neu.de\/newsroom\/wp-json\/wp\/v2\/media\/8697"}],"wp:attachment":[{"href":"https:\/\/www.pr-neu.de\/newsroom\/wp-json\/wp\/v2\/media?parent=15998"}],"wp:term":[{"taxonomy":"category","embeddable":true,"href":"https:\/\/www.pr-neu.de\/newsroom\/wp-json\/wp\/v2\/categories?post=15998"},{"taxonomy":"post_tag","embeddable":true,"href":"https:\/\/www.pr-neu.de\/newsroom\/wp-json\/wp\/v2\/tags?post=15998"}],"curies":[{"name":"wp","href":"https:\/\/api.w.org\/{rel}","templated":true}]}}