{"id":15991,"date":"2023-06-19T07:00:16","date_gmt":"2023-06-19T05:00:16","guid":{"rendered":"https:\/\/www.pr-neu.de\/newsroom\/?p=15991"},"modified":"2023-07-03T12:01:23","modified_gmt":"2023-07-03T10:01:23","slug":"gebaeudedaemmung-schont-das-klima-und-den-geldbeutel","status":"publish","type":"post","link":"https:\/\/www.pr-neu.de\/newsroom\/gebaeudedaemmung-schont-das-klima-und-den-geldbeutel\/","title":{"rendered":"Geb\u00e4uded\u00e4mmung schont das Klima und den Geldbeutel"},"content":{"rendered":"<p><u>Energiewende<\/u><\/p>\n<p>Wenn die deutschen Klimaschutzziele erreicht werden sollen, m\u00fcssen zwei Herkulesaufgaben gleichzeitig bew\u00e4ltigt werden: die Energieverbr\u00e4uche drosseln und die Energiegewinnung dekarbonisieren. Mit dem aktuellen Geb\u00e4udeenergiegesetz setzt die Bundesregierung den Fokus auf die regenerative Energieerzeugung. Nahezu alle Experten sind sich jedoch einig, dass es damit nicht getan ist.<\/p>\n<p>Eine ganze Reihe von Gr\u00fcnden sprechen dagegen, die 15,2 Terrawattstunden (statista), die 2020 in Deutschland f\u00fcr W\u00e4rme aufgewendet wurden, einfach anders zu erzeugen. Und bei dieser Menge wird es voraussichtlich nicht bleiben. Wenn k\u00fcnftig immer mehr Autos Strom \u201etanken\u201c und viele Geb\u00e4ude Strom in W\u00e4rme umwandeln, kommt auch die Energienetz-Infrastruktur an ihre Grenzen.\u00a0 Alle diese Gr\u00fcnde sprechen daf\u00fcr, fossile Energietr\u00e4ger nicht eins zu eins durch gr\u00fcne Energien zu ersetzen. Ohne Energie sinnvoll einzusparen, sind die Klimaziele nur schwer zu erreichen.<\/p>\n<p>Insbesondere im Geb\u00e4udesektor, der 2020 f\u00fcr 52,1 Prozent der deutschen Gesamtenergieverbr\u00e4uche verantwortlich war, l\u00e4sst sich Energie sparen. Ein nachhaltiger Weg zu diesen Einsparungen f\u00fchrt \u00fcber gut ged\u00e4mmte Geb\u00e4udeh\u00fcllen. W\u00e4rmed\u00e4mm-Verbundsysteme (WDVS) oder vorgeh\u00e4ngte hinterl\u00fcftete Fassadensysteme (VHF) erh\u00f6hen nicht nur die Wirtschaftlichkeit von W\u00e4rmepumpen, sondern sorgen auch dort, wo der Umstieg auf regenerative Energien noch einige Zeit dauern wird, f\u00fcr deutliche Einsparungen bei den fossilen Brennstoffen und damit zugleich bei den klimasch\u00e4dlichen CO2-Emissionen. Ein WDVS reduziert Energieverluste bei kleineren Geb\u00e4uden (175 m2) um rund 25 Prozent. Bei gro\u00dfen Geb\u00e4uden (750 m2) steigt dieser Wert auf etwa 40 Prozent. Erstere k\u00f6nnen damit durchschnittlich 1.050 Liter Heiz\u00f6l pro Jahr sparen, Mehrfamilienh\u00e4user sogar 7.500 Liter. Diese Einsparungen wiederum reduzieren den Aussto\u00df von CO2 um 3.150 beziehungsweise 21.000 Kilogramm j\u00e4hrlich.<\/p>\n<p>Diesen wichtigen Beitrag zur D\u00e4mmung von Geb\u00e4uden und somit zum Gelingen der Energiewende leisten Fachhandwerker und Bauunternehmen tagt\u00e4glich mit ihrer Arbeit bei Neubauten und im Bestand. Damit dieser Weg auch in Zukunft erfolgreich beschritten werden kann, ist ein ganzheitliches Denken f\u00fcr eine erfolgreiche Energiewende notwendig. Schlie\u00dflich wird auch Kaffee sehr schnell kalt \u2013 ganz egal wie er zuvor erhitzt wurde \u2013, wenn die Kanne nicht isoliert ist.<\/p>\n<p>&nbsp;<\/p>\n<hr \/>\n<p>&nbsp;<\/p>\n<p><a href=\"http:\/\/www.pr-neu.de\/newsroom\/wordpress\/wp-content\/uploads\/2023\/07\/23-29_Daemmung_K-2.jpg\" target=\"_blank\" rel=\"noopener\"><img loading=\"lazy\" decoding=\"async\" class=\"aligncenter wp-image-15996 size-medium\" src=\"http:\/\/www.pr-neu.de\/newsroom\/wordpress\/wp-content\/uploads\/2023\/07\/23-29_Daemmung_K-2-300x200.jpg\" alt=\"\" width=\"300\" height=\"200\" srcset=\"https:\/\/www.pr-neu.de\/newsroom\/wordpress\/wp-content\/uploads\/2023\/07\/23-29_Daemmung_K-2-300x200.jpg 300w, https:\/\/www.pr-neu.de\/newsroom\/wordpress\/wp-content\/uploads\/2023\/07\/23-29_Daemmung_K-2-1024x683.jpg 1024w, https:\/\/www.pr-neu.de\/newsroom\/wordpress\/wp-content\/uploads\/2023\/07\/23-29_Daemmung_K-2-768x512.jpg 768w, https:\/\/www.pr-neu.de\/newsroom\/wordpress\/wp-content\/uploads\/2023\/07\/23-29_Daemmung_K-2-1536x1024.jpg 1536w, https:\/\/www.pr-neu.de\/newsroom\/wordpress\/wp-content\/uploads\/2023\/07\/23-29_Daemmung_K-2-2048x1365.jpg 2048w, https:\/\/www.pr-neu.de\/newsroom\/wordpress\/wp-content\/uploads\/2023\/07\/23-29_Daemmung_K-2-110x73.jpg 110w, https:\/\/www.pr-neu.de\/newsroom\/wordpress\/wp-content\/uploads\/2023\/07\/23-29_Daemmung_K-2-420x280.jpg 420w, https:\/\/www.pr-neu.de\/newsroom\/wordpress\/wp-content\/uploads\/2023\/07\/23-29_Daemmung_K-2-645x430.jpg 645w\" sizes=\"auto, (max-width: 300px) 100vw, 300px\" \/><\/a><\/p>\n<p style=\"text-align: center;\">Ohne gute ged\u00e4mmte Geb\u00e4udeh\u00fcllen sind die Klimaziele nicht zu erreichen.<\/p>\n<p style=\"text-align: center;\">Bild: Sto SE &amp; Co. KGaA<\/p>\n<p>&nbsp;<\/p>\n<hr \/>\n<p>&nbsp;<\/p>\n<p>Abdruck honorarfrei, Belegexemplar erbeten<\/p>\n","protected":false},"excerpt":{"rendered":"<p>Energiewende Wenn die deutschen Klimaschutzziele erreicht werden sollen, m\u00fcssen zwei Herkulesaufgaben gleichzeitig bew\u00e4ltigt werden: die Energieverbr\u00e4uche drosseln und die Energiegewinnung dekarbonisieren. Mit dem aktuellen Geb\u00e4udeenergiegesetz setzt die Bundesregierung den Fokus auf die regenerative Energieerzeugung. Nahezu alle Experten sind sich jedoch einig, dass es damit nicht getan ist. Eine ganze Reihe von Gr\u00fcnden sprechen dagegen, die [&hellip;]<\/p>\n","protected":false},"author":9,"featured_media":15996,"comment_status":"closed","ping_status":"open","sticky":false,"template":"","format":"standard","meta":{"footnotes":""},"categories":[15],"tags":[],"class_list":["post-15991","post","type-post","status-publish","format-standard","has-post-thumbnail","hentry","category-sto"],"_links":{"self":[{"href":"https:\/\/www.pr-neu.de\/newsroom\/wp-json\/wp\/v2\/posts\/15991","targetHints":{"allow":["GET"]}}],"collection":[{"href":"https:\/\/www.pr-neu.de\/newsroom\/wp-json\/wp\/v2\/posts"}],"about":[{"href":"https:\/\/www.pr-neu.de\/newsroom\/wp-json\/wp\/v2\/types\/post"}],"author":[{"embeddable":true,"href":"https:\/\/www.pr-neu.de\/newsroom\/wp-json\/wp\/v2\/users\/9"}],"replies":[{"embeddable":true,"href":"https:\/\/www.pr-neu.de\/newsroom\/wp-json\/wp\/v2\/comments?post=15991"}],"version-history":[{"count":3,"href":"https:\/\/www.pr-neu.de\/newsroom\/wp-json\/wp\/v2\/posts\/15991\/revisions"}],"predecessor-version":[{"id":15995,"href":"https:\/\/www.pr-neu.de\/newsroom\/wp-json\/wp\/v2\/posts\/15991\/revisions\/15995"}],"wp:featuredmedia":[{"embeddable":true,"href":"https:\/\/www.pr-neu.de\/newsroom\/wp-json\/wp\/v2\/media\/15996"}],"wp:attachment":[{"href":"https:\/\/www.pr-neu.de\/newsroom\/wp-json\/wp\/v2\/media?parent=15991"}],"wp:term":[{"taxonomy":"category","embeddable":true,"href":"https:\/\/www.pr-neu.de\/newsroom\/wp-json\/wp\/v2\/categories?post=15991"},{"taxonomy":"post_tag","embeddable":true,"href":"https:\/\/www.pr-neu.de\/newsroom\/wp-json\/wp\/v2\/tags?post=15991"}],"curies":[{"name":"wp","href":"https:\/\/api.w.org\/{rel}","templated":true}]}}