{"id":1599,"date":"2012-12-03T14:09:32","date_gmt":"2012-12-03T14:09:32","guid":{"rendered":"http:\/\/www.pr-nord.de\/newsroom\/?p=1599"},"modified":"2020-05-29T09:25:28","modified_gmt":"2020-05-29T07:25:28","slug":"mehr-tageslicht-mit-econtrol-5512","status":"publish","type":"post","link":"https:\/\/www.pr-neu.de\/newsroom\/mehr-tageslicht-mit-econtrol-5512\/","title":{"rendered":"Mehr Tageslicht mit ECONTROL 55\/12"},"content":{"rendered":"<p><span style=\"text-decoration: underline;\">EControl-Glas auf der BAU 2013: Halle C2\/504<\/span><\/p>\n<p>Dimmbares Glas: internationale Nachfrage nach besonderen Verglasungs-L\u00f6sungen steigt<\/p>\n<p><strong>Gutes noch besser: Auf der BAU 2013 in M\u00fcnchen pr\u00e4sentiert EControl-Glas (Plauen) die neue Generation ihres dimmbaren Sonnenschutzglases: ECONTROL 55\/12. Die Tageslichttransmission im hell geschalteten Zustand wurde auf 55 Prozent erh\u00f6ht. \u201eWir erreichen so noch nat\u00fcrlichere Lichtverh\u00e4ltnisse. Durch das erweiterte Spektrum wird das Glas f\u00fcr immer mehr architektonische Bereiche anwendbar\u201c, erkl\u00e4rt EControl-Vertriebsleiter Manfred Dittmar. <\/strong><\/p>\n<p>Sonnenschutzglas f\u00fcr die moderne Architektur gibt es heute mit allen denkbaren strahlungstechnischen Werten. Immer h\u00e4ufiger werden jedoch variable L\u00f6sungen nachgefragt, die den Sonnenschutz und die Tageslichttransmission der Verglasung an individuelle Bed\u00fcrfnisse anpassen. Das dimmbare Sonnenschutzglas aus der Innovationsschmiede der Plauener Glasspezialisten ist so eine L\u00f6sung \u2212 und eine besonders erfolgreiche noch dazu. Tageslichttransmission und g-Wert lassen sich per Knopfdruck oder moderner Touch-Panel-Steuerung individuell einstellen. Das macht sogar einen mechanischen Sonnenschutz im Au\u00dfenbereich \u00fcberfl\u00fcssig.<\/p>\n<p>Als Zweifach-Isolierglas ist die Lichtdurchl\u00e4ssigkeit (T<sub>v<\/sub>) von ECONTROL 55\/12 zwischen 15 und 55 Prozent individuell einstellbar. Der Gesamtenergiedurchlass (g-Wert) ist zwischen 12 und 40 Prozent justierbar. Bei vollst\u00e4ndig eingef\u00e4rbtem Glas gelangen also nur rund zehn Prozent der w\u00e4rmenden Sonnenstrahlen in den Raum. Im Dreifach-Aufbau sind sogar g-Werte von 9 bis 33 Prozent erreichbar. Die au\u00dfergew\u00f6hnlichen Sonnenschutzwerte auf der st\u00e4rksten Dimmstufe pr\u00e4destinieren das Glas selbst f\u00fcr gro\u00dffl\u00e4chige Fassaden in subtropischen Lagen mit langen, extremen Hitzeperioden.<\/p>\n<p><strong>Steuerungsautomatik f\u00fcr mehr Komfort<\/strong><\/p>\n<p>Neben der Sonnenschutzverglasung entwickelt EControl auch ihre Steuerung stetig weiter: Mit der Steuerungsautomatik \u201eEC Comfort\u201c ist das automatische Dimmen der Verglasung \u00fcber im Au\u00dfenbereich angebrachte Sensoren m\u00f6glich. \u00c4ndern sich die Witterungsverh\u00e4ltnisse (z.B. Temperatur oder Bew\u00f6lkung), dimmt \u201eEC Comfort\u201c das Glas selbstst\u00e4ndig oder hellt es auf. Da der Einf\u00e4rbungsprozess \u00fcber 15 Minuten gleichm\u00e4\u00dfig verl\u00e4uft, wird er vom Raumnutzer kaum wahrgenommen. \u00dcber die manuelle Steuerung k\u00f6nnen per Knopfdruck bis zu 30 Scheiben gleichzeitig geschaltet werden, bei der Touch-Panel-Steuerung \u201eEC Comfort\u201c ist der Anzahl der gesteuerten Gl\u00e4ser keine Grenze gesetzt. \u00dcber Einbindung des Panels in die Geb\u00e4udeleittechnik lassen sich so nicht nur einzelne Scheiben, sondern auch ganze Glasfassaden komfortabel einstellen. \u201eBesonders interessant ist die Automatik deshalb f\u00fcr gro\u00dffl\u00e4chige Fassaden von B\u00fcrogeb\u00e4uden, weil hier konstant ideale Temperaturen gefordert sind und trotzdem so viel Tageslicht wie m\u00f6glich hereinkommen soll\u201c, erl\u00e4utert Dittmar.<\/p>\n<p>Besucher der BAU 2013 k\u00f6nnen sich \u00fcber die smarte Sonnenschutztechnologie von EControl-Glas in der Halle C2 am Stand 504 informieren.<\/p>\n<p>Weitere Informationen unter <a href=\"http:\/\/www.econtrol-glas.de\" target=\"_blank\" rel=\"noopener noreferrer\">www.econtrol-glas.de<\/a> oder <a href=\"http:\/\/www.facebook.com\/econtrol.glas\" target=\"_blank\" rel=\"noopener noreferrer\">www.facebook.com\/econtrol.glas<\/a>.<\/p>\n<hr noshade=\"noshade\" size=\"1\" \/>\n<table style=\"height: 499px;\" border=\"0\" width=\"589\" cellspacing=\"0\" cellpadding=\"0\">\n<tbody>\n<tr>\n<td valign=\"top\" width=\"370\" height=\"200\"><a href=\"http:\/\/www.pr-neu.de\/newsroom\/wordpress\/wp-content\/uploads\/2012\/12\/12-08_EControl_G-1.jpg\"><img loading=\"lazy\" decoding=\"async\" class=\"aligncenter size-medium wp-image-13373\" src=\"http:\/\/www.pr-neu.de\/newsroom\/wordpress\/wp-content\/uploads\/2012\/12\/12-08_EControl_G-1-204x300.jpg\" alt=\"\" width=\"204\" height=\"300\" srcset=\"https:\/\/www.pr-neu.de\/newsroom\/wordpress\/wp-content\/uploads\/2012\/12\/12-08_EControl_G-1-204x300.jpg 204w, https:\/\/www.pr-neu.de\/newsroom\/wordpress\/wp-content\/uploads\/2012\/12\/12-08_EControl_G-1-695x1024.jpg 695w, https:\/\/www.pr-neu.de\/newsroom\/wordpress\/wp-content\/uploads\/2012\/12\/12-08_EControl_G-1-768x1131.jpg 768w, https:\/\/www.pr-neu.de\/newsroom\/wordpress\/wp-content\/uploads\/2012\/12\/12-08_EControl_G-1-1043x1536.jpg 1043w, https:\/\/www.pr-neu.de\/newsroom\/wordpress\/wp-content\/uploads\/2012\/12\/12-08_EControl_G-1-1391x2048.jpg 1391w, https:\/\/www.pr-neu.de\/newsroom\/wordpress\/wp-content\/uploads\/2012\/12\/12-08_EControl_G-1-75x110.jpg 75w, https:\/\/www.pr-neu.de\/newsroom\/wordpress\/wp-content\/uploads\/2012\/12\/12-08_EControl_G-1-285x420.jpg 285w, https:\/\/www.pr-neu.de\/newsroom\/wordpress\/wp-content\/uploads\/2012\/12\/12-08_EControl_G-1-292x430.jpg 292w, https:\/\/www.pr-neu.de\/newsroom\/wordpress\/wp-content\/uploads\/2012\/12\/12-08_EControl_G-1.jpg 1544w\" sizes=\"auto, (max-width: 204px) 100vw, 204px\" \/><\/a><\/td>\n<td>ECONTROL 55\/12 dimmbares Sonnenschutzglas bietet eine erh\u00f6hte Tageslichttransmission.<\/p>\n<p>Bild: EControl-Glas<\/td>\n<\/tr>\n<\/tbody>\n<\/table>\n<hr noshade=\"noshade\" size=\"1\" \/>\n<p>Abdruck honorarfrei, Belegexemplar erbeten<\/p>\n<p><strong>R\u00fcckfragen beantwortet gern<\/strong><\/p>\n<table width=\"532\">\n<tbody>\n<tr>\n<td valign=\"top\" width=\"260\" height=\"25\"><strong>EControl-Glas<\/strong> GmbH &amp; Co. KG<br \/>\nNadine Witt<br \/>\nTel.: +49(0)3741\/14820-116<br \/>\nFax: +49(0)3741\/14820-150<br \/>\nE-Mail: <a href=\"&#109;&#x61;&#x69;l&#116;&#x6f;:&#112;&#x72;e&#115;&#x73;e&#64;&#x65;&#x63;&#111;&#x6e;&#x74;r&#111;&#x6c;-&#103;&#x6c;a&#115;&#x2e;&#x64;&#101;\">&#x70;&#x72;&#x65;&#115;&#115;e&#64;&#x65;&#x63;&#x6f;&#110;&#116;ro&#x6c;&#x2d;&#x67;&#108;&#97;s&#46;&#x64;&#x65;<\/a><\/td>\n<td colspan=\"3\" valign=\"top\" width=\"260\" height=\"21\"><\/td>\n<\/tr>\n<\/tbody>\n<\/table>\n","protected":false},"excerpt":{"rendered":"<p>EControl-Glas auf der BAU 2013: Halle C2\/504 Dimmbares Glas: internationale Nachfrage nach besonderen Verglasungs-L\u00f6sungen steigt Gutes noch besser: Auf der BAU 2013 in M\u00fcnchen pr\u00e4sentiert EControl-Glas (Plauen) die neue Generation ihres dimmbaren Sonnenschutzglases: ECONTROL 55\/12. Die Tageslichttransmission im hell geschalteten Zustand wurde auf 55 Prozent erh\u00f6ht. \u201eWir erreichen so noch nat\u00fcrlichere Lichtverh\u00e4ltnisse. Durch das erweiterte [&hellip;]<\/p>\n","protected":false},"author":6,"featured_media":7866,"comment_status":"closed","ping_status":"open","sticky":false,"template":"","format":"standard","meta":{"footnotes":""},"categories":[25,3,6],"tags":[73,135,194,493,608],"class_list":["post-1599","post","type-post","status-publish","format-standard","has-post-thumbnail","hentry","category-econtrol","category-kundenmeldungen","category-messen","tag-bau","tag-dimmbares-glas","tag-fenster","tag-sonnenschutzglas","tag-verglasung"],"_links":{"self":[{"href":"https:\/\/www.pr-neu.de\/newsroom\/wp-json\/wp\/v2\/posts\/1599","targetHints":{"allow":["GET"]}}],"collection":[{"href":"https:\/\/www.pr-neu.de\/newsroom\/wp-json\/wp\/v2\/posts"}],"about":[{"href":"https:\/\/www.pr-neu.de\/newsroom\/wp-json\/wp\/v2\/types\/post"}],"author":[{"embeddable":true,"href":"https:\/\/www.pr-neu.de\/newsroom\/wp-json\/wp\/v2\/users\/6"}],"replies":[{"embeddable":true,"href":"https:\/\/www.pr-neu.de\/newsroom\/wp-json\/wp\/v2\/comments?post=1599"}],"version-history":[{"count":3,"href":"https:\/\/www.pr-neu.de\/newsroom\/wp-json\/wp\/v2\/posts\/1599\/revisions"}],"predecessor-version":[{"id":13374,"href":"https:\/\/www.pr-neu.de\/newsroom\/wp-json\/wp\/v2\/posts\/1599\/revisions\/13374"}],"wp:featuredmedia":[{"embeddable":true,"href":"https:\/\/www.pr-neu.de\/newsroom\/wp-json\/wp\/v2\/media\/7866"}],"wp:attachment":[{"href":"https:\/\/www.pr-neu.de\/newsroom\/wp-json\/wp\/v2\/media?parent=1599"}],"wp:term":[{"taxonomy":"category","embeddable":true,"href":"https:\/\/www.pr-neu.de\/newsroom\/wp-json\/wp\/v2\/categories?post=1599"},{"taxonomy":"post_tag","embeddable":true,"href":"https:\/\/www.pr-neu.de\/newsroom\/wp-json\/wp\/v2\/tags?post=1599"}],"curies":[{"name":"wp","href":"https:\/\/api.w.org\/{rel}","templated":true}]}}