{"id":15973,"date":"2023-06-26T08:00:47","date_gmt":"2023-06-26T06:00:47","guid":{"rendered":"https:\/\/www.pr-neu.de\/newsroom\/?p=15973"},"modified":"2023-06-23T11:20:59","modified_gmt":"2023-06-23T09:20:59","slug":"gescannt-bis-in-die-nische","status":"publish","type":"post","link":"https:\/\/www.pr-neu.de\/newsroom\/gescannt-bis-in-die-nische\/","title":{"rendered":"Gescannt bis in die Nische"},"content":{"rendered":"<p><u>Sto: Fassaden digital gestalten und d\u00e4mmen<\/u><\/p>\n<p>Die energetische Sanierung von Bestandsgeb\u00e4uden spielt f\u00fcr die Klimaziele eine wichtige Rolle. Sto unterst\u00fctzt Unternehmen der Wohnungswirtschaft und Wohneigent\u00fcmergemeinschaften mit seinem Klimaservice bei den n\u00f6tigen Schritten.<\/p>\n<p>Mit dem Sto Klimaservice lassen sich Ma\u00dfnahmen zur nachtr\u00e4glichen D\u00e4mmung von Geb\u00e4uden planen \u2013 auch bei fehlenden Bestandspl\u00e4nen. Ein mobiler 3D-Laserscanner erfasst das Geb\u00e4ude schnell digital: \u00d6ffnungen wie Fenster, T\u00fcren, Nischen, R\u00fcckspr\u00fcnge oder Balkone werden genauestens dargestellt. Anhand des digitalen Modells der Bestandsfassade lassen sich die Materialmengen pr\u00e4zise ermitteln und die Kosten kalkulieren. Die digitalen Daten helfen dem Energieberater, die energetischen Ma\u00dfnahmen f\u00fcr die angestrebte Einsparung zu berechnen und \u00f6ffentliche F\u00f6rderprogramme zu ber\u00fccksichtigen. Auf Wunsch erm\u00f6glichen die digitalen Objektskizzen eine individuelle Beratung, die auch ausgefallene Gestaltungsideen bereits vor der Umsetzung visualisiert. Die energetische sowie die optische Ert\u00fcchtigung lassen sich also pr\u00e4zise planen und verl\u00e4sslich kalkulieren.<br \/>\nWeitere Infos unter: www.sto.de\/klimaservice<\/p>\n<p>&nbsp;<\/p>\n<hr \/>\n<p style=\"text-align: center;\"><a href=\"http:\/\/www.pr-neu.de\/newsroom\/wordpress\/wp-content\/uploads\/2023\/06\/23-27_Sto_Klimaservice_K.jpg\" target=\"_blank\" rel=\"noopener\"><img loading=\"lazy\" decoding=\"async\" class=\"alignnone wp-image-15977 size-medium\" src=\"http:\/\/www.pr-neu.de\/newsroom\/wordpress\/wp-content\/uploads\/2023\/06\/23-27_Sto_Klimaservice_K-300x200.jpg\" alt=\"\" width=\"300\" height=\"200\" srcset=\"https:\/\/www.pr-neu.de\/newsroom\/wordpress\/wp-content\/uploads\/2023\/06\/23-27_Sto_Klimaservice_K-300x200.jpg 300w, https:\/\/www.pr-neu.de\/newsroom\/wordpress\/wp-content\/uploads\/2023\/06\/23-27_Sto_Klimaservice_K-1024x683.jpg 1024w, https:\/\/www.pr-neu.de\/newsroom\/wordpress\/wp-content\/uploads\/2023\/06\/23-27_Sto_Klimaservice_K-768x512.jpg 768w, https:\/\/www.pr-neu.de\/newsroom\/wordpress\/wp-content\/uploads\/2023\/06\/23-27_Sto_Klimaservice_K-1536x1025.jpg 1536w, https:\/\/www.pr-neu.de\/newsroom\/wordpress\/wp-content\/uploads\/2023\/06\/23-27_Sto_Klimaservice_K-2048x1366.jpg 2048w, https:\/\/www.pr-neu.de\/newsroom\/wordpress\/wp-content\/uploads\/2023\/06\/23-27_Sto_Klimaservice_K-110x73.jpg 110w, https:\/\/www.pr-neu.de\/newsroom\/wordpress\/wp-content\/uploads\/2023\/06\/23-27_Sto_Klimaservice_K-420x280.jpg 420w, https:\/\/www.pr-neu.de\/newsroom\/wordpress\/wp-content\/uploads\/2023\/06\/23-27_Sto_Klimaservice_K-645x430.jpg 645w\" sizes=\"auto, (max-width: 300px) 100vw, 300px\" \/><\/a><\/p>\n<p style=\"text-align: center;\">Digital und mobil: Sto Klimaservice-Experten erfassen vor Ort alle Details eines Geb\u00e4ude mit einem Laserscanner.<\/p>\n<p>&nbsp;<\/p>\n<p><a href=\"http:\/\/www.pr-neu.de\/newsroom\/wordpress\/wp-content\/uploads\/2023\/06\/23-27_Punktwolke_K.jpg\" target=\"_blank\" rel=\"noopener\"><img loading=\"lazy\" decoding=\"async\" class=\"wp-image-15976 aligncenter\" src=\"http:\/\/www.pr-neu.de\/newsroom\/wordpress\/wp-content\/uploads\/2023\/06\/23-27_Punktwolke_K.jpg\" alt=\"\" width=\"300\" height=\"194\" \/><\/a><\/p>\n<p style=\"text-align: center;\">Die Ergebnisse des Vorort-Scans werden in einer Punktwolke zusammengef\u00fchrt.<\/p>\n<p>&nbsp;<\/p>\n<p style=\"text-align: center;\"><a href=\"http:\/\/www.pr-neu.de\/newsroom\/wordpress\/wp-content\/uploads\/2023\/06\/23-27_2D_Ansicht_K.jpg\" target=\"_blank\" rel=\"noopener\"><img loading=\"lazy\" decoding=\"async\" class=\"alignnone wp-image-15974 size-medium\" src=\"http:\/\/www.pr-neu.de\/newsroom\/wordpress\/wp-content\/uploads\/2023\/06\/23-27_2D_Ansicht_K-300x153.jpg\" alt=\"\" width=\"300\" height=\"153\" srcset=\"https:\/\/www.pr-neu.de\/newsroom\/wordpress\/wp-content\/uploads\/2023\/06\/23-27_2D_Ansicht_K-300x153.jpg 300w, https:\/\/www.pr-neu.de\/newsroom\/wordpress\/wp-content\/uploads\/2023\/06\/23-27_2D_Ansicht_K-1024x523.jpg 1024w, https:\/\/www.pr-neu.de\/newsroom\/wordpress\/wp-content\/uploads\/2023\/06\/23-27_2D_Ansicht_K-768x392.jpg 768w, https:\/\/www.pr-neu.de\/newsroom\/wordpress\/wp-content\/uploads\/2023\/06\/23-27_2D_Ansicht_K-1536x784.jpg 1536w, https:\/\/www.pr-neu.de\/newsroom\/wordpress\/wp-content\/uploads\/2023\/06\/23-27_2D_Ansicht_K-2048x1045.jpg 2048w, https:\/\/www.pr-neu.de\/newsroom\/wordpress\/wp-content\/uploads\/2023\/06\/23-27_2D_Ansicht_K-110x56.jpg 110w, https:\/\/www.pr-neu.de\/newsroom\/wordpress\/wp-content\/uploads\/2023\/06\/23-27_2D_Ansicht_K-420x214.jpg 420w, https:\/\/www.pr-neu.de\/newsroom\/wordpress\/wp-content\/uploads\/2023\/06\/23-27_2D_Ansicht_K-770x393.jpg 770w\" sizes=\"auto, (max-width: 300px) 100vw, 300px\" \/><\/a><\/p>\n<p style=\"text-align: center;\">Aus der Punktwolke lassen sich 2D-Ansichten als Grundlage f\u00fcr Materialmengenberechnungen erstellen.<\/p>\n<p>&nbsp;<\/p>\n<p style=\"text-align: center;\"><a href=\"http:\/\/www.pr-neu.de\/newsroom\/wordpress\/wp-content\/uploads\/2023\/06\/23-27_Konzeptvisualisierungen_K.jpg\" target=\"_blank\" rel=\"noopener\"><img loading=\"lazy\" decoding=\"async\" class=\"alignnone wp-image-15975 size-medium\" src=\"http:\/\/www.pr-neu.de\/newsroom\/wordpress\/wp-content\/uploads\/2023\/06\/23-27_Konzeptvisualisierungen_K-300x168.jpg\" alt=\"\" width=\"300\" height=\"168\" srcset=\"https:\/\/www.pr-neu.de\/newsroom\/wordpress\/wp-content\/uploads\/2023\/06\/23-27_Konzeptvisualisierungen_K-300x168.jpg 300w, https:\/\/www.pr-neu.de\/newsroom\/wordpress\/wp-content\/uploads\/2023\/06\/23-27_Konzeptvisualisierungen_K-1024x575.jpg 1024w, https:\/\/www.pr-neu.de\/newsroom\/wordpress\/wp-content\/uploads\/2023\/06\/23-27_Konzeptvisualisierungen_K-768x431.jpg 768w, https:\/\/www.pr-neu.de\/newsroom\/wordpress\/wp-content\/uploads\/2023\/06\/23-27_Konzeptvisualisierungen_K-110x62.jpg 110w, https:\/\/www.pr-neu.de\/newsroom\/wordpress\/wp-content\/uploads\/2023\/06\/23-27_Konzeptvisualisierungen_K-420x236.jpg 420w, https:\/\/www.pr-neu.de\/newsroom\/wordpress\/wp-content\/uploads\/2023\/06\/23-27_Konzeptvisualisierungen_K-248x138.jpg 248w, https:\/\/www.pr-neu.de\/newsroom\/wordpress\/wp-content\/uploads\/2023\/06\/23-27_Konzeptvisualisierungen_K-770x430.jpg 770w, https:\/\/www.pr-neu.de\/newsroom\/wordpress\/wp-content\/uploads\/2023\/06\/23-27_Konzeptvisualisierungen_K-766x430.jpg 766w, https:\/\/www.pr-neu.de\/newsroom\/wordpress\/wp-content\/uploads\/2023\/06\/23-27_Konzeptvisualisierungen_K.jpg 1441w\" sizes=\"auto, (max-width: 300px) 100vw, 300px\" \/><\/a><\/p>\n<p style=\"text-align: center;\">Visualisierungen der Farb- und Materialkonzepte sind dann nur noch einen Tastendruck weit entfernt.<\/p>\n<p>&nbsp;<\/p>\n<p style=\"text-align: center;\">Alle Bilder: Sto SE &amp; Co. KGaA<\/p>\n<p>&nbsp;<\/p>\n<p>&nbsp;<\/p>\n<hr \/>\n<p>&nbsp;<\/p>\n<p>Abdruck honorarfrei, Belegexemplar erbeten<\/p>\n","protected":false},"excerpt":{"rendered":"<p>Die energetische Sanierung von Bestandsgeb\u00e4uden spielt f\u00fcr die Klimaziele eine wichtige Rolle. Sto unterst\u00fctzt Unternehmen der Wohnungswirtschaft und Wohneigent\u00fcmergemeinschaften mit seinem Klimaservice bei den n\u00f6tigen Schritten.<\/p>\n","protected":false},"author":9,"featured_media":15977,"comment_status":"closed","ping_status":"open","sticky":false,"template":"","format":"standard","meta":{"footnotes":""},"categories":[15],"tags":[2517,1783,439,1935,504,2521,2519],"class_list":["post-15973","post","type-post","status-publish","format-standard","has-post-thumbnail","hentry","category-sto","tag-klimaservice","tag-planung","tag-sanierung","tag-service","tag-sto-2","tag-wohnungen","tag-wowi"],"_links":{"self":[{"href":"https:\/\/www.pr-neu.de\/newsroom\/wp-json\/wp\/v2\/posts\/15973","targetHints":{"allow":["GET"]}}],"collection":[{"href":"https:\/\/www.pr-neu.de\/newsroom\/wp-json\/wp\/v2\/posts"}],"about":[{"href":"https:\/\/www.pr-neu.de\/newsroom\/wp-json\/wp\/v2\/types\/post"}],"author":[{"embeddable":true,"href":"https:\/\/www.pr-neu.de\/newsroom\/wp-json\/wp\/v2\/users\/9"}],"replies":[{"embeddable":true,"href":"https:\/\/www.pr-neu.de\/newsroom\/wp-json\/wp\/v2\/comments?post=15973"}],"version-history":[{"count":4,"href":"https:\/\/www.pr-neu.de\/newsroom\/wp-json\/wp\/v2\/posts\/15973\/revisions"}],"predecessor-version":[{"id":15981,"href":"https:\/\/www.pr-neu.de\/newsroom\/wp-json\/wp\/v2\/posts\/15973\/revisions\/15981"}],"wp:featuredmedia":[{"embeddable":true,"href":"https:\/\/www.pr-neu.de\/newsroom\/wp-json\/wp\/v2\/media\/15977"}],"wp:attachment":[{"href":"https:\/\/www.pr-neu.de\/newsroom\/wp-json\/wp\/v2\/media?parent=15973"}],"wp:term":[{"taxonomy":"category","embeddable":true,"href":"https:\/\/www.pr-neu.de\/newsroom\/wp-json\/wp\/v2\/categories?post=15973"},{"taxonomy":"post_tag","embeddable":true,"href":"https:\/\/www.pr-neu.de\/newsroom\/wp-json\/wp\/v2\/tags?post=15973"}],"curies":[{"name":"wp","href":"https:\/\/api.w.org\/{rel}","templated":true}]}}