{"id":15965,"date":"2023-07-04T08:00:09","date_gmt":"2023-07-04T06:00:09","guid":{"rendered":"https:\/\/www.pr-neu.de\/newsroom\/?p=15965"},"modified":"2023-06-22T16:26:26","modified_gmt":"2023-06-22T14:26:26","slug":"stoelement-solido-massive-fensterbank-aus-glasfaserbeton","status":"publish","type":"post","link":"https:\/\/www.pr-neu.de\/newsroom\/stoelement-solido-massive-fensterbank-aus-glasfaserbeton\/","title":{"rendered":"StoElement Solido: Massive Fensterbank aus Glasfaserbeton"},"content":{"rendered":"<p><u>WDVS-Details<\/u><\/p>\n<p>Massive Fensterb\u00e4nke werten das Gesamtbild einer Fassade auf und sorgen insbesondere in Verbindung mit harten Bel\u00e4gen (z.B. Klinker) f\u00fcr eine hochwertige Optik. Mit den neuen Fensterb\u00e4nken StoElement Solido aus Glasfaserbeton l\u00e4sst sich diese \u00c4sthetik jetzt mit einer WDVS-Fassade in allen StoTherm-Systemen realisieren. Die hydrophobe Oberfl\u00e4che ist dauerhaft witterungsbest\u00e4ndig, neben dem Standard \u201ehellgrau\u201c (Sichtbeton) stehen acht weitere Farbt\u00f6ne zur Wahl. Die schlanken und daher leichten Elemente wirken filigran, zugleich sorgen die Glasfasern f\u00fcr hohe Zug-, Druck- und Scherfestigkeit \u2013 das beugt Br\u00fcchen oder Rissen vor. Die massiven Elemente werden einfach auf eine vorher angebrachte zweite Dichtebene (zum Beispiel StoElement Pronto K) mit StoSeal F 100 verklebt. F\u00fcr das Ma\u00df der Fenster gibt es keine Grenzen, da mit einer speziellen Sto\u00dffugenausbildung auch l\u00e4ngere Fensterb\u00e4nke mit Glasfaserbeton-Elementen ausgef\u00fchrt werden k\u00f6nnen. Die Variante StoElement Solido F1 verf\u00fcgt \u00fcber eine Vorderkante von 40 Millimetern, die StoElement Solido F2 \u00fcber 90 Millimeter.<\/p>\n<p>&nbsp;<\/p>\n<hr \/>\n<p>&nbsp;<\/p>\n<figure id=\"attachment_15966\" aria-describedby=\"caption-attachment-15966\" style=\"width: 300px\" class=\"wp-caption aligncenter\"><a href=\"http:\/\/www.pr-neu.de\/newsroom\/wordpress\/wp-content\/uploads\/2023\/06\/23_25_Solido_K.jpg\" target=\"_blank\" rel=\"noopener\"><img loading=\"lazy\" decoding=\"async\" class=\"wp-image-15966\" src=\"http:\/\/www.pr-neu.de\/newsroom\/wordpress\/wp-content\/uploads\/2023\/06\/23_25_Solido_K.jpg\" alt=\"\" width=\"300\" height=\"169\" \/><\/a><figcaption id=\"caption-attachment-15966\" class=\"wp-caption-text\">Massive Fensterbank in Sichtbeton-Optik f\u00fcr Fassadend\u00e4mmsysteme: StoElement Solido.<\/figcaption><\/figure>\n<p>&nbsp;<\/p>\n<hr \/>\n<p>&nbsp;<\/p>\n<p><strong>Sto: Als Technologief\u00fchrer auf Kurs<\/strong><\/p>\n<p>Die Sto SE &amp; Co. KGaA (St\u00fchlingen) ist ein international f\u00fchrender Hersteller von Produkten und Systemen zur Beschichtung von Geb\u00e4uden. Ihr breites Portfolio umfasst Farben, Putze, Lacke, Fassaden-D\u00e4mmsysteme, Werkstoffe f\u00fcr die Betoninstandsetzung, Bodenbeschichtungen, Akustik- und vorgeh\u00e4ngte hinterl\u00fcftete Fassadensysteme. Der Leitgedanke \u201eBewusst bauen\u201c verdeutlicht in zwei Worten das Selbstverst\u00e4ndnis der Sto-Gruppe, das \u00f6kologische und gesellschaftliche Verantwortung einschlie\u00dft.<\/p>\n<p>&nbsp;<\/p>\n<hr \/>\n<p>&nbsp;<\/p>\n<p>Abdruck honorarfrei, Belegexemplar erbeten<\/p>\n","protected":false},"excerpt":{"rendered":"<p>Mit den neuen Fensterb\u00e4nken StoElement Solido aus Glasfaserbeton l\u00e4sst sich die Fassaden-\u00c4sthetik jetzt mit einer WDVS-Fassade in allen StoTherm-Systemen realisieren.<\/p>\n","protected":false},"author":9,"featured_media":15966,"comment_status":"closed","ping_status":"open","sticky":false,"template":"","format":"standard","meta":{"footnotes":""},"categories":[15],"tags":[1569,124,187,194,2515,2513,504,2511,533,627],"class_list":["post-15965","post","type-post","status-publish","format-standard","has-post-thumbnail","hentry","category-sto","tag-daemmen","tag-dammung","tag-fassade","tag-fenster","tag-fensterbank","tag-solido","tag-sto-2","tag-stoelement","tag-stotherm","tag-wdvs"],"_links":{"self":[{"href":"https:\/\/www.pr-neu.de\/newsroom\/wp-json\/wp\/v2\/posts\/15965","targetHints":{"allow":["GET"]}}],"collection":[{"href":"https:\/\/www.pr-neu.de\/newsroom\/wp-json\/wp\/v2\/posts"}],"about":[{"href":"https:\/\/www.pr-neu.de\/newsroom\/wp-json\/wp\/v2\/types\/post"}],"author":[{"embeddable":true,"href":"https:\/\/www.pr-neu.de\/newsroom\/wp-json\/wp\/v2\/users\/9"}],"replies":[{"embeddable":true,"href":"https:\/\/www.pr-neu.de\/newsroom\/wp-json\/wp\/v2\/comments?post=15965"}],"version-history":[{"count":4,"href":"https:\/\/www.pr-neu.de\/newsroom\/wp-json\/wp\/v2\/posts\/15965\/revisions"}],"predecessor-version":[{"id":17423,"href":"https:\/\/www.pr-neu.de\/newsroom\/wp-json\/wp\/v2\/posts\/15965\/revisions\/17423"}],"wp:featuredmedia":[{"embeddable":true,"href":"https:\/\/www.pr-neu.de\/newsroom\/wp-json\/wp\/v2\/media\/15966"}],"wp:attachment":[{"href":"https:\/\/www.pr-neu.de\/newsroom\/wp-json\/wp\/v2\/media?parent=15965"}],"wp:term":[{"taxonomy":"category","embeddable":true,"href":"https:\/\/www.pr-neu.de\/newsroom\/wp-json\/wp\/v2\/categories?post=15965"},{"taxonomy":"post_tag","embeddable":true,"href":"https:\/\/www.pr-neu.de\/newsroom\/wp-json\/wp\/v2\/tags?post=15965"}],"curies":[{"name":"wp","href":"https:\/\/api.w.org\/{rel}","templated":true}]}}