{"id":15956,"date":"2023-07-11T06:02:32","date_gmt":"2023-07-11T04:02:32","guid":{"rendered":"https:\/\/www.pr-neu.de\/newsroom\/?p=15956"},"modified":"2023-06-23T11:02:03","modified_gmt":"2023-06-23T09:02:03","slug":"neuer-vhf-wandhalter-mit-geringem-waermedurchgangswert","status":"publish","type":"post","link":"https:\/\/www.pr-neu.de\/newsroom\/neuer-vhf-wandhalter-mit-geringem-waermedurchgangswert\/","title":{"rendered":"Neuer VHF-Wandhalter mit geringem W\u00e4rmedurchgangswert"},"content":{"rendered":"<p><u>StoVentro Bracket 300<\/u><\/p>\n<p>Die Serie \u201eStoVentro Bracket 300\u201c erg\u00e4nzt jetzt das Sto-Sortiment an VHF-Wandhaltern als ebenso wirtschaftliche wie nachhaltige Variante. Mit sehr geringem W\u00e4rmedurchgangswert (\u0394U<sub>WB<\/sub> 0,05 &#8211; 0,07 W\/m\u00b2K) verringern sie W\u00e4rmebr\u00fcckenverluste im Vergleich zu konventionellen Aluminium-Halten um rund 75 Prozent, sind aber g\u00fcnstiger als Halter aus Edelstahl. Sie bestehen aus hochfestem Stahl mit einem Zink-Magnesium-\u00dcberzug, der Korrosion verhindert. Mit Ausladungen von 60 bis 600 Millimetern gibt es Systeml\u00f6sungen f\u00fcr alle g\u00e4ngigen D\u00e4mmstoffdicken. Bei ihrer Herstellung verursachen sie zirka ein Drittel weniger CO2-Emissionen als alternative Halter. Zum Sortiment geh\u00f6rt auch Zubeh\u00f6r f\u00fcr die bauseitige Verl\u00e4ngerung oder zur Ausbildung von Eck- oder Sturzdetails.<\/p>\n<p>&nbsp;<\/p>\n<hr \/>\n<p>&nbsp;<\/p>\n<p><a href=\"http:\/\/www.pr-neu.de\/newsroom\/wordpress\/wp-content\/uploads\/2023\/06\/23_23_Bracket_G-scaled.jpg\" target=\"_blank\" rel=\"noopener\"><img loading=\"lazy\" decoding=\"async\" class=\"wp-image-15962 size-medium aligncenter\" src=\"http:\/\/www.pr-neu.de\/newsroom\/wordpress\/wp-content\/uploads\/2023\/06\/23_23_Bracket_G-300x208.jpg\" alt=\"\" width=\"300\" height=\"208\" srcset=\"https:\/\/www.pr-neu.de\/newsroom\/wordpress\/wp-content\/uploads\/2023\/06\/23_23_Bracket_G-300x208.jpg 300w, https:\/\/www.pr-neu.de\/newsroom\/wordpress\/wp-content\/uploads\/2023\/06\/23_23_Bracket_G-1024x709.jpg 1024w, https:\/\/www.pr-neu.de\/newsroom\/wordpress\/wp-content\/uploads\/2023\/06\/23_23_Bracket_G-768x532.jpg 768w, https:\/\/www.pr-neu.de\/newsroom\/wordpress\/wp-content\/uploads\/2023\/06\/23_23_Bracket_G-1536x1063.jpg 1536w, https:\/\/www.pr-neu.de\/newsroom\/wordpress\/wp-content\/uploads\/2023\/06\/23_23_Bracket_G-2048x1418.jpg 2048w, https:\/\/www.pr-neu.de\/newsroom\/wordpress\/wp-content\/uploads\/2023\/06\/23_23_Bracket_G-110x76.jpg 110w, https:\/\/www.pr-neu.de\/newsroom\/wordpress\/wp-content\/uploads\/2023\/06\/23_23_Bracket_G-420x291.jpg 420w, https:\/\/www.pr-neu.de\/newsroom\/wordpress\/wp-content\/uploads\/2023\/06\/23_23_Bracket_G-621x430.jpg 621w\" sizes=\"auto, (max-width: 300px) 100vw, 300px\" \/><\/a><\/p>\n<p style=\"text-align: center;\">StoVentro Bracket L300 FP mit und ohne statische Umkantung.<br \/>\nFoto: STEP-ANI-motion \/ Sto SE &amp; Co. KGaA<\/p>\n<p>&nbsp;<\/p>\n<hr \/>\n<p>&nbsp;<\/p>\n<p>Abdruck honorarfrei, Belegexemplar erbeten<\/p>\n","protected":false},"excerpt":{"rendered":"<p>Die Serie \u201eStoVentro Bracket 300\u201c erg\u00e4nzt jetzt das Sto-Sortiment an VHF-Wandhaltern als ebenso wirtschaftliche wie nachhaltige Variante.<\/p>\n","protected":false},"author":9,"featured_media":15962,"comment_status":"closed","ping_status":"open","sticky":false,"template":"","format":"standard","meta":{"footnotes":""},"categories":[15],"tags":[187,2509,1575,504,2507,612,617],"class_list":["post-15956","post","type-post","status-publish","format-standard","has-post-thumbnail","hentry","category-sto","tag-fassade","tag-halterung","tag-haus","tag-sto-2","tag-stoventro-bracket","tag-vhf","tag-wand"],"_links":{"self":[{"href":"https:\/\/www.pr-neu.de\/newsroom\/wp-json\/wp\/v2\/posts\/15956","targetHints":{"allow":["GET"]}}],"collection":[{"href":"https:\/\/www.pr-neu.de\/newsroom\/wp-json\/wp\/v2\/posts"}],"about":[{"href":"https:\/\/www.pr-neu.de\/newsroom\/wp-json\/wp\/v2\/types\/post"}],"author":[{"embeddable":true,"href":"https:\/\/www.pr-neu.de\/newsroom\/wp-json\/wp\/v2\/users\/9"}],"replies":[{"embeddable":true,"href":"https:\/\/www.pr-neu.de\/newsroom\/wp-json\/wp\/v2\/comments?post=15956"}],"version-history":[{"count":1,"href":"https:\/\/www.pr-neu.de\/newsroom\/wp-json\/wp\/v2\/posts\/15956\/revisions"}],"predecessor-version":[{"id":15963,"href":"https:\/\/www.pr-neu.de\/newsroom\/wp-json\/wp\/v2\/posts\/15956\/revisions\/15963"}],"wp:featuredmedia":[{"embeddable":true,"href":"https:\/\/www.pr-neu.de\/newsroom\/wp-json\/wp\/v2\/media\/15962"}],"wp:attachment":[{"href":"https:\/\/www.pr-neu.de\/newsroom\/wp-json\/wp\/v2\/media?parent=15956"}],"wp:term":[{"taxonomy":"category","embeddable":true,"href":"https:\/\/www.pr-neu.de\/newsroom\/wp-json\/wp\/v2\/categories?post=15956"},{"taxonomy":"post_tag","embeddable":true,"href":"https:\/\/www.pr-neu.de\/newsroom\/wp-json\/wp\/v2\/tags?post=15956"}],"curies":[{"name":"wp","href":"https:\/\/api.w.org\/{rel}","templated":true}]}}