{"id":15950,"date":"2023-06-22T15:44:03","date_gmt":"2023-06-22T13:44:03","guid":{"rendered":"https:\/\/www.pr-neu.de\/newsroom\/?p=15950"},"modified":"2023-06-22T15:44:29","modified_gmt":"2023-06-22T13:44:29","slug":"material-ersetzen-vom-kunststoff-zur-naturfaser","status":"publish","type":"post","link":"https:\/\/www.pr-neu.de\/newsroom\/material-ersetzen-vom-kunststoff-zur-naturfaser\/","title":{"rendered":"Material.ersetzen \u2013 Vom Kunststoff zur Naturfaser"},"content":{"rendered":"<p><u>Veranstaltung beleuchtet gute Wege und Beispiele zu alternativen Rohstoffen<\/u><\/p>\n<p><strong>\u201eDer Austausch von Materialien auf Erd\u00f6lbasis hin zu biobasierten Werkstoffen ist ein unheimlich wichtiger Baustein, wenn wir in Zukunft zirkul\u00e4re Wertsch\u00f6pfung erreichen und \u00f6kologisch nachhaltige Produkte produzieren wollen\u201c, bekr\u00e4ftigte Anna Niehaus, Gesch\u00e4ftsf\u00fchrerin der pro Wirtschaft GT am vergangenen Dienstag beim T\u00fcren- und Tore-Hersteller Teckentrup in Verl. Gemeinsam mit der pro Wirtschaft GT richtete Teckentrup die Veranstaltung \u201eMaterial.ersetzen \u2013 Vom Kunststoff zur Naturfaser&#8220; aus, die sich nachhaltigen Materialien und deren Einsatzm\u00f6glichkeiten widmete.<\/strong><\/p>\n<p>Zun\u00e4chst gab Axel Wizemann, Berater zur zirkul\u00e4ren Bio\u00f6konomie, Ideengeber und Entwickler des FaserInnovationsZentrums Zerkall e.V., den mehr als 30 Teilnehmenden Expertise zu den derzeitigen Anwendungsgebieten und Potenzialen der Bio\u00f6konomie und faserbasierter Wertsch\u00f6pfung an die Hand. Im Anschluss berichteten Gesch\u00e4ftsf\u00fchrer Kai Teckentrup und Toni Frankenstein, CEO der NatStruct AG, \u00fcber ihre Erfahrungen mit nachwachsenden Rohstoffen. In einem gemeinsamen Projekt des T\u00fcren- und Tore-Herstellers und des Green-Tech Start-ups besch\u00e4ftigen sich die beiden Partner mit M\u00f6glichkeiten, um herk\u00f6mmliche D\u00e4mmmaterialien in T\u00fcren und Toren durch Alternativen zu ersetzen. In einem Erfahrungsbericht berichteten sie \u00fcber die Herausforderungen einen neuen Rohstoff zu finden, aber auch die Chancen, die dieser bietet. Au\u00dferdem wurde aufgezeigt, wie eine erfolgreiche Partnerschaft zwischen etabliertem Unternehmen und Start-up funktionieren kann.<\/p>\n<p>Teckentrup und die NatStruct AG aus Wetzlar haben sich \u00fcber ein Accelerator-Programm der Futury GmbH kennengelernt. Seither arbeiten sie gemeinsam an der Implementierung von nachhaltigen Materialien und stellen sich den Herausforderungen dieses Prozesses. Dabei werden insbesondere die Ziele klar definiert, so Kai Teckentrup: \u201eUnser Streben nach Nachhaltigkeit geht Hand in Hand mit unserem Unternehmenserfolg. Wir erkennen die wachsende Bedeutung einer CO2-Steuer in verschiedenen Branchen und die zunehmende Verantwortung, die wir als Unternehmen tragen. Wir sind entschlossen, die Folgekosten wie Recycling und andere nachhaltige Praktiken zu \u00fcbernehmen. Denn wir wissen, dass der Wendepunkt nah ist, an dem umweltfreundliche Materialien und Naturfasern genauso wettbewerbsf\u00e4hig sind wie herk\u00f6mmliche Alternativen. Indem wir in Nachhaltigkeit investieren, sichern wir nicht nur unseren langfristigen Erfolg, sondern tragen auch aktiv zum Schutz unserer Umwelt bei.\u201c<\/p>\n<p>&nbsp;<\/p>\n<hr \/>\n<p>&nbsp;<\/p>\n<p style=\"text-align: center;\"><a href=\"http:\/\/www.pr-neu.de\/newsroom\/wordpress\/wp-content\/uploads\/2023\/06\/DSC03871.jpg\" target=\"_blank\" rel=\"noopener\"><img loading=\"lazy\" decoding=\"async\" class=\"aligncenter wp-image-15952 size-medium\" src=\"http:\/\/www.pr-neu.de\/newsroom\/wordpress\/wp-content\/uploads\/2023\/06\/DSC03871-300x200.jpg\" alt=\"\" width=\"300\" height=\"200\" srcset=\"https:\/\/www.pr-neu.de\/newsroom\/wordpress\/wp-content\/uploads\/2023\/06\/DSC03871-300x200.jpg 300w, https:\/\/www.pr-neu.de\/newsroom\/wordpress\/wp-content\/uploads\/2023\/06\/DSC03871-1024x684.jpg 1024w, https:\/\/www.pr-neu.de\/newsroom\/wordpress\/wp-content\/uploads\/2023\/06\/DSC03871-768x513.jpg 768w, https:\/\/www.pr-neu.de\/newsroom\/wordpress\/wp-content\/uploads\/2023\/06\/DSC03871-1536x1026.jpg 1536w, https:\/\/www.pr-neu.de\/newsroom\/wordpress\/wp-content\/uploads\/2023\/06\/DSC03871-2048x1368.jpg 2048w, https:\/\/www.pr-neu.de\/newsroom\/wordpress\/wp-content\/uploads\/2023\/06\/DSC03871-110x73.jpg 110w, https:\/\/www.pr-neu.de\/newsroom\/wordpress\/wp-content\/uploads\/2023\/06\/DSC03871-420x281.jpg 420w, https:\/\/www.pr-neu.de\/newsroom\/wordpress\/wp-content\/uploads\/2023\/06\/DSC03871-644x430.jpg 644w\" sizes=\"auto, (max-width: 300px) 100vw, 300px\" \/><\/a><\/p>\n<p style=\"text-align: center;\">Axel Wizemann, Experte f\u00fcr Bio\u00f6konomie und Innovationsmanagement, gibt Einblicke ins Fachgebiet der Faserwirtschaft<\/p>\n<p>&nbsp;<\/p>\n<p style=\"text-align: center;\"><a href=\"http:\/\/www.pr-neu.de\/newsroom\/wordpress\/wp-content\/uploads\/2023\/06\/DSC03913.jpg\" target=\"_blank\" rel=\"noopener\"><img loading=\"lazy\" decoding=\"async\" class=\"aligncenter wp-image-15951 size-medium\" src=\"http:\/\/www.pr-neu.de\/newsroom\/wordpress\/wp-content\/uploads\/2023\/06\/DSC03913-300x200.jpg\" alt=\"\" width=\"300\" height=\"200\" srcset=\"https:\/\/www.pr-neu.de\/newsroom\/wordpress\/wp-content\/uploads\/2023\/06\/DSC03913-300x200.jpg 300w, https:\/\/www.pr-neu.de\/newsroom\/wordpress\/wp-content\/uploads\/2023\/06\/DSC03913-1024x684.jpg 1024w, https:\/\/www.pr-neu.de\/newsroom\/wordpress\/wp-content\/uploads\/2023\/06\/DSC03913-768x513.jpg 768w, https:\/\/www.pr-neu.de\/newsroom\/wordpress\/wp-content\/uploads\/2023\/06\/DSC03913-1536x1026.jpg 1536w, https:\/\/www.pr-neu.de\/newsroom\/wordpress\/wp-content\/uploads\/2023\/06\/DSC03913-2048x1368.jpg 2048w, https:\/\/www.pr-neu.de\/newsroom\/wordpress\/wp-content\/uploads\/2023\/06\/DSC03913-110x73.jpg 110w, https:\/\/www.pr-neu.de\/newsroom\/wordpress\/wp-content\/uploads\/2023\/06\/DSC03913-420x281.jpg 420w, https:\/\/www.pr-neu.de\/newsroom\/wordpress\/wp-content\/uploads\/2023\/06\/DSC03913-644x430.jpg 644w\" sizes=\"auto, (max-width: 300px) 100vw, 300px\" \/><\/a><\/p>\n<p style=\"text-align: center;\">Toni Frankenstein (NatStruct AG) und Firmenchef Kai Teckentrup berichtet \u00fcber die Kooperation der beiden Unternehmen<\/p>\n<p>&nbsp;<\/p>\n<p style=\"text-align: center;\"><a href=\"http:\/\/www.pr-neu.de\/newsroom\/wordpress\/wp-content\/uploads\/2023\/06\/DSC03944.jpg\" target=\"_blank\" rel=\"noopener\"><img loading=\"lazy\" decoding=\"async\" class=\"aligncenter wp-image-15953 size-medium\" src=\"http:\/\/www.pr-neu.de\/newsroom\/wordpress\/wp-content\/uploads\/2023\/06\/DSC03944-300x200.jpg\" alt=\"\" width=\"300\" height=\"200\" srcset=\"https:\/\/www.pr-neu.de\/newsroom\/wordpress\/wp-content\/uploads\/2023\/06\/DSC03944-300x200.jpg 300w, https:\/\/www.pr-neu.de\/newsroom\/wordpress\/wp-content\/uploads\/2023\/06\/DSC03944-1024x684.jpg 1024w, https:\/\/www.pr-neu.de\/newsroom\/wordpress\/wp-content\/uploads\/2023\/06\/DSC03944-768x513.jpg 768w, https:\/\/www.pr-neu.de\/newsroom\/wordpress\/wp-content\/uploads\/2023\/06\/DSC03944-1536x1026.jpg 1536w, https:\/\/www.pr-neu.de\/newsroom\/wordpress\/wp-content\/uploads\/2023\/06\/DSC03944-2048x1368.jpg 2048w, https:\/\/www.pr-neu.de\/newsroom\/wordpress\/wp-content\/uploads\/2023\/06\/DSC03944-110x73.jpg 110w, https:\/\/www.pr-neu.de\/newsroom\/wordpress\/wp-content\/uploads\/2023\/06\/DSC03944-420x281.jpg 420w, https:\/\/www.pr-neu.de\/newsroom\/wordpress\/wp-content\/uploads\/2023\/06\/DSC03944-644x430.jpg 644w\" sizes=\"auto, (max-width: 300px) 100vw, 300px\" \/><\/a><\/p>\n<p style=\"text-align: center;\">Eine gelungene Veranstaltung: (v.l.) Kai Teckentrup, Katahrina Lippert (pro Wirtschaft GT), Toni Frankenstein (NatStruct AG) und Bio\u00f6konomie-Experte Axel Wizemann<\/p>\n<p style=\"text-align: center;\">Bilder: Teckentrup<\/p>\n<p>&nbsp;<\/p>\n<hr \/>\n<p>&nbsp;<\/p>\n<p><strong>Teckentrup: Door Solutions<\/strong><\/p>\n<p>Teckentrup z\u00e4hlt mit den Produktionswerken in Verl-S\u00fcrenheide (Hauptsitz, NRW) und Gro\u00dfz\u00f6beritz (Sachsen-Anhalt) zu den gr\u00f6\u00dften Herstellern von T\u00fcren und Toren in Europa. Insgesamt besch\u00e4ftigt das Unternehmen \u00fcber 850 Mitarbeiter, knapp 550 davon in Verl.<\/p>\n<p>Das in dritter Generation inhabergef\u00fchrte mittelst\u00e4ndische Familienunternehmen hat sich insbesondere den Werten Qualit\u00e4t, Design und Service verpflichtet. St\u00e4ndige Verbesserungen der Produkte und die Entwicklung neuer Technologien sind f\u00fcr Teckentrup selbstverst\u00e4ndlich. F\u00fcr die kontinuierliche Weiterentwicklung wurde im gesamten Unternehmen eine kundenzentrierte Ausrichtung (Customer Centricity) implementiert. So sorgt das Unternehmen daf\u00fcr, dass gemeinsam mit den Partnern stets die beste L\u00f6sung gefunden wird \u2013 hinsichtlich Design, Sicherheit und Service. Das Angebot umfasst Produktl\u00f6sungen aus den Bereichen HOME (Garagentore), PROFESSIONAL (Funktionst\u00fcren), INDUSTRIAL (Industrietore).<\/p>\n<p>Heute verbindet das 1932 gegr\u00fcndete Unternehmen Tradition mit Fortschritt und das stets \u201emade in Germany\u201c. Zahlreiche internationale Zertifizierungen sind die Basis f\u00fcr einen weltweit erfolgreichen Vertrieb der Produkte.<\/p>\n<p>&nbsp;<\/p>\n<hr \/>\n<p>&nbsp;<\/p>\n<p>Abdruck honorarfrei, Belegexemplar erbeten<\/p>\n","protected":false},"excerpt":{"rendered":"<p>Veranstaltung beleuchtet gute Wege und Beispiele zu alternativen Rohstoffen<\/p>\n","protected":false},"author":8,"featured_media":15953,"comment_status":"closed","ping_status":"open","sticky":false,"template":"","format":"standard","meta":{"footnotes":""},"categories":[18],"tags":[565],"class_list":["post-15950","post","type-post","status-publish","format-standard","has-post-thumbnail","hentry","category-teckentrup","tag-teckentrup"],"_links":{"self":[{"href":"https:\/\/www.pr-neu.de\/newsroom\/wp-json\/wp\/v2\/posts\/15950","targetHints":{"allow":["GET"]}}],"collection":[{"href":"https:\/\/www.pr-neu.de\/newsroom\/wp-json\/wp\/v2\/posts"}],"about":[{"href":"https:\/\/www.pr-neu.de\/newsroom\/wp-json\/wp\/v2\/types\/post"}],"author":[{"embeddable":true,"href":"https:\/\/www.pr-neu.de\/newsroom\/wp-json\/wp\/v2\/users\/8"}],"replies":[{"embeddable":true,"href":"https:\/\/www.pr-neu.de\/newsroom\/wp-json\/wp\/v2\/comments?post=15950"}],"version-history":[{"count":2,"href":"https:\/\/www.pr-neu.de\/newsroom\/wp-json\/wp\/v2\/posts\/15950\/revisions"}],"predecessor-version":[{"id":15955,"href":"https:\/\/www.pr-neu.de\/newsroom\/wp-json\/wp\/v2\/posts\/15950\/revisions\/15955"}],"wp:featuredmedia":[{"embeddable":true,"href":"https:\/\/www.pr-neu.de\/newsroom\/wp-json\/wp\/v2\/media\/15953"}],"wp:attachment":[{"href":"https:\/\/www.pr-neu.de\/newsroom\/wp-json\/wp\/v2\/media?parent=15950"}],"wp:term":[{"taxonomy":"category","embeddable":true,"href":"https:\/\/www.pr-neu.de\/newsroom\/wp-json\/wp\/v2\/categories?post=15950"},{"taxonomy":"post_tag","embeddable":true,"href":"https:\/\/www.pr-neu.de\/newsroom\/wp-json\/wp\/v2\/tags?post=15950"}],"curies":[{"name":"wp","href":"https:\/\/api.w.org\/{rel}","templated":true}]}}