{"id":1595,"date":"2012-11-23T09:06:57","date_gmt":"2012-11-23T09:06:57","guid":{"rendered":"http:\/\/www.pr-nord.de\/newsroom\/?p=1595"},"modified":"2020-05-29T09:24:28","modified_gmt":"2020-05-29T07:24:28","slug":"wdvs-enbausa-de-bietet-neutrale-damm-infos","status":"publish","type":"post","link":"https:\/\/www.pr-neu.de\/newsroom\/wdvs-enbausa-de-bietet-neutrale-damm-infos\/","title":{"rendered":"wdvs.enbausa.de bietet neutrale D\u00e4mm-Infos"},"content":{"rendered":"<table border=\"0\" width=\"520\" cellspacing=\"0\" cellpadding=\"0\">\n<tbody>\n<tr>\n<td><u>Neue \u201eWDVS-Seite\u201c im Web <\/u><\/p>\n<p><strong>wdvs.enbausa.de bietet neutrale D\u00e4mm-Infos<\/strong><\/p>\n<p><strong>T\u00fcbingen 21.11.2012 \u2013 An diesem Mittwoch startet eine neue Website des Online-Magazins EnBauSa.de speziell zum Thema W\u00e4rmed\u00e4mm-Verbundsysteme. Unter wdvs.enbausa.de informieren unabh\u00e4ngige Journalisten \u00fcber Themen wie Brand- oder Schimmelrisiken oder Amortisation und r\u00e4umen mit Vorurteilen und Missverst\u00e4ndnissen auf.<\/strong><\/p>\n<p>Seit einiger Zeit tobt eine rege Diskussion \u00fcber das F\u00fcr und Wider von W\u00e4rmed\u00e4mmverbundsystemen. Diese Diskussion greift jetzt das neue Portal wdvs.enbausa.de auf. Es gliedert sich in zwei Hauptrubriken: In den \u201eFakten\u201c gibt es gut recherchierte Fachartikel der Redaktion. Im Blog beziehen vier erfahrene Journalisten pers\u00f6nlich Stellung zu allen Fragen rund um die d\u00e4mmende Geb\u00e4udeh\u00fclle.<\/p>\n<p>Hinter der Website stehen Pia Grund-Ludwig und Silke Thole, die die Webseite www.enbausa.de (<strong>En<\/strong>ergetisch <strong>Bau<\/strong>en und <strong>Sa<\/strong>nieren) betreiben.<\/p>\n<p>Als Blogger sind aktiv:<\/p>\n<ul>\n<li>Dipl. Ing. Rainer Sch\u00fcle, Gesch\u00e4ftsf\u00fchrer der Energie\u00adagentur Regio Freiburg.<\/li>\n<li>Dipl. Ing. Ronny Meyer, Buchautor und ARD-Experte f\u00fcr Energiespar-Tipps.<\/li>\n<li>Dipl. Ing. Hans-Gerd Heye, freier Baufachjournalist. Er schreibt vor allem \u00fcber Baukonstruktion und energie\u00adeffizientes Bauen.<\/li>\n<li>Armin Scharf. Er hat sich als freier Journalist u. a. auf die Themen Bautechnik und Gestaltung spezialisiert.<\/li>\n<\/ul>\n<p>Das erfahrene Team will mit Irrt\u00fcmern aufr\u00e4umen und regel\u00adm\u00e4\u00dfig aktuelle Fragen rund ums WDVS eingehend beant\u00adworten und wird auch den kritischen Aspekten nicht aus dem Weg gehen.<\/p>\n<p>&nbsp;<\/p>\n<hr noshade=\"noshade\" size=\"1\" \/>\n<p>&nbsp;<\/p>\n<p>Abdruck honorarfrei, Belegexemplar erbeten<\/p>\n<p>&nbsp;<\/td>\n<\/tr>\n<tr>\n<td><\/td>\n<\/tr>\n<\/tbody>\n<\/table>\n","protected":false},"excerpt":{"rendered":"<p>Neue \u201eWDVS-Seite\u201c im Web wdvs.enbausa.de bietet neutrale D\u00e4mm-Infos T\u00fcbingen 21.11.2012 \u2013 An diesem Mittwoch startet eine neue Website des Online-Magazins EnBauSa.de speziell zum Thema W\u00e4rmed\u00e4mm-Verbundsysteme. Unter wdvs.enbausa.de informieren unabh\u00e4ngige Journalisten \u00fcber Themen wie Brand- oder Schimmelrisiken oder Amortisation und r\u00e4umen mit Vorurteilen und Missverst\u00e4ndnissen auf. Seit einiger Zeit tobt eine rege Diskussion \u00fcber das F\u00fcr [&hellip;]<\/p>\n","protected":false},"author":6,"featured_media":0,"comment_status":"closed","ping_status":"open","sticky":false,"template":"","format":"standard","meta":{"footnotes":""},"categories":[15],"tags":[90,155,627],"class_list":["post-1595","post","type-post","status-publish","format-standard","hentry","category-sto","tag-blog","tag-enbausa","tag-wdvs"],"_links":{"self":[{"href":"https:\/\/www.pr-neu.de\/newsroom\/wp-json\/wp\/v2\/posts\/1595","targetHints":{"allow":["GET"]}}],"collection":[{"href":"https:\/\/www.pr-neu.de\/newsroom\/wp-json\/wp\/v2\/posts"}],"about":[{"href":"https:\/\/www.pr-neu.de\/newsroom\/wp-json\/wp\/v2\/types\/post"}],"author":[{"embeddable":true,"href":"https:\/\/www.pr-neu.de\/newsroom\/wp-json\/wp\/v2\/users\/6"}],"replies":[{"embeddable":true,"href":"https:\/\/www.pr-neu.de\/newsroom\/wp-json\/wp\/v2\/comments?post=1595"}],"version-history":[{"count":3,"href":"https:\/\/www.pr-neu.de\/newsroom\/wp-json\/wp\/v2\/posts\/1595\/revisions"}],"predecessor-version":[{"id":13372,"href":"https:\/\/www.pr-neu.de\/newsroom\/wp-json\/wp\/v2\/posts\/1595\/revisions\/13372"}],"wp:attachment":[{"href":"https:\/\/www.pr-neu.de\/newsroom\/wp-json\/wp\/v2\/media?parent=1595"}],"wp:term":[{"taxonomy":"category","embeddable":true,"href":"https:\/\/www.pr-neu.de\/newsroom\/wp-json\/wp\/v2\/categories?post=1595"},{"taxonomy":"post_tag","embeddable":true,"href":"https:\/\/www.pr-neu.de\/newsroom\/wp-json\/wp\/v2\/tags?post=1595"}],"curies":[{"name":"wp","href":"https:\/\/api.w.org\/{rel}","templated":true}]}}