{"id":15933,"date":"2023-06-20T08:00:32","date_gmt":"2023-06-20T06:00:32","guid":{"rendered":"https:\/\/www.pr-neu.de\/newsroom\/?p=15933"},"modified":"2023-06-19T10:38:35","modified_gmt":"2023-06-19T08:38:35","slug":"anti-aging-fuers-eigenheim","status":"publish","type":"post","link":"https:\/\/www.pr-neu.de\/newsroom\/anti-aging-fuers-eigenheim\/","title":{"rendered":"Anti-Aging f\u00fcrs Eigenheim"},"content":{"rendered":"<p><u>Fassadenrenovierung<\/u><\/p>\n<p><strong>Sonne, Regen, Frost und Wind fordern die Fassaden \u2013 und die W\u00e4nde sollen im Winter W\u00e4rme drinnen halten und im Sommer vor \u00dcberhitzung sch\u00fctzen. Daf\u00fcr sind zwei Dinge notwendig: Gute D\u00e4mmung und eine Oberfl\u00e4che, die der Witterung lange standh\u00e4lt. Wer auf Qualit\u00e4t setzt, braucht dann nur ab und zu einen neuen Anstrich. Wie bei Familie Schr\u00f6der aus Buggingen (bei M\u00fclheim\/BW): Sie hat jetzt ihr vor rund 15 Jahren ged\u00e4mmtes Eigenheim mit zwei bionischen Fassadenfarben renoviert.<\/strong><\/p>\n<p>Der entscheidende Schritt fand 2009 statt: Da erhielt das Einfamilienhaus aus den fr\u00fchen 1980er Jahren eine umfassende Sanierung: \u201eDie D\u00e4mmung spart Heizenergie und erh\u00f6ht den Wohlf\u00fchl-Faktor im Innenraum\u201c, ist Bauherr Manfred Schr\u00f6der \u00fcberzeugt. Deshalb hat der Stuckateur die Au\u00dfenwand mit einer 14 Zentimeter dicken D\u00e4mmung aus Polystyrol eingepackt \u2013 und so seitdem bereits viel Geld gespart.<\/p>\n<p>Die energiesparende Geb\u00e4udeh\u00fclle aus w\u00e4rmed\u00e4mmender Platte, Unterputz, Armierungsgewebe und einem Siliconharz-Oberputz ist auch nach 15 Jahren noch intakt. \u201eDer Putz weist keine Risse oder andere Sch\u00e4den auf\u201c, stellt Schr\u00f6der nach einem Fassaden-Check fest. Doch die Witterung hat Spuren hinterlassen \u2013 in erster Linie an der Wetterseite: \u201eHier ist die Fassade etwas veralgt und die Fensterfaschen waren verwittert\u201c, erz\u00e4hlt er. \u201eSolche Spuren k\u00f6nnen nach ein paar Jahren einfach vorkommen. Das Haus ist an vielen Tagen im Jahr der Feuchtigkeit ausgesetzt, und auf feuchten Oberfl\u00e4chen siedeln sich Algen und Pilze gerne an\u201c, wei\u00df der Profi. Das ist kein technischer Mangel, aber die Schlieren sind unsch\u00f6n. Deshalb wurde die Fassade gereinigt und neu gestrichen.<\/p>\n<p><strong>Selbstreinigungseffekt nach dem Vorbild der Natur<\/strong><\/p>\n<p>Den Gro\u00dfteil der rund 180 Quadratmeter gro\u00dfen Fl\u00e4che hat Schr\u00f6der mit der wasserabweisenden Fassadenfarbe Lotusan in einem hellgelben Farbton \u00fcberarbeitet. Auf ihrer mikrostrukturierten Oberfl\u00e4che, den Bl\u00e4ttern der Lotus-Pflanze nachempfunden, haften Schmutzpartikel nicht an, sie sitzen nur lose auf und werden einfach vom n\u00e4chsten Regen abgesp\u00fclt. So bleibt die Fassade lange trocken und sauber.<\/p>\n<p>F\u00fcr den Geb\u00e4udesockel und die Betonwand am Gartenzaun w\u00e4hlte der Handwerksprofi die (ebenfalls bionische) Fassadenfarbe StoColor Dryonic in einem dunklen Grau. Sie f\u00fchrt Feuchtigkeit (Regen oder Tau) schnell ab, sch\u00fctzt auch intensive Farbt\u00f6ne vor dem Ausbleichen. Praktisch: Als \u201eAllrounder\u201c am Bau kann sie auf nahezu allen bau\u00fcblichen Untergr\u00fcnden eingesetzt werden \u2013 sogar auf Beton oder Fallrohren.<\/p>\n<p>Ausdr\u00fccklich erw\u00fcnscht ist Wasser nur an einer Stelle: im Gartenpool, den nun eine neu gebaute Sichtschutzwand umgibt. Auch dieses Konstrukt hat Schr\u00f6der selbst gebaut: mit einer leichten und umweltfreundlichen Tr\u00e4gerplatte aus Bl\u00e4hglasgranulat (StoPanel Plus) und einem organischen Oberputz (Stolit MP). Als sch\u00fctzender Schlussanstrich dient auch hier Lotusan.<\/p>\n<p>Die Holzbauteile \u2013 also Teile der Sichtschutzwand, die Holzlatten des Gartenzauns und eine neue Gartenbank \u2013 hat er mit einer speziellen Holzschutzfarbe (StoColor Dryonic Wood) gestrichen. \u201eDamit sieht unser Haus wieder super aus. Sonne und Feuchtigkeit k\u00f6nnen der Fassade nichts anhaben.\u201c<\/p>\n<p>&nbsp;<\/p>\n<hr \/>\n<p>&nbsp;<\/p>\n<p style=\"text-align: center;\"><a href=\"http:\/\/www.pr-neu.de\/newsroom\/wordpress\/wp-content\/uploads\/2023\/06\/23-13_Buggingen_01_Einfamilienhaus_G-scaled.jpg\" target=\"_blank\" rel=\"noopener\"><img loading=\"lazy\" decoding=\"async\" class=\"alignnone wp-image-15935 size-medium\" src=\"http:\/\/www.pr-neu.de\/newsroom\/wordpress\/wp-content\/uploads\/2023\/06\/23-13_Buggingen_01_Einfamilienhaus_G-300x197.jpg\" alt=\"\" width=\"300\" height=\"197\" srcset=\"https:\/\/www.pr-neu.de\/newsroom\/wordpress\/wp-content\/uploads\/2023\/06\/23-13_Buggingen_01_Einfamilienhaus_G-300x197.jpg 300w, https:\/\/www.pr-neu.de\/newsroom\/wordpress\/wp-content\/uploads\/2023\/06\/23-13_Buggingen_01_Einfamilienhaus_G-1024x673.jpg 1024w, https:\/\/www.pr-neu.de\/newsroom\/wordpress\/wp-content\/uploads\/2023\/06\/23-13_Buggingen_01_Einfamilienhaus_G-768x505.jpg 768w, https:\/\/www.pr-neu.de\/newsroom\/wordpress\/wp-content\/uploads\/2023\/06\/23-13_Buggingen_01_Einfamilienhaus_G-1536x1010.jpg 1536w, https:\/\/www.pr-neu.de\/newsroom\/wordpress\/wp-content\/uploads\/2023\/06\/23-13_Buggingen_01_Einfamilienhaus_G-2048x1346.jpg 2048w, https:\/\/www.pr-neu.de\/newsroom\/wordpress\/wp-content\/uploads\/2023\/06\/23-13_Buggingen_01_Einfamilienhaus_G-110x72.jpg 110w, https:\/\/www.pr-neu.de\/newsroom\/wordpress\/wp-content\/uploads\/2023\/06\/23-13_Buggingen_01_Einfamilienhaus_G-420x276.jpg 420w, https:\/\/www.pr-neu.de\/newsroom\/wordpress\/wp-content\/uploads\/2023\/06\/23-13_Buggingen_01_Einfamilienhaus_G-654x430.jpg 654w\" sizes=\"auto, (max-width: 300px) 100vw, 300px\" \/><\/a><\/p>\n<p style=\"text-align: center;\">Ein neuer Anstrich mit einer bionischen Fassadenfarbe h\u00e4lt dieses Einfamilienhaus langfristig trocken und sauber.<\/p>\n<p>&nbsp;<\/p>\n<p style=\"text-align: center;\"><a href=\"http:\/\/www.pr-neu.de\/newsroom\/wordpress\/wp-content\/uploads\/2023\/06\/23-13_Buggingen_02_makellose_Oberflaeche_G-scaled.jpg\" target=\"_blank\" rel=\"noopener\"><img loading=\"lazy\" decoding=\"async\" class=\"alignnone wp-image-15936 size-medium\" src=\"http:\/\/www.pr-neu.de\/newsroom\/wordpress\/wp-content\/uploads\/2023\/06\/23-13_Buggingen_02_makellose_Oberflaeche_G-196x300.jpg\" alt=\"\" width=\"196\" height=\"300\" srcset=\"https:\/\/www.pr-neu.de\/newsroom\/wordpress\/wp-content\/uploads\/2023\/06\/23-13_Buggingen_02_makellose_Oberflaeche_G-196x300.jpg 196w, https:\/\/www.pr-neu.de\/newsroom\/wordpress\/wp-content\/uploads\/2023\/06\/23-13_Buggingen_02_makellose_Oberflaeche_G-669x1024.jpg 669w, https:\/\/www.pr-neu.de\/newsroom\/wordpress\/wp-content\/uploads\/2023\/06\/23-13_Buggingen_02_makellose_Oberflaeche_G-768x1175.jpg 768w, https:\/\/www.pr-neu.de\/newsroom\/wordpress\/wp-content\/uploads\/2023\/06\/23-13_Buggingen_02_makellose_Oberflaeche_G-1004x1536.jpg 1004w, https:\/\/www.pr-neu.de\/newsroom\/wordpress\/wp-content\/uploads\/2023\/06\/23-13_Buggingen_02_makellose_Oberflaeche_G-1338x2048.jpg 1338w, https:\/\/www.pr-neu.de\/newsroom\/wordpress\/wp-content\/uploads\/2023\/06\/23-13_Buggingen_02_makellose_Oberflaeche_G-72x110.jpg 72w, https:\/\/www.pr-neu.de\/newsroom\/wordpress\/wp-content\/uploads\/2023\/06\/23-13_Buggingen_02_makellose_Oberflaeche_G-274x420.jpg 274w, https:\/\/www.pr-neu.de\/newsroom\/wordpress\/wp-content\/uploads\/2023\/06\/23-13_Buggingen_02_makellose_Oberflaeche_G-281x430.jpg 281w, https:\/\/www.pr-neu.de\/newsroom\/wordpress\/wp-content\/uploads\/2023\/06\/23-13_Buggingen_02_makellose_Oberflaeche_G-scaled.jpg 1673w\" sizes=\"auto, (max-width: 196px) 100vw, 196px\" \/><\/a><\/p>\n<p style=\"text-align: center;\">Ihre helle Oberfl\u00e4che ist makellos. Das Geheimnis: Schmutz perlt einfach mit dem Regen ab.<\/p>\n<p>&nbsp;<\/p>\n<p style=\"text-align: center;\"><a href=\"http:\/\/www.pr-neu.de\/newsroom\/wordpress\/wp-content\/uploads\/2023\/06\/23-13_Buggingen_03_Gebaeudesockel_G-scaled.jpg\" target=\"_blank\" rel=\"noopener\"><img loading=\"lazy\" decoding=\"async\" class=\"alignnone wp-image-15937 size-medium\" src=\"http:\/\/www.pr-neu.de\/newsroom\/wordpress\/wp-content\/uploads\/2023\/06\/23-13_Buggingen_03_Gebaeudesockel_G-200x300.jpg\" alt=\"\" width=\"200\" height=\"300\" srcset=\"https:\/\/www.pr-neu.de\/newsroom\/wordpress\/wp-content\/uploads\/2023\/06\/23-13_Buggingen_03_Gebaeudesockel_G-200x300.jpg 200w, https:\/\/www.pr-neu.de\/newsroom\/wordpress\/wp-content\/uploads\/2023\/06\/23-13_Buggingen_03_Gebaeudesockel_G-683x1024.jpg 683w, https:\/\/www.pr-neu.de\/newsroom\/wordpress\/wp-content\/uploads\/2023\/06\/23-13_Buggingen_03_Gebaeudesockel_G-768x1152.jpg 768w, https:\/\/www.pr-neu.de\/newsroom\/wordpress\/wp-content\/uploads\/2023\/06\/23-13_Buggingen_03_Gebaeudesockel_G-1024x1536.jpg 1024w, https:\/\/www.pr-neu.de\/newsroom\/wordpress\/wp-content\/uploads\/2023\/06\/23-13_Buggingen_03_Gebaeudesockel_G-1366x2048.jpg 1366w, https:\/\/www.pr-neu.de\/newsroom\/wordpress\/wp-content\/uploads\/2023\/06\/23-13_Buggingen_03_Gebaeudesockel_G-73x110.jpg 73w, https:\/\/www.pr-neu.de\/newsroom\/wordpress\/wp-content\/uploads\/2023\/06\/23-13_Buggingen_03_Gebaeudesockel_G-280x420.jpg 280w, https:\/\/www.pr-neu.de\/newsroom\/wordpress\/wp-content\/uploads\/2023\/06\/23-13_Buggingen_03_Gebaeudesockel_G-287x430.jpg 287w, https:\/\/www.pr-neu.de\/newsroom\/wordpress\/wp-content\/uploads\/2023\/06\/23-13_Buggingen_03_Gebaeudesockel_G-scaled.jpg 1707w\" sizes=\"auto, (max-width: 200px) 100vw, 200px\" \/><\/a><\/p>\n<p style=\"text-align: center;\">Der Geb\u00e4udesockel wurde mit einer schnell trocknenden Fassadenfarbe gestaltet. Sie f\u00fchrt das Wasser im Nu ab.<\/p>\n<p>&nbsp;<\/p>\n<p style=\"text-align: center;\"><a href=\"http:\/\/www.pr-neu.de\/newsroom\/wordpress\/wp-content\/uploads\/2023\/06\/23-13_Buggingen_04_Holzbauteile_K.jpg\" target=\"_blank\" rel=\"noopener\"><img loading=\"lazy\" decoding=\"async\" class=\"alignnone wp-image-15941 size-medium\" src=\"http:\/\/www.pr-neu.de\/newsroom\/wordpress\/wp-content\/uploads\/2023\/06\/23-13_Buggingen_04_Holzbauteile_K-204x300.jpg\" alt=\"\" width=\"204\" height=\"300\" \/><\/a><\/p>\n<p style=\"text-align: center;\">Die Holzbauteile wurde mit StoColor Dryonic Wood gestrichen.<\/p>\n<p>&nbsp;<\/p>\n<p style=\"text-align: center;\"><a href=\"http:\/\/www.pr-neu.de\/newsroom\/wordpress\/wp-content\/uploads\/2023\/06\/23-13_Buggingen_05_Poolareal_G-scaled.jpg\" target=\"_blank\" rel=\"noopener\"><img loading=\"lazy\" decoding=\"async\" class=\"alignnone wp-image-15934 size-medium\" src=\"http:\/\/www.pr-neu.de\/newsroom\/wordpress\/wp-content\/uploads\/2023\/06\/23-13_Buggingen_05_Poolareal_G-206x300.jpg\" alt=\"\" width=\"206\" height=\"300\" srcset=\"https:\/\/www.pr-neu.de\/newsroom\/wordpress\/wp-content\/uploads\/2023\/06\/23-13_Buggingen_05_Poolareal_G-206x300.jpg 206w, https:\/\/www.pr-neu.de\/newsroom\/wordpress\/wp-content\/uploads\/2023\/06\/23-13_Buggingen_05_Poolareal_G-703x1024.jpg 703w, https:\/\/www.pr-neu.de\/newsroom\/wordpress\/wp-content\/uploads\/2023\/06\/23-13_Buggingen_05_Poolareal_G-768x1119.jpg 768w, https:\/\/www.pr-neu.de\/newsroom\/wordpress\/wp-content\/uploads\/2023\/06\/23-13_Buggingen_05_Poolareal_G-1054x1536.jpg 1054w, https:\/\/www.pr-neu.de\/newsroom\/wordpress\/wp-content\/uploads\/2023\/06\/23-13_Buggingen_05_Poolareal_G-1406x2048.jpg 1406w, https:\/\/www.pr-neu.de\/newsroom\/wordpress\/wp-content\/uploads\/2023\/06\/23-13_Buggingen_05_Poolareal_G-75x110.jpg 75w, https:\/\/www.pr-neu.de\/newsroom\/wordpress\/wp-content\/uploads\/2023\/06\/23-13_Buggingen_05_Poolareal_G-288x420.jpg 288w, https:\/\/www.pr-neu.de\/newsroom\/wordpress\/wp-content\/uploads\/2023\/06\/23-13_Buggingen_05_Poolareal_G-295x430.jpg 295w, https:\/\/www.pr-neu.de\/newsroom\/wordpress\/wp-content\/uploads\/2023\/06\/23-13_Buggingen_05_Poolareal_G-scaled.jpg 1757w\" sizes=\"auto, (max-width: 206px) 100vw, 206px\" \/><\/a><\/p>\n<p style=\"text-align: center;\">Eine verputzte Wand, teilweise mit Holz verkleidet, bietet im Poolbereich einen Sichtschutz.<\/p>\n<p style=\"text-align: center;\">Bilder: Martin Baitinger \/ Sto SE &amp; Co. KGaA<\/p>\n<p>&nbsp;<\/p>\n<hr \/>\n<p>&nbsp;<\/p>\n<p>Abdruck honorarfrei, Belegexemplar erbeten<\/p>\n","protected":false},"excerpt":{"rendered":"<p>Familie Schr\u00f6der aus Buggingen (bei M\u00fclheim\/BW) hat jetzt ihr vor rund 15 Jahren ged\u00e4mmtes Eigenheim mit zwei bionischen Fassadenfarben renoviert.<\/p>\n","protected":false},"author":9,"featured_media":15943,"comment_status":"closed","ping_status":"open","sticky":false,"template":"","format":"standard","meta":{"footnotes":""},"categories":[15],"tags":[2505,1575,430,439,504],"class_list":["post-15933","post","type-post","status-publish","format-standard","has-post-thumbnail","hentry","category-sto","tag-familie","tag-haus","tag-renovierung","tag-sanierung","tag-sto-2"],"_links":{"self":[{"href":"https:\/\/www.pr-neu.de\/newsroom\/wp-json\/wp\/v2\/posts\/15933","targetHints":{"allow":["GET"]}}],"collection":[{"href":"https:\/\/www.pr-neu.de\/newsroom\/wp-json\/wp\/v2\/posts"}],"about":[{"href":"https:\/\/www.pr-neu.de\/newsroom\/wp-json\/wp\/v2\/types\/post"}],"author":[{"embeddable":true,"href":"https:\/\/www.pr-neu.de\/newsroom\/wp-json\/wp\/v2\/users\/9"}],"replies":[{"embeddable":true,"href":"https:\/\/www.pr-neu.de\/newsroom\/wp-json\/wp\/v2\/comments?post=15933"}],"version-history":[{"count":5,"href":"https:\/\/www.pr-neu.de\/newsroom\/wp-json\/wp\/v2\/posts\/15933\/revisions"}],"predecessor-version":[{"id":15946,"href":"https:\/\/www.pr-neu.de\/newsroom\/wp-json\/wp\/v2\/posts\/15933\/revisions\/15946"}],"wp:featuredmedia":[{"embeddable":true,"href":"https:\/\/www.pr-neu.de\/newsroom\/wp-json\/wp\/v2\/media\/15943"}],"wp:attachment":[{"href":"https:\/\/www.pr-neu.de\/newsroom\/wp-json\/wp\/v2\/media?parent=15933"}],"wp:term":[{"taxonomy":"category","embeddable":true,"href":"https:\/\/www.pr-neu.de\/newsroom\/wp-json\/wp\/v2\/categories?post=15933"},{"taxonomy":"post_tag","embeddable":true,"href":"https:\/\/www.pr-neu.de\/newsroom\/wp-json\/wp\/v2\/tags?post=15933"}],"curies":[{"name":"wp","href":"https:\/\/api.w.org\/{rel}","templated":true}]}}