{"id":15912,"date":"2025-06-30T12:05:15","date_gmt":"2025-06-30T10:05:15","guid":{"rendered":"https:\/\/www.pr-neu.de\/newsroom\/?p=15912"},"modified":"2026-01-05T13:10:49","modified_gmt":"2026-01-05T12:10:49","slug":"beim-technologiefuehrer-sto-hat-nachhaltigkeit-tradition-text-lang","status":"publish","type":"post","link":"https:\/\/www.pr-neu.de\/newsroom\/beim-technologiefuehrer-sto-hat-nachhaltigkeit-tradition-text-lang\/","title":{"rendered":"Beim Technologief\u00fchrer Sto hat Nachhaltigkeit Tradition  (Text lang)"},"content":{"rendered":"<p><u>Leitgedanke: \u201eBewusst bauen\u201c<\/u><\/p>\n<p><strong>Die Firmengeschichte von Sto beginnt 1955, als die damalige Stotmeister GmbH als erstes Unternehmen organisch gebundene Putze auf den Markt brachte. Heute ist die Sto SE &amp; Co. KGaA einer der international bedeutenden Hersteller von Produkten und Systemen f\u00fcr Geb\u00e4udebeschichtungen. Ihre energiesparenden D\u00e4mmsysteme leisten einen gro\u00dfen Beitrag zum Klimaschutz, zur Werterhaltung und damit zur Nachhaltigkeit im Geb\u00e4udesektor.<\/strong><\/p>\n<p>F\u00fchrend ist das Unternehmen im Bereich der Fassadend\u00e4mmsysteme. Zu seinem Kernsortiment geh\u00f6ren au\u00dferdem hochwertige Fassadenelemente, Putze und Farben f\u00fcr Fassaden und Innenr\u00e4ume sowie Produkte f\u00fcr die Betoninstandsetzung, Bodenbeschichtungen, Akustik- und vorgeh\u00e4ngte hinterl\u00fcftete Fassadensysteme. Der Konzernumsatz 2023 betrug 1,718 Milliarden Euro.<\/p>\n<p>Die im s\u00fcdbadischen St\u00fchlingen beheimatete Sto SE &amp; Co. KGaA geht zur\u00fcck auf das 1835 von Anton G\u00e4ng gegr\u00fcndete Kalkwerk, das rund 100 Jahre sp\u00e4ter von Wilhelm Stotmeister \u00fcbernommen wurde. Nach dem Zweiten Weltkrieg begann der rapide Aufstieg zu einem weltweit operierenden Unternehmen. 1955 brachte die damalige Stotmeister GmbH als erstes Unternehmen organisch gebundene Putze auf den Markt. Inzwischen sind mehr als 1.500 verschiedene Produkte und Systeme im Einsatz zur Fassadend\u00e4mmung, Akustikoptimierung und Betoninstandsetzung sowie zur Beschichtung von Neu- und Altbauten sowohl innen wie auch au\u00dfen. Heute ist die Sto SE &amp; Co. KGaA mit ihren Schwerpunktm\u00e4rkten Europa, Asien und Amerika weltweit aufgestellt und befindet sich international weiter auf Wachstumskurs. Mit mehr als 5.750 Mitarbeitenden erwirtschaftete der Konzern 2023 einen Umsatz von 1,718 Milliarden Euro. Ende 2023 war der Technologief\u00fchrer in 37 L\u00e4ndern mit 50 eigenen operativen Tochterunternehmen und deren Betriebsst\u00e4tten vertreten. Dar\u00fcber hinaus bestehen Lieferbeziehungen zu Vertriebspartnern in zahlreichen weiteren Staaten.<\/p>\n<p>Marktpartner von Sto sind weltweit Architekten, Fachplaner, das Fachhandwerk sowie Investoren und Bauherren, die die Qualit\u00e4t der Produkte und Systeme, die Service- und Beratungsleistung sowie die Innovationskraft der Profi-Marke sch\u00e4tzen.<\/p>\n<p>Das Unternehmen wurde bis Ende 2016 in dritter Generation von der Gr\u00fcnderfamilie Stotmeister gef\u00fchrt, die auch 90 Prozent der stimmberechtigten Stammaktien h\u00e4lt (zehn Prozent Sto SE &amp; Co. KGaA). Etwa ein Drittel der Sto-Wertpapiere sind Vorzugsaktien, die frei gehandelt werden. Die Inhaber-Familien Stotmeister stehen weiterhin zu ihrem Unternehmen und bestimmen dessen Geschicke nun \u00fcber den Aufsichtsrat mit.<\/p>\n<p><strong>Verantwortung f\u00fcr Gesellschaft und Umwelt<\/strong><\/p>\n<p>Nachhaltigkeit hat bei Sto nicht erst seit der Formulierung der Klimaschutzziele im Rahmen des europ\u00e4ischen Green Deals eine gro\u00dfe Bedeutung. Schon seit 1988 dr\u00fcckt der Leitgedanke \u201eBewusst bauen\u201c den Anspruch aus, der in der DNA des Familienunternehmens von Anfang an verankert war: Verantwortung f\u00fcr die Gesellschaft und die Umwelt zu \u00fcbernehmen. Dieser Ansatz reicht weit \u00fcber reine Klima- und Umweltschutzziele hinaus und umfasst auch die Bereiche Kreislaufwirtschaft, Gesundheit sowie soziale Verantwortung. Sto-Produkte werden energie- und ressourceneffizient hergestellt und die Verwendung nachwachsender Rohstoffe und erneuerbarer Energien wird forciert, sofern \u00f6konomisch, \u00f6kologisch und sozial vertretbar. Ferner werden unter Ber\u00fccksichtigung technologischer und \u00f6konomischer Aspekte Entsorgungs-, Wiederverwendungs- und Recycling-Potenziale der Produkte evaluiert und umgesetzt.<\/p>\n<p>2009 wurde das Leitbild zeitgem\u00e4\u00df weiterentwickelt \u2013 vom \u201eSchrittmacher f\u00fcr umweltbewusste und menschliche Lebensraumgestaltung\u201c hin zum \u201eTechnologief\u00fchrer f\u00fcr die menschliche und nachhaltige Gestaltung gebauter Lebensr\u00e4ume\u201c. Der damit implizierten gesellschaftspolitischen Verantwortung wird die Sto SE &amp; Co. KGaA in vielfacher Hinsicht gerecht. Im Bereich Corporate Social Responsibility sind als wichtige Aktivit\u00e4ten die Unterzeichnung des United Nations Global Compact in 2009 zu nennen sowie das Engagement der gemeinn\u00fctzigen Sto-Stiftung, die seit 19 Jahren mit einem j\u00e4hrlichen F\u00f6rdervolumen von heute 1.000.000 Euro vor allem die Aus- und Weiterbildung von jungen Handwerkern und Architekturstudenten unterst\u00fctzt.<\/p>\n<p><strong>Fassadensysteme leisten gro\u00dfen Beitrag zum Klimaschutz<\/strong><\/p>\n<p>Das Kerngesch\u00e4ft der Sto SE &amp; Co. KGaA, die Herstellung von Fassaden-D\u00e4mmsystemen, ist nicht nur wesentlicher Wachstumstr\u00e4ger des Unternehmens, sondern leistet zugleich einen direkten Beitrag zum Energiesparen und damit zum Klima- und Ressourcenschutz: Durch die seit 1965 weltweit an Geb\u00e4uden angebrachten Sto-Systeme konnte bis 2023 eine Energie-menge von etwa 137,5 Milliarden Liter Heiz\u00f6l eingespart werden. Damit gelangten umgerechnet rund 440 Millionen Tonnen CO2 erst gar nicht in die Atmosph\u00e4re. Alleine 2023 reduzierten Sto-Produkte die Emission des Verbrennungsgases um gesch\u00e4tzt 24 Millionen Tonnen. Dar\u00fcber hinaus ist vor dem Hintergrund der zunehmenden Erderw\u00e4rmung der Hitzeschutz durch D\u00e4mmsysteme ein relevanter Aspekt, weil sie den Energie- und Ressourceneinsatz von Klimaanlagen reduzieren. In den Bereichen Gesundheit und \u00d6kologie unterstreichen Zertifizierungen nach international anerkannten Umweltlabeln die Produktausrichtung der Sto SE &amp; Co. KGaA nach Kriterien der Nachhaltigkeit. Mit hohem Forschungsaufwand werden die Beschichtungsprodukte und -systeme stetig weiterentwickelt und verbessert.<\/p>\n<p>&nbsp;<\/p>\n<hr \/>\n<p>&nbsp;<\/p>\n<p><a href=\"http:\/\/www.pr-neu.de\/newsroom\/wordpress\/wp-content\/uploads\/2023\/01\/26_03_Sto-Vorstand_K_02.jpg\" target=\"_blank\" rel=\"noopener\"><img loading=\"lazy\" decoding=\"async\" class=\"wp-image-18178 size-medium aligncenter\" src=\"http:\/\/www.pr-neu.de\/newsroom\/wordpress\/wp-content\/uploads\/2023\/01\/26_03_Sto-Vorstand_K_02-300x200.jpg\" alt=\"\" width=\"300\" height=\"200\" srcset=\"https:\/\/www.pr-neu.de\/newsroom\/wordpress\/wp-content\/uploads\/2023\/01\/26_03_Sto-Vorstand_K_02-300x200.jpg 300w, https:\/\/www.pr-neu.de\/newsroom\/wordpress\/wp-content\/uploads\/2023\/01\/26_03_Sto-Vorstand_K_02-1024x683.jpg 1024w, https:\/\/www.pr-neu.de\/newsroom\/wordpress\/wp-content\/uploads\/2023\/01\/26_03_Sto-Vorstand_K_02-768x512.jpg 768w, https:\/\/www.pr-neu.de\/newsroom\/wordpress\/wp-content\/uploads\/2023\/01\/26_03_Sto-Vorstand_K_02-1536x1025.jpg 1536w, https:\/\/www.pr-neu.de\/newsroom\/wordpress\/wp-content\/uploads\/2023\/01\/26_03_Sto-Vorstand_K_02-2048x1366.jpg 2048w, https:\/\/www.pr-neu.de\/newsroom\/wordpress\/wp-content\/uploads\/2023\/01\/26_03_Sto-Vorstand_K_02-110x73.jpg 110w, https:\/\/www.pr-neu.de\/newsroom\/wordpress\/wp-content\/uploads\/2023\/01\/26_03_Sto-Vorstand_K_02-420x280.jpg 420w, https:\/\/www.pr-neu.de\/newsroom\/wordpress\/wp-content\/uploads\/2023\/01\/26_03_Sto-Vorstand_K_02-645x430.jpg 645w\" sizes=\"auto, (max-width: 300px) 100vw, 300px\" \/><\/a><\/p>\n<p style=\"text-align: center;\">Der Sto-Vorstand (von links): Jost Bendel, D\u00e9sir\u00e9e Konrad, Rainer H\u00fcttenberger.<br \/>\nFoto: Martin Baitinger, B\u00f6blingen \/ Sto SE &amp; Co. KGaA<\/p>\n<p>&nbsp;<\/p>\n<p style=\"text-align: center;\"><a href=\"http:\/\/www.pr-neu.de\/newsroom\/wordpress\/wp-content\/uploads\/2024\/05\/24-21-Standort_G.jpg\" target=\"_blank\" rel=\"noopener\"><img loading=\"lazy\" decoding=\"async\" class=\"aligncenter wp-image-16763 size-medium\" src=\"http:\/\/www.pr-neu.de\/newsroom\/wordpress\/wp-content\/uploads\/2024\/05\/24-21-Standort_G-300x253.jpg\" alt=\"Das B\u00fcro- und Empfangsgeb\u00e4ude am Hauptstandort St\u00fchlingen.\" width=\"300\" height=\"253\" srcset=\"https:\/\/www.pr-neu.de\/newsroom\/wordpress\/wp-content\/uploads\/2024\/05\/24-21-Standort_G-300x253.jpg 300w, https:\/\/www.pr-neu.de\/newsroom\/wordpress\/wp-content\/uploads\/2024\/05\/24-21-Standort_G-1024x864.jpg 1024w, https:\/\/www.pr-neu.de\/newsroom\/wordpress\/wp-content\/uploads\/2024\/05\/24-21-Standort_G-768x648.jpg 768w, https:\/\/www.pr-neu.de\/newsroom\/wordpress\/wp-content\/uploads\/2024\/05\/24-21-Standort_G-1536x1296.jpg 1536w, https:\/\/www.pr-neu.de\/newsroom\/wordpress\/wp-content\/uploads\/2024\/05\/24-21-Standort_G-110x93.jpg 110w, https:\/\/www.pr-neu.de\/newsroom\/wordpress\/wp-content\/uploads\/2024\/05\/24-21-Standort_G-420x354.jpg 420w, https:\/\/www.pr-neu.de\/newsroom\/wordpress\/wp-content\/uploads\/2024\/05\/24-21-Standort_G-510x430.jpg 510w, https:\/\/www.pr-neu.de\/newsroom\/wordpress\/wp-content\/uploads\/2024\/05\/24-21-Standort_G.jpg 1795w\" sizes=\"auto, (max-width: 300px) 100vw, 300px\" \/><\/a><\/p>\n<p style=\"text-align: center;\">Das B\u00fcro- und Empfangsgeb\u00e4ude am Hauptstandort St\u00fchlingen.<br \/>\nFoto: Martin Baitinger \/ Sto SE &amp; Co. KGaA<\/p>\n<p>&nbsp;<\/p>\n<p>&nbsp;<\/p>\n<p><a href=\"http:\/\/www.pr-neu.de\/newsroom\/wordpress\/wp-content\/uploads\/2024\/05\/24-21-Eimer_G.jpg\" target=\"_blank\" rel=\"noopener\"><img loading=\"lazy\" decoding=\"async\" class=\"aligncenter wp-image-16760 size-medium\" src=\"http:\/\/www.pr-neu.de\/newsroom\/wordpress\/wp-content\/uploads\/2024\/05\/24-21-Eimer_G-199x300.jpg\" alt=\"Weltweit unverwechselbares Markenzeichen von Sto \u2013 der gelbe Eimer.\" width=\"199\" height=\"300\" srcset=\"https:\/\/www.pr-neu.de\/newsroom\/wordpress\/wp-content\/uploads\/2024\/05\/24-21-Eimer_G-199x300.jpg 199w, https:\/\/www.pr-neu.de\/newsroom\/wordpress\/wp-content\/uploads\/2024\/05\/24-21-Eimer_G-678x1024.jpg 678w, https:\/\/www.pr-neu.de\/newsroom\/wordpress\/wp-content\/uploads\/2024\/05\/24-21-Eimer_G-768x1159.jpg 768w, https:\/\/www.pr-neu.de\/newsroom\/wordpress\/wp-content\/uploads\/2024\/05\/24-21-Eimer_G-1017x1536.jpg 1017w, https:\/\/www.pr-neu.de\/newsroom\/wordpress\/wp-content\/uploads\/2024\/05\/24-21-Eimer_G-73x110.jpg 73w, https:\/\/www.pr-neu.de\/newsroom\/wordpress\/wp-content\/uploads\/2024\/05\/24-21-Eimer_G-278x420.jpg 278w, https:\/\/www.pr-neu.de\/newsroom\/wordpress\/wp-content\/uploads\/2024\/05\/24-21-Eimer_G-285x430.jpg 285w, https:\/\/www.pr-neu.de\/newsroom\/wordpress\/wp-content\/uploads\/2024\/05\/24-21-Eimer_G.jpg 1189w\" sizes=\"auto, (max-width: 199px) 100vw, 199px\" \/><\/a><\/p>\n<p style=\"text-align: center;\">Weltweit unverwechselbares Markenzeichen von Sto \u2013 der gelbe Eimer.<br \/>\nFoto: Sto SE &amp; Co. KGaA<\/p>\n<p>&nbsp;<\/p>\n<hr \/>\n<p>&nbsp;<\/p>\n<p>Abdruck honorarfrei, Belegexemplar erbeten<\/p>\n","protected":false},"excerpt":{"rendered":"<p>Heute ist die Sto SE &#038; Co. KGaA einer der international bedeutenden Hersteller von Produkten und Systemen f\u00fcr Geb\u00e4udebeschichtungen. Ihre energiesparenden D\u00e4mmsysteme leisten einen gro\u00dfen Beitrag zum Klimaschutz, zur Werterhaltung und damit zur Nachhaltigkeit im Geb\u00e4udesektor.<\/p>\n","protected":false},"author":9,"featured_media":16760,"comment_status":"closed","ping_status":"open","sticky":false,"template":"","format":"standard","meta":{"footnotes":""},"categories":[15],"tags":[504,1757],"class_list":["post-15912","post","type-post","status-publish","format-standard","has-post-thumbnail","hentry","category-sto","tag-sto-2","tag-unternehmen"],"_links":{"self":[{"href":"https:\/\/www.pr-neu.de\/newsroom\/wp-json\/wp\/v2\/posts\/15912","targetHints":{"allow":["GET"]}}],"collection":[{"href":"https:\/\/www.pr-neu.de\/newsroom\/wp-json\/wp\/v2\/posts"}],"about":[{"href":"https:\/\/www.pr-neu.de\/newsroom\/wp-json\/wp\/v2\/types\/post"}],"author":[{"embeddable":true,"href":"https:\/\/www.pr-neu.de\/newsroom\/wp-json\/wp\/v2\/users\/9"}],"replies":[{"embeddable":true,"href":"https:\/\/www.pr-neu.de\/newsroom\/wp-json\/wp\/v2\/comments?post=15912"}],"version-history":[{"count":11,"href":"https:\/\/www.pr-neu.de\/newsroom\/wp-json\/wp\/v2\/posts\/15912\/revisions"}],"predecessor-version":[{"id":18181,"href":"https:\/\/www.pr-neu.de\/newsroom\/wp-json\/wp\/v2\/posts\/15912\/revisions\/18181"}],"wp:featuredmedia":[{"embeddable":true,"href":"https:\/\/www.pr-neu.de\/newsroom\/wp-json\/wp\/v2\/media\/16760"}],"wp:attachment":[{"href":"https:\/\/www.pr-neu.de\/newsroom\/wp-json\/wp\/v2\/media?parent=15912"}],"wp:term":[{"taxonomy":"category","embeddable":true,"href":"https:\/\/www.pr-neu.de\/newsroom\/wp-json\/wp\/v2\/categories?post=15912"},{"taxonomy":"post_tag","embeddable":true,"href":"https:\/\/www.pr-neu.de\/newsroom\/wp-json\/wp\/v2\/tags?post=15912"}],"curies":[{"name":"wp","href":"https:\/\/api.w.org\/{rel}","templated":true}]}}