{"id":15910,"date":"2025-06-30T12:01:50","date_gmt":"2025-06-30T10:01:50","guid":{"rendered":"https:\/\/www.pr-neu.de\/newsroom\/?p=15910"},"modified":"2026-01-05T13:25:38","modified_gmt":"2026-01-05T12:25:38","slug":"at-technology-leader-sto-sustainability-has-a-long-tradition-text-medium","status":"publish","type":"post","link":"https:\/\/www.pr-neu.de\/newsroom\/en\/at-technology-leader-sto-sustainability-has-a-long-tradition-text-medium\/","title":{"rendered":"At technology leader Sto, sustainability has a long tradition  (Text medium)"},"content":{"rendered":"<p><strong>Motto: \u201cBuilding with conscience.\u201d<\/strong><\/p>\n<p><strong>Sto SE &amp; Co. KGaA (St\u00fchlingen, South Baden, Germany) is an internationally leading manufacturer of paints, renders, plasters, lacquers and coating systems as well as external wall insulation systems for the construction sector. Further focal topics are concrete restoration, floor coatings, acoustics and rainscreen cladding systems. Group-wide turnover in 2023 came to a total of EUR 1,718 billion.<\/strong><\/p>\n<p>The St\u00fchlingen-based manufacturer registered significant growth especially in the past two decades. Today, more than 1,500 products and systems are in use; Sto SE &amp; Co. KGaA is represented worldwide. In 2023, the technology leader employed more than 5,750 employees in 37 countries with 50 subsidiaries and production facilities. The secret behind the success is the company&#8217;s long-sighted, strategic positioning. This is the result of a corporate policy with a traditional orientation. Since the end of the 1980s already, the motto &#8222;Building with conscience&#8220; has represented Sto&#8217;s social responsibility and an active sustainability policy. The facade and interiors specialist serves architects, tradesmen as well as investors and building owners and also offers them technical consultation. The company has its roots in a lime works which was founded in 1835 and was then acquired by Wilhelm Stotmeister in the 1930s. Until the end of 2016, the company was run by the third generation of the Stotmeister family, which also holds 90 per cent of the voting shares (10 per cent Sto SE &amp; Co. KGaA). The Stotmeisters continue to stand by their company and now take part in decision-making by the Supervisory Board.<\/p>\n<p><strong>Responsibility for society and the environment<\/strong><\/p>\n<p>The Sto motto becomes especially apparent in the ecological and social activities of the company: memberships to the German Sustainable Building Council (DGNB) and the UN &#8222;Global Compact&#8220; initiative as well as the Sto Foundation set up in 2005 are clear evidence of this. With regard to its portfolio, Sto makes sure that the products are produced in a sustainable way and that they can be integrated into a sustainable materials cycle. This is documented and demonstrated by numerous ecological certificates, for example. Today, Sto SE &amp; Co. KGaA regards itself as &#8222;Technology leader in the sustainable design of living space tailored to human needs.&#8220;<\/p>\n<p>&nbsp;<\/p>\n<hr \/>\n<p>&nbsp;<\/p>\n<p><a href=\"http:\/\/www.pr-neu.de\/newsroom\/wordpress\/wp-content\/uploads\/2025\/06\/26_03_Sto-Vorstand_K_02.jpg\" target=\"_blank\" rel=\"noopener\"><img loading=\"lazy\" decoding=\"async\" class=\"wp-image-18186 size-medium aligncenter\" src=\"http:\/\/www.pr-neu.de\/newsroom\/wordpress\/wp-content\/uploads\/2025\/06\/26_03_Sto-Vorstand_K_02-300x200.jpg\" alt=\"\" width=\"300\" height=\"200\" srcset=\"https:\/\/www.pr-neu.de\/newsroom\/wordpress\/wp-content\/uploads\/2025\/06\/26_03_Sto-Vorstand_K_02-300x200.jpg 300w, https:\/\/www.pr-neu.de\/newsroom\/wordpress\/wp-content\/uploads\/2025\/06\/26_03_Sto-Vorstand_K_02-1024x683.jpg 1024w, https:\/\/www.pr-neu.de\/newsroom\/wordpress\/wp-content\/uploads\/2025\/06\/26_03_Sto-Vorstand_K_02-768x512.jpg 768w, https:\/\/www.pr-neu.de\/newsroom\/wordpress\/wp-content\/uploads\/2025\/06\/26_03_Sto-Vorstand_K_02-1536x1025.jpg 1536w, https:\/\/www.pr-neu.de\/newsroom\/wordpress\/wp-content\/uploads\/2025\/06\/26_03_Sto-Vorstand_K_02-2048x1366.jpg 2048w, https:\/\/www.pr-neu.de\/newsroom\/wordpress\/wp-content\/uploads\/2025\/06\/26_03_Sto-Vorstand_K_02-110x73.jpg 110w, https:\/\/www.pr-neu.de\/newsroom\/wordpress\/wp-content\/uploads\/2025\/06\/26_03_Sto-Vorstand_K_02-420x280.jpg 420w, https:\/\/www.pr-neu.de\/newsroom\/wordpress\/wp-content\/uploads\/2025\/06\/26_03_Sto-Vorstand_K_02-645x430.jpg 645w\" sizes=\"auto, (max-width: 300px) 100vw, 300px\" \/><\/a><\/p>\n<p style=\"text-align: center;\">The Sto Executive Board (from left): Jost Bendel, D\u00e9sir\u00e9e Konrad, Rainer H\u00fcttenberger.<br \/>\nPhoto: Martin Baitinger \/ Sto SE &amp; Co. KGaA<\/p>\n<p>&nbsp;<\/p>\n<p style=\"text-align: center;\"><a href=\"http:\/\/www.pr-neu.de\/newsroom\/wordpress\/wp-content\/uploads\/2023\/01\/24-21-Location_G.jpg\" target=\"_blank\" rel=\"noopener\"><img loading=\"lazy\" decoding=\"async\" class=\"aligncenter wp-image-16766 size-medium\" src=\"http:\/\/www.pr-neu.de\/newsroom\/wordpress\/wp-content\/uploads\/2023\/01\/24-21-Location_G-300x253.jpg\" alt=\"The office and reception building at the headquarters in St\u00fchlingen, Germany\" width=\"300\" height=\"253\" srcset=\"https:\/\/www.pr-neu.de\/newsroom\/wordpress\/wp-content\/uploads\/2023\/01\/24-21-Location_G-300x253.jpg 300w, https:\/\/www.pr-neu.de\/newsroom\/wordpress\/wp-content\/uploads\/2023\/01\/24-21-Location_G-1024x864.jpg 1024w, https:\/\/www.pr-neu.de\/newsroom\/wordpress\/wp-content\/uploads\/2023\/01\/24-21-Location_G-768x648.jpg 768w, https:\/\/www.pr-neu.de\/newsroom\/wordpress\/wp-content\/uploads\/2023\/01\/24-21-Location_G-1536x1296.jpg 1536w, https:\/\/www.pr-neu.de\/newsroom\/wordpress\/wp-content\/uploads\/2023\/01\/24-21-Location_G-110x93.jpg 110w, https:\/\/www.pr-neu.de\/newsroom\/wordpress\/wp-content\/uploads\/2023\/01\/24-21-Location_G-420x354.jpg 420w, https:\/\/www.pr-neu.de\/newsroom\/wordpress\/wp-content\/uploads\/2023\/01\/24-21-Location_G-510x430.jpg 510w, https:\/\/www.pr-neu.de\/newsroom\/wordpress\/wp-content\/uploads\/2023\/01\/24-21-Location_G.jpg 1795w\" sizes=\"auto, (max-width: 300px) 100vw, 300px\" \/><\/a><\/p>\n<p style=\"text-align: center;\">The office and reception building at the headquarters in St\u00fchlingen, Germany.<br \/>\nPhoto: Martin Baitinger \/ Sto SE &amp; Co. KGaA<\/p>\n<p>&nbsp;<\/p>\n<p><a href=\"http:\/\/www.pr-neu.de\/newsroom\/wordpress\/wp-content\/uploads\/2023\/01\/24-21-Pail_G.jpg\" target=\"_blank\" rel=\"noopener\"><img loading=\"lazy\" decoding=\"async\" class=\"aligncenter wp-image-16767 size-medium\" src=\"http:\/\/www.pr-neu.de\/newsroom\/wordpress\/wp-content\/uploads\/2023\/01\/24-21-Pail_G-199x300.jpg\" alt=\"The Sto trademark that is recognised worldwide \u2013 the yellow pail.\" width=\"199\" height=\"300\" srcset=\"https:\/\/www.pr-neu.de\/newsroom\/wordpress\/wp-content\/uploads\/2023\/01\/24-21-Pail_G-199x300.jpg 199w, https:\/\/www.pr-neu.de\/newsroom\/wordpress\/wp-content\/uploads\/2023\/01\/24-21-Pail_G-678x1024.jpg 678w, https:\/\/www.pr-neu.de\/newsroom\/wordpress\/wp-content\/uploads\/2023\/01\/24-21-Pail_G-768x1159.jpg 768w, https:\/\/www.pr-neu.de\/newsroom\/wordpress\/wp-content\/uploads\/2023\/01\/24-21-Pail_G-1017x1536.jpg 1017w, https:\/\/www.pr-neu.de\/newsroom\/wordpress\/wp-content\/uploads\/2023\/01\/24-21-Pail_G-73x110.jpg 73w, https:\/\/www.pr-neu.de\/newsroom\/wordpress\/wp-content\/uploads\/2023\/01\/24-21-Pail_G-278x420.jpg 278w, https:\/\/www.pr-neu.de\/newsroom\/wordpress\/wp-content\/uploads\/2023\/01\/24-21-Pail_G-285x430.jpg 285w, https:\/\/www.pr-neu.de\/newsroom\/wordpress\/wp-content\/uploads\/2023\/01\/24-21-Pail_G.jpg 1189w\" sizes=\"auto, (max-width: 199px) 100vw, 199px\" \/><\/a><\/p>\n<p style=\"text-align: center;\">The Sto trademark that is recognised worldwide &#8211; the yellow pail<br \/>\nPhoto: Sto SE &amp; Co. KGaA<\/p>\n","protected":false},"excerpt":{"rendered":"<p>Sto SE &#038; Co. KGaA (St\u00fchlingen, South Baden, Germany) is an internationally leading manufacturer of paints, renders, plasters, lacquers and coating systems as well as external wall insulation systems for the construction sector.<\/p>\n","protected":false},"author":9,"featured_media":16767,"comment_status":"closed","ping_status":"open","sticky":false,"template":"","format":"standard","meta":{"footnotes":""},"categories":[1328],"tags":[2494,1352],"class_list":["post-15910","post","type-post","status-publish","format-standard","has-post-thumbnail","hentry","category-sto-en","tag-company","tag-sto-en"],"_links":{"self":[{"href":"https:\/\/www.pr-neu.de\/newsroom\/wp-json\/wp\/v2\/posts\/15910","targetHints":{"allow":["GET"]}}],"collection":[{"href":"https:\/\/www.pr-neu.de\/newsroom\/wp-json\/wp\/v2\/posts"}],"about":[{"href":"https:\/\/www.pr-neu.de\/newsroom\/wp-json\/wp\/v2\/types\/post"}],"author":[{"embeddable":true,"href":"https:\/\/www.pr-neu.de\/newsroom\/wp-json\/wp\/v2\/users\/9"}],"replies":[{"embeddable":true,"href":"https:\/\/www.pr-neu.de\/newsroom\/wp-json\/wp\/v2\/comments?post=15910"}],"version-history":[{"count":12,"href":"https:\/\/www.pr-neu.de\/newsroom\/wp-json\/wp\/v2\/posts\/15910\/revisions"}],"predecessor-version":[{"id":18189,"href":"https:\/\/www.pr-neu.de\/newsroom\/wp-json\/wp\/v2\/posts\/15910\/revisions\/18189"}],"wp:featuredmedia":[{"embeddable":true,"href":"https:\/\/www.pr-neu.de\/newsroom\/wp-json\/wp\/v2\/media\/16767"}],"wp:attachment":[{"href":"https:\/\/www.pr-neu.de\/newsroom\/wp-json\/wp\/v2\/media?parent=15910"}],"wp:term":[{"taxonomy":"category","embeddable":true,"href":"https:\/\/www.pr-neu.de\/newsroom\/wp-json\/wp\/v2\/categories?post=15910"},{"taxonomy":"post_tag","embeddable":true,"href":"https:\/\/www.pr-neu.de\/newsroom\/wp-json\/wp\/v2\/tags?post=15910"}],"curies":[{"name":"wp","href":"https:\/\/api.w.org\/{rel}","templated":true}]}}