{"id":15907,"date":"2025-06-30T12:00:07","date_gmt":"2025-06-30T10:00:07","guid":{"rendered":"https:\/\/www.pr-neu.de\/newsroom\/?p=15907"},"modified":"2026-01-05T13:11:57","modified_gmt":"2026-01-05T12:11:57","slug":"beim-technologiefuehrer-sto-hat-nachhaltigkeit-tradition-text-medium","status":"publish","type":"post","link":"https:\/\/www.pr-neu.de\/newsroom\/beim-technologiefuehrer-sto-hat-nachhaltigkeit-tradition-text-medium\/","title":{"rendered":"Beim Technologief\u00fchrer Sto hat Nachhaltigkeit Tradition  (Text medium)"},"content":{"rendered":"<p><u>Leitgedanke: \u201eBewusst bauen\u201c<\/u><\/p>\n<p><strong>Die Sto SE &amp; Co. KGaA (St\u00fchlingen) ist ein international f\u00fchrender Hersteller von Farben, Putzen, Lacken und Beschichtungssystemen sowie W\u00e4rmed\u00e4mm-Verbundsystemen f\u00fcr den Bau. Weitere Schwerpunkte sind die Betoninstandsetzung, Bodenbeschichtungen, Akustik- und vorgeh\u00e4ngte hinterl\u00fcftete Fassadensysteme. Der Konzernumsatz 2023 betrug 1,718 Milliarden Euro.<\/strong><\/p>\n<p>Der Hersteller aus St\u00fchlingen in S\u00fcdbaden verzeichnete insbesondere in den vergangenen zwei Jahrzehnten deutliches Wachstum. Inzwischen sind mehr als 1.500 Produkte und Systeme im Einsatz, die Sto SE &amp; Co. KGaA ist weltweit vertreten. Der Technologief\u00fchrer besch\u00e4ftigte 2023 mehr als 5.750 Mitarbeiter und ist in 37 L\u00e4ndern mit 50 eigenen operativen Tochtergesellschaften und deren Betriebsst\u00e4tten vertreten. Grundlage des Erfolgs ist die weitsichtige strategische Positionierung. Sie ist das Ergebnis einer traditionell ausgerichteten Unternehmenspolitik. Bereits seit Ende der 1980er Jahre steht der Leitgedanke \u201eBewusst bauen\u201c f\u00fcr gesellschaftliche Verantwortung und aktive Nachhaltigkeitspolitik von Sto. Architekten, Fachhandwerker sowie Investoren und Bauherren bedient der Fassaden- und Innenraumspezialist \u2013 auch mit Fachberatung. Keimzelle war ein Kalkwerk, gegr\u00fcndet 1835, das in den 1930er Jahren von Wilhelm Stotmeister \u00fcbernommen wurde. Das Unternehmen wurde bis Ende 2016 in dritter Generation von der Familie Stotmeister gef\u00fchrt, die auch neunzig Prozent der stimmberechtigten Stammaktien h\u00e4lt (zehn Prozent Sto SE &amp; Co. KGaA). Die Stotmeisters stehen weiterhin zu ihrem Unternehmen und bestimmen dessen Geschicke nun \u00fcber den Aufsichtsrat mit.<\/p>\n<p><strong>Verantwortung f\u00fcr Gesellschaft und Umwelt<\/strong><\/p>\n<p>Der Sto-Leitgedanke wird vor allem in den \u00f6kologischen und den sozialen Aktivit\u00e4ten des Unternehmens deutlich: Mitgliedschaften in der Deutschen Gesellschaft f\u00fcr Nachhaltiges Bauen (DGNB) und der UN-Initiative \u201eGlobal Compact\u201c sowie die im Jahr 2005 gegr\u00fcndete Sto-Stiftung sind hierf\u00fcr klare Belege. Im Portfolio achtet Sto darauf, dass die Produkte nachhaltig produziert werden und sich in einen nachhaltigen Stoff-Kreislauf eingliedern lassen. Das zeigt sich beispielsweise an zahlreichen \u00f6kologischen Zertifikaten. Heute versteht sich die Sto SE &amp; Co. KGaA als \u201eTechnologief\u00fchrer f\u00fcr die menschliche und nachhaltige Gestaltung gebauter Lebensr\u00e4ume\u201c.<\/p>\n<p>&nbsp;<\/p>\n<hr \/>\n<p>&nbsp;<\/p>\n<p>&nbsp;<\/p>\n<p><a href=\"http:\/\/www.pr-neu.de\/newsroom\/wordpress\/wp-content\/uploads\/2023\/01\/26_03_Sto-Vorstand_K_02.jpg\" target=\"_blank\" rel=\"noopener\"><img loading=\"lazy\" decoding=\"async\" class=\"wp-image-18178 size-medium aligncenter\" src=\"http:\/\/www.pr-neu.de\/newsroom\/wordpress\/wp-content\/uploads\/2023\/01\/26_03_Sto-Vorstand_K_02-300x200.jpg\" alt=\"Der Sto-Vorstand (von links): Jost Bendel, D\u00e9sir\u00e9e Konrad, Rainer H\u00fcttenberger. Foto: Martin Baitinger, B\u00f6blingen \/ Sto SE &amp; Co. KGaA\" width=\"300\" height=\"200\" srcset=\"https:\/\/www.pr-neu.de\/newsroom\/wordpress\/wp-content\/uploads\/2023\/01\/26_03_Sto-Vorstand_K_02-300x200.jpg 300w, https:\/\/www.pr-neu.de\/newsroom\/wordpress\/wp-content\/uploads\/2023\/01\/26_03_Sto-Vorstand_K_02-1024x683.jpg 1024w, https:\/\/www.pr-neu.de\/newsroom\/wordpress\/wp-content\/uploads\/2023\/01\/26_03_Sto-Vorstand_K_02-768x512.jpg 768w, https:\/\/www.pr-neu.de\/newsroom\/wordpress\/wp-content\/uploads\/2023\/01\/26_03_Sto-Vorstand_K_02-1536x1025.jpg 1536w, https:\/\/www.pr-neu.de\/newsroom\/wordpress\/wp-content\/uploads\/2023\/01\/26_03_Sto-Vorstand_K_02-2048x1366.jpg 2048w, https:\/\/www.pr-neu.de\/newsroom\/wordpress\/wp-content\/uploads\/2023\/01\/26_03_Sto-Vorstand_K_02-110x73.jpg 110w, https:\/\/www.pr-neu.de\/newsroom\/wordpress\/wp-content\/uploads\/2023\/01\/26_03_Sto-Vorstand_K_02-420x280.jpg 420w, https:\/\/www.pr-neu.de\/newsroom\/wordpress\/wp-content\/uploads\/2023\/01\/26_03_Sto-Vorstand_K_02-645x430.jpg 645w\" sizes=\"auto, (max-width: 300px) 100vw, 300px\" \/><\/a><\/p>\n<p style=\"text-align: center;\">Der Sto-Vorstand (von links): Jost Bendel, D\u00e9sir\u00e9e Konrad, Rainer H\u00fcttenberger.<br \/>\nFoto: Martin Baitinger, B\u00f6blingen \/ Sto SE &amp; Co. KGaA<\/p>\n<p>&nbsp;<\/p>\n<p style=\"text-align: center;\"><a href=\"http:\/\/www.pr-neu.de\/newsroom\/wordpress\/wp-content\/uploads\/2024\/05\/24-21-Standort_G.jpg\" target=\"_blank\" rel=\"noopener\"><img loading=\"lazy\" decoding=\"async\" class=\"aligncenter wp-image-16763 size-medium\" src=\"http:\/\/www.pr-neu.de\/newsroom\/wordpress\/wp-content\/uploads\/2024\/05\/24-21-Standort_G-300x253.jpg\" alt=\"Das B\u00fcro- und Empfangsgeb\u00e4ude am Hauptstandort St\u00fchlingen.\" width=\"300\" height=\"253\" srcset=\"https:\/\/www.pr-neu.de\/newsroom\/wordpress\/wp-content\/uploads\/2024\/05\/24-21-Standort_G-300x253.jpg 300w, https:\/\/www.pr-neu.de\/newsroom\/wordpress\/wp-content\/uploads\/2024\/05\/24-21-Standort_G-1024x864.jpg 1024w, https:\/\/www.pr-neu.de\/newsroom\/wordpress\/wp-content\/uploads\/2024\/05\/24-21-Standort_G-768x648.jpg 768w, https:\/\/www.pr-neu.de\/newsroom\/wordpress\/wp-content\/uploads\/2024\/05\/24-21-Standort_G-1536x1296.jpg 1536w, https:\/\/www.pr-neu.de\/newsroom\/wordpress\/wp-content\/uploads\/2024\/05\/24-21-Standort_G-110x93.jpg 110w, https:\/\/www.pr-neu.de\/newsroom\/wordpress\/wp-content\/uploads\/2024\/05\/24-21-Standort_G-420x354.jpg 420w, https:\/\/www.pr-neu.de\/newsroom\/wordpress\/wp-content\/uploads\/2024\/05\/24-21-Standort_G-510x430.jpg 510w, https:\/\/www.pr-neu.de\/newsroom\/wordpress\/wp-content\/uploads\/2024\/05\/24-21-Standort_G.jpg 1795w\" sizes=\"auto, (max-width: 300px) 100vw, 300px\" \/><\/a><\/p>\n<p style=\"text-align: center;\">Das B\u00fcro- und Empfangsgeb\u00e4ude am Hauptstandort St\u00fchlingen.<br \/>\nFoto: Martin Baitinger \/ Sto SE &amp; Co. KGaA<\/p>\n<p>&nbsp;<\/p>\n<p>&nbsp;<\/p>\n<p><a href=\"http:\/\/www.pr-neu.de\/newsroom\/wordpress\/wp-content\/uploads\/2024\/05\/24-21-Eimer_G.jpg\" target=\"_blank\" rel=\"noopener\"><img loading=\"lazy\" decoding=\"async\" class=\"aligncenter wp-image-16760 size-medium\" src=\"http:\/\/www.pr-neu.de\/newsroom\/wordpress\/wp-content\/uploads\/2024\/05\/24-21-Eimer_G-199x300.jpg\" alt=\"Weltweit unverwechselbares Markenzeichen von Sto \u2013 der gelbe Eimer.\" width=\"199\" height=\"300\" srcset=\"https:\/\/www.pr-neu.de\/newsroom\/wordpress\/wp-content\/uploads\/2024\/05\/24-21-Eimer_G-199x300.jpg 199w, https:\/\/www.pr-neu.de\/newsroom\/wordpress\/wp-content\/uploads\/2024\/05\/24-21-Eimer_G-678x1024.jpg 678w, https:\/\/www.pr-neu.de\/newsroom\/wordpress\/wp-content\/uploads\/2024\/05\/24-21-Eimer_G-768x1159.jpg 768w, https:\/\/www.pr-neu.de\/newsroom\/wordpress\/wp-content\/uploads\/2024\/05\/24-21-Eimer_G-1017x1536.jpg 1017w, https:\/\/www.pr-neu.de\/newsroom\/wordpress\/wp-content\/uploads\/2024\/05\/24-21-Eimer_G-73x110.jpg 73w, https:\/\/www.pr-neu.de\/newsroom\/wordpress\/wp-content\/uploads\/2024\/05\/24-21-Eimer_G-278x420.jpg 278w, https:\/\/www.pr-neu.de\/newsroom\/wordpress\/wp-content\/uploads\/2024\/05\/24-21-Eimer_G-285x430.jpg 285w, https:\/\/www.pr-neu.de\/newsroom\/wordpress\/wp-content\/uploads\/2024\/05\/24-21-Eimer_G.jpg 1189w\" sizes=\"auto, (max-width: 199px) 100vw, 199px\" \/><\/a><\/p>\n<p style=\"text-align: center;\">Weltweit unverwechselbares Markenzeichen von Sto \u2013 der gelbe Eimer.<br \/>\nFoto: Sto SE &amp; Co. KGaA<\/p>\n<p>&nbsp;<\/p>\n<hr \/>\n<p>&nbsp;<\/p>\n<p>Abdruck honorarfrei, Belegexemplar erbeten<\/p>\n","protected":false},"excerpt":{"rendered":"<p>Die Sto SE &#038; Co. KGaA (St\u00fchlingen) ist ein international f\u00fchrender Hersteller von Produkten und Systemen zur Beschichtung von Geb\u00e4uden.<\/p>\n","protected":false},"author":9,"featured_media":16760,"comment_status":"closed","ping_status":"open","sticky":false,"template":"","format":"standard","meta":{"footnotes":""},"categories":[15],"tags":[504,1757],"class_list":["post-15907","post","type-post","status-publish","format-standard","has-post-thumbnail","hentry","category-sto","tag-sto-2","tag-unternehmen"],"_links":{"self":[{"href":"https:\/\/www.pr-neu.de\/newsroom\/wp-json\/wp\/v2\/posts\/15907","targetHints":{"allow":["GET"]}}],"collection":[{"href":"https:\/\/www.pr-neu.de\/newsroom\/wp-json\/wp\/v2\/posts"}],"about":[{"href":"https:\/\/www.pr-neu.de\/newsroom\/wp-json\/wp\/v2\/types\/post"}],"author":[{"embeddable":true,"href":"https:\/\/www.pr-neu.de\/newsroom\/wp-json\/wp\/v2\/users\/9"}],"replies":[{"embeddable":true,"href":"https:\/\/www.pr-neu.de\/newsroom\/wp-json\/wp\/v2\/comments?post=15907"}],"version-history":[{"count":11,"href":"https:\/\/www.pr-neu.de\/newsroom\/wp-json\/wp\/v2\/posts\/15907\/revisions"}],"predecessor-version":[{"id":16750,"href":"https:\/\/www.pr-neu.de\/newsroom\/wp-json\/wp\/v2\/posts\/15907\/revisions\/16750"}],"wp:featuredmedia":[{"embeddable":true,"href":"https:\/\/www.pr-neu.de\/newsroom\/wp-json\/wp\/v2\/media\/16760"}],"wp:attachment":[{"href":"https:\/\/www.pr-neu.de\/newsroom\/wp-json\/wp\/v2\/media?parent=15907"}],"wp:term":[{"taxonomy":"category","embeddable":true,"href":"https:\/\/www.pr-neu.de\/newsroom\/wp-json\/wp\/v2\/categories?post=15907"},{"taxonomy":"post_tag","embeddable":true,"href":"https:\/\/www.pr-neu.de\/newsroom\/wp-json\/wp\/v2\/tags?post=15907"}],"curies":[{"name":"wp","href":"https:\/\/api.w.org\/{rel}","templated":true}]}}