{"id":15897,"date":"2025-06-30T11:54:58","date_gmt":"2025-06-30T09:54:58","guid":{"rendered":"https:\/\/www.pr-neu.de\/newsroom\/?p=15897"},"modified":"2026-01-05T13:26:35","modified_gmt":"2026-01-05T12:26:35","slug":"at-technology-leader-sto-sustainability-has-a-long-tradition_short","status":"publish","type":"post","link":"https:\/\/www.pr-neu.de\/newsroom\/en\/at-technology-leader-sto-sustainability-has-a-long-tradition_short\/","title":{"rendered":"At technology leader Sto, sustainability has a long tradition  (Text short)"},"content":{"rendered":"<p><strong>Motto: \u201cBuilding with conscience.\u201d<\/strong><\/p>\n<p>Sto SE &amp; Co. KGaA (St\u00fchlingen, Germany) is a leading international manufacturer of products and systems for coating buildings. Its large portfolio comprises paints, renders, plasters, lacquers, facade insulation systems, materials for concrete repair, floor coatings, acoustic systems, and rainscreen ventilated facade cladding systems. In 2023, the Group achieved a turnover of EUR 1.718 billion with over 5750 employees. At the end of 2023, the Sto Group was represented in 37 countries with 50 subsidiaries of its own and their operating sites. In addition, we are in supplier relationships with distribution partners in many other countries. The motto \u201cBuilding with conscience\u201d illustrates in three words the self-conception of the Sto Group which includes ecological and social responsibility. The company has its roots in a lime works which was founded in 1835 and was then acquired by Wilhelm Stotmeister in the 1930s.<\/p>\n<p>&nbsp;<\/p>\n<hr \/>\n<p>&nbsp;<\/p>\n<p><a href=\"http:\/\/www.pr-neu.de\/newsroom\/wordpress\/wp-content\/uploads\/2025\/06\/26_03_Sto-Vorstand_K_02.jpg\" target=\"_blank\" rel=\"noopener\"><img loading=\"lazy\" decoding=\"async\" class=\"aligncenter wp-image-18186 size-medium\" src=\"http:\/\/www.pr-neu.de\/newsroom\/wordpress\/wp-content\/uploads\/2025\/06\/26_03_Sto-Vorstand_K_02-300x200.jpg\" alt=\"The Sto Executive Board (from left): Jost Bendel, D\u00e9sir\u00e9e Konrad, Rainer H\u00fcttenberger.\nPhoto: Martin Baitinger \/ Sto SE &amp; Co. KGaA\" width=\"300\" height=\"200\" srcset=\"https:\/\/www.pr-neu.de\/newsroom\/wordpress\/wp-content\/uploads\/2025\/06\/26_03_Sto-Vorstand_K_02-300x200.jpg 300w, https:\/\/www.pr-neu.de\/newsroom\/wordpress\/wp-content\/uploads\/2025\/06\/26_03_Sto-Vorstand_K_02-1024x683.jpg 1024w, https:\/\/www.pr-neu.de\/newsroom\/wordpress\/wp-content\/uploads\/2025\/06\/26_03_Sto-Vorstand_K_02-768x512.jpg 768w, https:\/\/www.pr-neu.de\/newsroom\/wordpress\/wp-content\/uploads\/2025\/06\/26_03_Sto-Vorstand_K_02-1536x1025.jpg 1536w, https:\/\/www.pr-neu.de\/newsroom\/wordpress\/wp-content\/uploads\/2025\/06\/26_03_Sto-Vorstand_K_02-2048x1366.jpg 2048w, https:\/\/www.pr-neu.de\/newsroom\/wordpress\/wp-content\/uploads\/2025\/06\/26_03_Sto-Vorstand_K_02-110x73.jpg 110w, https:\/\/www.pr-neu.de\/newsroom\/wordpress\/wp-content\/uploads\/2025\/06\/26_03_Sto-Vorstand_K_02-420x280.jpg 420w, https:\/\/www.pr-neu.de\/newsroom\/wordpress\/wp-content\/uploads\/2025\/06\/26_03_Sto-Vorstand_K_02-645x430.jpg 645w\" sizes=\"auto, (max-width: 300px) 100vw, 300px\" \/><\/a><\/p>\n<p style=\"text-align: center;\">The Sto Executive Board (from left): Jost Bendel, D\u00e9sir\u00e9e Konrad, Rainer H\u00fcttenberger.<br \/>\nPhoto: Martin Baitinger \/ Sto SE &amp; Co. KGaA<\/p>\n<p>&nbsp;<\/p>\n<p style=\"text-align: center;\"><a href=\"http:\/\/www.pr-neu.de\/newsroom\/wordpress\/wp-content\/uploads\/2023\/01\/24-21-Location_G.jpg\" target=\"_blank\" rel=\"noopener\"><img loading=\"lazy\" decoding=\"async\" class=\"aligncenter wp-image-16766 size-medium\" src=\"http:\/\/www.pr-neu.de\/newsroom\/wordpress\/wp-content\/uploads\/2023\/01\/24-21-Location_G-300x253.jpg\" alt=\"The office and reception building at the headquarters in St\u00fchlingen, Germany\" width=\"300\" height=\"253\" srcset=\"https:\/\/www.pr-neu.de\/newsroom\/wordpress\/wp-content\/uploads\/2023\/01\/24-21-Location_G-300x253.jpg 300w, https:\/\/www.pr-neu.de\/newsroom\/wordpress\/wp-content\/uploads\/2023\/01\/24-21-Location_G-1024x864.jpg 1024w, https:\/\/www.pr-neu.de\/newsroom\/wordpress\/wp-content\/uploads\/2023\/01\/24-21-Location_G-768x648.jpg 768w, https:\/\/www.pr-neu.de\/newsroom\/wordpress\/wp-content\/uploads\/2023\/01\/24-21-Location_G-1536x1296.jpg 1536w, https:\/\/www.pr-neu.de\/newsroom\/wordpress\/wp-content\/uploads\/2023\/01\/24-21-Location_G-110x93.jpg 110w, https:\/\/www.pr-neu.de\/newsroom\/wordpress\/wp-content\/uploads\/2023\/01\/24-21-Location_G-420x354.jpg 420w, https:\/\/www.pr-neu.de\/newsroom\/wordpress\/wp-content\/uploads\/2023\/01\/24-21-Location_G-510x430.jpg 510w, https:\/\/www.pr-neu.de\/newsroom\/wordpress\/wp-content\/uploads\/2023\/01\/24-21-Location_G.jpg 1795w\" sizes=\"auto, (max-width: 300px) 100vw, 300px\" \/><\/a><\/p>\n<p style=\"text-align: center;\">The office and reception building at the headquarters in St\u00fchlingen, Germany.<br \/>\nPhoto: Martin Baitinger \/ Sto SE &amp; Co. KGaA<\/p>\n<p style=\"text-align: center;\">\n","protected":false},"excerpt":{"rendered":"<p>Sto SE &#038; Co. KGaA (St\u00fchlingen, Germany) is a leading international manufacturer of products and systems for coating buildings.<\/p>\n","protected":false},"author":9,"featured_media":16767,"comment_status":"closed","ping_status":"open","sticky":false,"template":"","format":"standard","meta":{"footnotes":""},"categories":[1328],"tags":[],"class_list":["post-15897","post","type-post","status-publish","format-standard","has-post-thumbnail","hentry","category-sto-en"],"_links":{"self":[{"href":"https:\/\/www.pr-neu.de\/newsroom\/wp-json\/wp\/v2\/posts\/15897","targetHints":{"allow":["GET"]}}],"collection":[{"href":"https:\/\/www.pr-neu.de\/newsroom\/wp-json\/wp\/v2\/posts"}],"about":[{"href":"https:\/\/www.pr-neu.de\/newsroom\/wp-json\/wp\/v2\/types\/post"}],"author":[{"embeddable":true,"href":"https:\/\/www.pr-neu.de\/newsroom\/wp-json\/wp\/v2\/users\/9"}],"replies":[{"embeddable":true,"href":"https:\/\/www.pr-neu.de\/newsroom\/wp-json\/wp\/v2\/comments?post=15897"}],"version-history":[{"count":12,"href":"https:\/\/www.pr-neu.de\/newsroom\/wp-json\/wp\/v2\/posts\/15897\/revisions"}],"predecessor-version":[{"id":18190,"href":"https:\/\/www.pr-neu.de\/newsroom\/wp-json\/wp\/v2\/posts\/15897\/revisions\/18190"}],"wp:featuredmedia":[{"embeddable":true,"href":"https:\/\/www.pr-neu.de\/newsroom\/wp-json\/wp\/v2\/media\/16767"}],"wp:attachment":[{"href":"https:\/\/www.pr-neu.de\/newsroom\/wp-json\/wp\/v2\/media?parent=15897"}],"wp:term":[{"taxonomy":"category","embeddable":true,"href":"https:\/\/www.pr-neu.de\/newsroom\/wp-json\/wp\/v2\/categories?post=15897"},{"taxonomy":"post_tag","embeddable":true,"href":"https:\/\/www.pr-neu.de\/newsroom\/wp-json\/wp\/v2\/tags?post=15897"}],"curies":[{"name":"wp","href":"https:\/\/api.w.org\/{rel}","templated":true}]}}