{"id":15890,"date":"2025-06-30T11:46:02","date_gmt":"2025-06-30T09:46:02","guid":{"rendered":"https:\/\/www.pr-neu.de\/newsroom\/?p=15890"},"modified":"2026-01-05T13:14:41","modified_gmt":"2026-01-05T12:14:41","slug":"beim-technologiefuehrer-sto-hat-nachhaltigkeit-tradition-kurz","status":"publish","type":"post","link":"https:\/\/www.pr-neu.de\/newsroom\/beim-technologiefuehrer-sto-hat-nachhaltigkeit-tradition-kurz\/","title":{"rendered":"Beim Technologief\u00fchrer Sto hat Nachhaltigkeit Tradition  (Text kurz)"},"content":{"rendered":"<p><u>Leitgedanke: \u201eBewusst bauen\u201c<\/u><\/p>\n<p>Die Sto SE &amp; Co. KGaA (St\u00fchlingen) ist ein international f\u00fchrender Hersteller von Produkten und Systemen zur Beschichtung von Geb\u00e4uden. Ihr breites Portfolio umfasst Farben, Putze, Lacke, Fassaden-D\u00e4mmsysteme, Werkstoffe f\u00fcr die Betoninstandsetzung, Bodenbeschichtungen, Akustik- und vorgeh\u00e4ngte hinterl\u00fcftete Fassadensysteme. Mit mehr als 5.750 Mitarbeitern erwirtschaftete der Konzern 2023 einen Umsatz von 1,718 Milliarden Euro. Ende 2023 war der Sto-Konzern in 37 L\u00e4ndern mit 50 eigenen operativen Tochtergesellschaften und deren Betriebsst\u00e4tten vertreten. Dar\u00fcber hinaus bestehen Lieferbeziehungen zu Vertriebspartnern in zahlreichen weiteren Staaten. Der Leitgedanke \u201eBewusst bauen\u201c verdeutlicht in zwei Worten das Selbstverst\u00e4ndnis der Sto-Gruppe, das \u00f6kologische und gesellschaftliche Verantwortung einschlie\u00dft. Keimzelle des Unternehmens war ein 1835 gegr\u00fcndetes Kalkwerk, das in den 1930er Jahren von Wilhelm Stotmeister \u00fcbernommen wurde.<\/p>\n<p>&nbsp;<\/p>\n<hr \/>\n<p>&nbsp;<\/p>\n<p><a href=\"http:\/\/www.pr-neu.de\/newsroom\/wordpress\/wp-content\/uploads\/2023\/01\/26_03_Sto-Vorstand_K_02.jpg\" target=\"_blank\" rel=\"noopener\"><img loading=\"lazy\" decoding=\"async\" class=\"wp-image-18178 size-medium aligncenter\" src=\"http:\/\/www.pr-neu.de\/newsroom\/wordpress\/wp-content\/uploads\/2023\/01\/26_03_Sto-Vorstand_K_02-300x200.jpg\" alt=\"Der Sto-Vorstand (von links): Jost Bendel, D\u00e9sir\u00e9e Konrad, Rainer H\u00fcttenberger. Foto: Martin Baitinger, B\u00f6blingen \/ Sto SE &amp; Co. KGaA\" width=\"300\" height=\"200\" srcset=\"https:\/\/www.pr-neu.de\/newsroom\/wordpress\/wp-content\/uploads\/2023\/01\/26_03_Sto-Vorstand_K_02-300x200.jpg 300w, https:\/\/www.pr-neu.de\/newsroom\/wordpress\/wp-content\/uploads\/2023\/01\/26_03_Sto-Vorstand_K_02-1024x683.jpg 1024w, https:\/\/www.pr-neu.de\/newsroom\/wordpress\/wp-content\/uploads\/2023\/01\/26_03_Sto-Vorstand_K_02-768x512.jpg 768w, https:\/\/www.pr-neu.de\/newsroom\/wordpress\/wp-content\/uploads\/2023\/01\/26_03_Sto-Vorstand_K_02-1536x1025.jpg 1536w, https:\/\/www.pr-neu.de\/newsroom\/wordpress\/wp-content\/uploads\/2023\/01\/26_03_Sto-Vorstand_K_02-2048x1366.jpg 2048w, https:\/\/www.pr-neu.de\/newsroom\/wordpress\/wp-content\/uploads\/2023\/01\/26_03_Sto-Vorstand_K_02-110x73.jpg 110w, https:\/\/www.pr-neu.de\/newsroom\/wordpress\/wp-content\/uploads\/2023\/01\/26_03_Sto-Vorstand_K_02-420x280.jpg 420w, https:\/\/www.pr-neu.de\/newsroom\/wordpress\/wp-content\/uploads\/2023\/01\/26_03_Sto-Vorstand_K_02-645x430.jpg 645w\" sizes=\"auto, (max-width: 300px) 100vw, 300px\" \/><\/a><\/p>\n<p style=\"text-align: center;\">Der Sto-Vorstand (von links): Jost Bendel, D\u00e9sir\u00e9e Konrad, Rainer H\u00fcttenberger.<br \/>\nFoto: Martin Baitinger, B\u00f6blingen \/ Sto SE &amp; Co. KGaA<\/p>\n<p>&nbsp;<\/p>\n<p style=\"text-align: center;\"><a href=\"http:\/\/www.pr-neu.de\/newsroom\/wordpress\/wp-content\/uploads\/2024\/05\/24-21-Standort_G.jpg\" target=\"_blank\" rel=\"noopener\"><img loading=\"lazy\" decoding=\"async\" class=\"aligncenter wp-image-16763 size-medium\" src=\"http:\/\/www.pr-neu.de\/newsroom\/wordpress\/wp-content\/uploads\/2024\/05\/24-21-Standort_G-300x253.jpg\" alt=\"Das B\u00fcro- und Empfangsgeb\u00e4ude am Hauptstandort St\u00fchlingen.\" width=\"300\" height=\"253\" srcset=\"https:\/\/www.pr-neu.de\/newsroom\/wordpress\/wp-content\/uploads\/2024\/05\/24-21-Standort_G-300x253.jpg 300w, https:\/\/www.pr-neu.de\/newsroom\/wordpress\/wp-content\/uploads\/2024\/05\/24-21-Standort_G-1024x864.jpg 1024w, https:\/\/www.pr-neu.de\/newsroom\/wordpress\/wp-content\/uploads\/2024\/05\/24-21-Standort_G-768x648.jpg 768w, https:\/\/www.pr-neu.de\/newsroom\/wordpress\/wp-content\/uploads\/2024\/05\/24-21-Standort_G-1536x1296.jpg 1536w, https:\/\/www.pr-neu.de\/newsroom\/wordpress\/wp-content\/uploads\/2024\/05\/24-21-Standort_G-110x93.jpg 110w, https:\/\/www.pr-neu.de\/newsroom\/wordpress\/wp-content\/uploads\/2024\/05\/24-21-Standort_G-420x354.jpg 420w, https:\/\/www.pr-neu.de\/newsroom\/wordpress\/wp-content\/uploads\/2024\/05\/24-21-Standort_G-510x430.jpg 510w, https:\/\/www.pr-neu.de\/newsroom\/wordpress\/wp-content\/uploads\/2024\/05\/24-21-Standort_G.jpg 1795w\" sizes=\"auto, (max-width: 300px) 100vw, 300px\" \/><\/a><\/p>\n<p style=\"text-align: center;\">Das B\u00fcro- und Empfangsgeb\u00e4ude am Hauptstandort St\u00fchlingen.<br \/>\nFoto: Martin Baitinger \/ Sto SE &amp; Co. KGaA<\/p>\n<p>&nbsp;<\/p>\n<hr \/>\n<p>&nbsp;<\/p>\n<p>Abdruck honorarfrei, Belegexemplar erbeten<\/p>\n","protected":false},"excerpt":{"rendered":"<p>Die Sto SE &#038; Co. KGaA (St\u00fchlingen) ist ein international f\u00fchrender Hersteller von Produkten und Systemen zur Beschichtung von Geb\u00e4uden.<\/p>\n","protected":false},"author":9,"featured_media":16760,"comment_status":"closed","ping_status":"open","sticky":false,"template":"","format":"standard","meta":{"footnotes":""},"categories":[15],"tags":[504,1757],"class_list":["post-15890","post","type-post","status-publish","format-standard","has-post-thumbnail","hentry","category-sto","tag-sto-2","tag-unternehmen"],"_links":{"self":[{"href":"https:\/\/www.pr-neu.de\/newsroom\/wp-json\/wp\/v2\/posts\/15890","targetHints":{"allow":["GET"]}}],"collection":[{"href":"https:\/\/www.pr-neu.de\/newsroom\/wp-json\/wp\/v2\/posts"}],"about":[{"href":"https:\/\/www.pr-neu.de\/newsroom\/wp-json\/wp\/v2\/types\/post"}],"author":[{"embeddable":true,"href":"https:\/\/www.pr-neu.de\/newsroom\/wp-json\/wp\/v2\/users\/9"}],"replies":[{"embeddable":true,"href":"https:\/\/www.pr-neu.de\/newsroom\/wp-json\/wp\/v2\/comments?post=15890"}],"version-history":[{"count":13,"href":"https:\/\/www.pr-neu.de\/newsroom\/wp-json\/wp\/v2\/posts\/15890\/revisions"}],"predecessor-version":[{"id":16287,"href":"https:\/\/www.pr-neu.de\/newsroom\/wp-json\/wp\/v2\/posts\/15890\/revisions\/16287"}],"wp:featuredmedia":[{"embeddable":true,"href":"https:\/\/www.pr-neu.de\/newsroom\/wp-json\/wp\/v2\/media\/16760"}],"wp:attachment":[{"href":"https:\/\/www.pr-neu.de\/newsroom\/wp-json\/wp\/v2\/media?parent=15890"}],"wp:term":[{"taxonomy":"category","embeddable":true,"href":"https:\/\/www.pr-neu.de\/newsroom\/wp-json\/wp\/v2\/categories?post=15890"},{"taxonomy":"post_tag","embeddable":true,"href":"https:\/\/www.pr-neu.de\/newsroom\/wp-json\/wp\/v2\/tags?post=15890"}],"curies":[{"name":"wp","href":"https:\/\/api.w.org\/{rel}","templated":true}]}}