{"id":15866,"date":"2023-06-01T11:21:53","date_gmt":"2023-06-01T09:21:53","guid":{"rendered":"https:\/\/www.pr-neu.de\/newsroom\/?p=15866"},"modified":"2023-06-01T11:21:59","modified_gmt":"2023-06-01T09:21:59","slug":"bernd-roesch-uebernimmt-produktmanagement-fuer-sedak-gsp","status":"publish","type":"post","link":"https:\/\/www.pr-neu.de\/newsroom\/bernd-roesch-uebernimmt-produktmanagement-fuer-sedak-gsp\/","title":{"rendered":"Bernd R\u00f6sch \u00fcbernimmt Produktmanagement f\u00fcr sedak gsp"},"content":{"rendered":"<p>Bernd R\u00f6sch verantwortet seit April 2023 das neue Gesch\u00e4ftsfeld \u201esedak gsp\u201c des Glasveredlers sedak, Gersthofen. Der Dipl. Betriebswirt (FH) mit rund 30 Jahren Erfahrung im internationalen Projektgesch\u00e4ft f\u00fcr Glasanwendungen war zuletzt als Technical Sales Manager f\u00fcr einen Global Player der Glasindustrie in der Beratung von Planern, Fassadenbauern und Glasverarbeitern t\u00e4tig. Mit dem neuen sedak gsp, einem opaken und hochd\u00e4mmenden Fassadenglas, erg\u00e4nzt sedak sein Portfolio um ein weiteres zukunftweisendes Produkt. \u201eIch freue mich auf die neue, spannende Aufgabe und den intensiven Austausch mit Architekten, Planern und Verarbeitern, um an der Realisierung hochwertiger, energieeffizienter und nachhaltiger Fassaden mitzuwirken\u201c, sagte R\u00f6sch zum Start.<\/p>\n<p>&nbsp;<\/p>\n<hr \/>\n<p>&nbsp;<\/p>\n<p><a href=\"http:\/\/www.pr-neu.de\/newsroom\/wordpress\/wp-content\/uploads\/2023\/06\/23_04_Roesch_Bernd_sedak_K.jpg\" target=\"_blank\" rel=\"noopener\"><img loading=\"lazy\" decoding=\"async\" class=\"wp-image-15861 size-medium aligncenter\" src=\"http:\/\/www.pr-neu.de\/newsroom\/wordpress\/wp-content\/uploads\/2023\/06\/23_04_Roesch_Bernd_sedak_K-300x200.jpg\" alt=\"\" width=\"300\" height=\"200\" srcset=\"https:\/\/www.pr-neu.de\/newsroom\/wordpress\/wp-content\/uploads\/2023\/06\/23_04_Roesch_Bernd_sedak_K-300x200.jpg 300w, https:\/\/www.pr-neu.de\/newsroom\/wordpress\/wp-content\/uploads\/2023\/06\/23_04_Roesch_Bernd_sedak_K-1024x683.jpg 1024w, https:\/\/www.pr-neu.de\/newsroom\/wordpress\/wp-content\/uploads\/2023\/06\/23_04_Roesch_Bernd_sedak_K-768x512.jpg 768w, https:\/\/www.pr-neu.de\/newsroom\/wordpress\/wp-content\/uploads\/2023\/06\/23_04_Roesch_Bernd_sedak_K-1536x1024.jpg 1536w, https:\/\/www.pr-neu.de\/newsroom\/wordpress\/wp-content\/uploads\/2023\/06\/23_04_Roesch_Bernd_sedak_K-2048x1365.jpg 2048w, https:\/\/www.pr-neu.de\/newsroom\/wordpress\/wp-content\/uploads\/2023\/06\/23_04_Roesch_Bernd_sedak_K-110x73.jpg 110w, https:\/\/www.pr-neu.de\/newsroom\/wordpress\/wp-content\/uploads\/2023\/06\/23_04_Roesch_Bernd_sedak_K-420x280.jpg 420w, https:\/\/www.pr-neu.de\/newsroom\/wordpress\/wp-content\/uploads\/2023\/06\/23_04_Roesch_Bernd_sedak_K-645x430.jpg 645w\" sizes=\"auto, (max-width: 300px) 100vw, 300px\" \/><\/a><\/p>\n<p style=\"text-align: center;\">Dipl.-Betriebswirt (FH) Bernd R\u00f6sch, Produktmanager bei sedak.<br \/>\nBild: sedak<\/p>\n<p>&nbsp;<\/p>\n<hr \/>\n<p>&nbsp;<\/p>\n<p><strong>sedak \u2013 leading glass<\/strong><\/p>\n<p>Mit Pioniergeist hat sich der Glasveredler sedak (Gersthofen) seit der Gr\u00fcndung 2007 zum Premiumhersteller f\u00fcr gro\u00dfformatige Isolier- und Sicherheitsgl\u00e4ser entwickelt und Glas als Baustoff f\u00fcr Ganzglasfassaden und -d\u00e4cher weitergedacht. Dank innovativer Produkte in h\u00f6chster Qualit\u00e4t werden ikonische Fassaden und Bauwerke mit einer bislang unerreichten Transparenz realisiert.<br \/>\n2018 baute Technologief\u00fchrer sedak seinen Kompetenzvorsprung weiter aus und \u00fcbernahm sunglass industry s.r.l., der Spezialist f\u00fcr thermisch gebogenes Glas. Im Unternehmensverbund stehen die beiden Glasspezialisten f\u00fcr kompromisslose Leidenschaft in der Verarbeitung von gebogenem und flachem Glas in h\u00f6chster Qualit\u00e4tsausf\u00fchrung.<\/p>\n<p>Auf einer Fertigungsfl\u00e4che von 47.000qm wird Rohglas bearbeitet, vorgespannt, laminiert, bedruckt, gebogen und zu Isolier- und Sicherheitsglas verarbeitet. Der hohe Automatisierungsgrad in der Fertigung garantiert Kunden die gr\u00f6\u00dftm\u00f6gliche Zuverl\u00e4ssigkeit, Kalkulierbarkeit und Termintreue. Forschergeist, die Expertise von 300 Mitarbeitenden sowie die Ideen und Vorstellungen unserer Kunden sind der Antrieb f\u00fcr stetige Weiterentwicklung in der Glasveredelung. Der Kunde bekommt die gesamte Glasexpertise aus einer Hand: sedak ber\u00e4t, steuert und fertigt. sunglass industry ist Fertigungsstandort und betreut Kunden und Projekte in Italien.<\/p>\n<p>Herausragende Referenzen belegen die eindrucksvolle Kompetenz. Dazu geh\u00f6ren u.a.: Laktha Center, St. Petersburg \/ Haus der Europ\u00e4ischen Geschichte, Br\u00fcssel \/ medizinische Fakult\u00e4t, Montpellier \/ Torre Europa, Madrid \/ Iconsiam, Bangkok \/ Apple Park, Cupertino \/ Apple-Cube, New York \/ Experimenta, Heilbronn \/ zahlreiche Premium-Flagship-Stores.<\/p>\n<p>Anwendungsgebiete<\/p>\n<ul>\n<li>Glasfassaden<\/li>\n<li>Glasd\u00e4cher<\/li>\n<li>Glastreppen<\/li>\n<li>Glasbr\u00fcstungen<\/li>\n<li>Jachtverglasungen<\/li>\n<li>Poolverglasungen<\/li>\n<li>Sicherheitsverglasungen<\/li>\n<li>Ganzglaskonstruktionen<\/li>\n<li>Innenarchitektur<\/li>\n<li>Sonderanfertigung<\/li>\n<\/ul>\n<p>&nbsp;<\/p>\n<hr \/>\n<p>&nbsp;<\/p>\n<p>Abdruck honorarfrei, Belegexemplar erbeten<\/p>\n","protected":false},"excerpt":{"rendered":"<p>Bernd R\u00f6sch verantwortet seit April 2023 das neue Gesch\u00e4ftsfeld \u201esedak gsp\u201c des Glasveredlers sedak, Gersthofen.<\/p>\n","protected":false},"author":9,"featured_media":15861,"comment_status":"closed","ping_status":"open","sticky":false,"template":"","format":"standard","meta":{"footnotes":""},"categories":[12],"tags":[230,2482,1897,393,1751,2257],"class_list":["post-15866","post","type-post","status-publish","format-standard","has-post-thumbnail","hentry","category-sedak","tag-glas","tag-gsp","tag-management","tag-personalia","tag-personalie","tag-sedak"],"_links":{"self":[{"href":"https:\/\/www.pr-neu.de\/newsroom\/wp-json\/wp\/v2\/posts\/15866","targetHints":{"allow":["GET"]}}],"collection":[{"href":"https:\/\/www.pr-neu.de\/newsroom\/wp-json\/wp\/v2\/posts"}],"about":[{"href":"https:\/\/www.pr-neu.de\/newsroom\/wp-json\/wp\/v2\/types\/post"}],"author":[{"embeddable":true,"href":"https:\/\/www.pr-neu.de\/newsroom\/wp-json\/wp\/v2\/users\/9"}],"replies":[{"embeddable":true,"href":"https:\/\/www.pr-neu.de\/newsroom\/wp-json\/wp\/v2\/comments?post=15866"}],"version-history":[{"count":2,"href":"https:\/\/www.pr-neu.de\/newsroom\/wp-json\/wp\/v2\/posts\/15866\/revisions"}],"predecessor-version":[{"id":15868,"href":"https:\/\/www.pr-neu.de\/newsroom\/wp-json\/wp\/v2\/posts\/15866\/revisions\/15868"}],"wp:featuredmedia":[{"embeddable":true,"href":"https:\/\/www.pr-neu.de\/newsroom\/wp-json\/wp\/v2\/media\/15861"}],"wp:attachment":[{"href":"https:\/\/www.pr-neu.de\/newsroom\/wp-json\/wp\/v2\/media?parent=15866"}],"wp:term":[{"taxonomy":"category","embeddable":true,"href":"https:\/\/www.pr-neu.de\/newsroom\/wp-json\/wp\/v2\/categories?post=15866"},{"taxonomy":"post_tag","embeddable":true,"href":"https:\/\/www.pr-neu.de\/newsroom\/wp-json\/wp\/v2\/tags?post=15866"}],"curies":[{"name":"wp","href":"https:\/\/api.w.org\/{rel}","templated":true}]}}