{"id":15856,"date":"2023-06-01T11:13:58","date_gmt":"2023-06-01T09:13:58","guid":{"rendered":"https:\/\/www.pr-neu.de\/newsroom\/?p=15856"},"modified":"2023-06-01T11:22:30","modified_gmt":"2023-06-01T09:22:30","slug":"sedak-gsp-fassadenglas-vereint-wirtschaftlichkeit-mit-aesthetik","status":"publish","type":"post","link":"https:\/\/www.pr-neu.de\/newsroom\/sedak-gsp-fassadenglas-vereint-wirtschaftlichkeit-mit-aesthetik\/","title":{"rendered":"sedak gsp: Fassadenglas vereint Wirtschaftlichkeit mit \u00c4sthetik"},"content":{"rendered":"<p><u>sedak: Opakes Fassadenglas mit U-Wert bis 0,13 W\/(m\u00b2K)<\/u><\/p>\n<p><strong>\u00c4sthetische, hochd\u00e4mmende Glasfassaden \u2013 das erm\u00f6glicht das opake Fassadenglas sedak gsp. Es kombiniert Glas und D\u00e4mmung intelligent und gibt Architekten und Bauherren eine individuell gestaltbare Standardl\u00f6sung an die Hand, mit der Glasfassaden wirtschaftlich und energieeffizient umgesetzt werden. sedak gsp erreicht U-Werte bis 0,13 W\/(m\u00b2K) und setzt damit einen neuen Standard f\u00fcr die Gestaltung von energieeffizienten Geb\u00e4uden.<\/strong><\/p>\n<p>sedak gsp besteht aus einer Glasscheibe (TVG 6 mm), die mit einem konventionellen Sandwichpanel strukturell verklebt ist. Das Element ist bauaufsichtlich zugelassen (abZ Z.<sub>10-4<\/sub>.67). Die Scheibe ist dabei die gestaltbare Oberfl\u00e4che, die entsprechend des Designentwurfs witterungs-, UV- und hitzebest\u00e4ndig bedruckt wird. Das Sandwichpaneel liefert die entsprechenden D\u00e4mmeigenschaften. sedak bietet das Element im Maximalformat bis 20 Meter L\u00e4nge an.<\/p>\n<p>\u201eWas sedak gsp einzigartig macht, ist das hochwertige Design in Kombination mit der Brillanz von Glas. Besonders die klassischen, in Sandwichbauweise gebauten Geb\u00e4udetypen, vom Supermarkt bis zur Lagerhalle, werden so zum Blickfang. Der niedrige U-Wert ist ein zus\u00e4tzliches Argument\u201c, so Produktmanager Bernd R\u00f6sch.<\/p>\n<p>Das neue Glasprodukt f\u00fcgt sich in die green agenda des Glasveredlers ein, mit der sedak klare Nachhaltigkeitsziele verfolgt: Neben dem hohen W\u00e4rmeschutz ist sedak gsp auch optimal f\u00fcr das nachhaltige Bauen, denn alle Bestandteile sind vollst\u00e4ndig recyclebar und lassen sich nach ihrem Lebenszyklus dem Wertstoffkreislauf wieder zuf\u00fchren.<\/p>\n<p>&nbsp;<\/p>\n<hr \/>\n<p>&nbsp;<\/p>\n<p style=\"text-align: center;\"><a href=\"http:\/\/www.pr-neu.de\/newsroom\/wordpress\/wp-content\/uploads\/2023\/06\/23_03_sedak-gsp-1_K.jpg\" target=\"_blank\" rel=\"noopener\"><img loading=\"lazy\" decoding=\"async\" class=\"aligncenter wp-image-15860 size-medium\" src=\"http:\/\/www.pr-neu.de\/newsroom\/wordpress\/wp-content\/uploads\/2023\/06\/23_03_sedak-gsp-1_K-300x197.jpg\" alt=\"\" width=\"300\" height=\"197\" srcset=\"https:\/\/www.pr-neu.de\/newsroom\/wordpress\/wp-content\/uploads\/2023\/06\/23_03_sedak-gsp-1_K-300x197.jpg 300w, https:\/\/www.pr-neu.de\/newsroom\/wordpress\/wp-content\/uploads\/2023\/06\/23_03_sedak-gsp-1_K-1024x672.jpg 1024w, https:\/\/www.pr-neu.de\/newsroom\/wordpress\/wp-content\/uploads\/2023\/06\/23_03_sedak-gsp-1_K-768x504.jpg 768w, https:\/\/www.pr-neu.de\/newsroom\/wordpress\/wp-content\/uploads\/2023\/06\/23_03_sedak-gsp-1_K-1536x1009.jpg 1536w, https:\/\/www.pr-neu.de\/newsroom\/wordpress\/wp-content\/uploads\/2023\/06\/23_03_sedak-gsp-1_K-2048x1345.jpg 2048w, https:\/\/www.pr-neu.de\/newsroom\/wordpress\/wp-content\/uploads\/2023\/06\/23_03_sedak-gsp-1_K-110x72.jpg 110w, https:\/\/www.pr-neu.de\/newsroom\/wordpress\/wp-content\/uploads\/2023\/06\/23_03_sedak-gsp-1_K-420x276.jpg 420w, https:\/\/www.pr-neu.de\/newsroom\/wordpress\/wp-content\/uploads\/2023\/06\/23_03_sedak-gsp-1_K-655x430.jpg 655w\" sizes=\"auto, (max-width: 300px) 100vw, 300px\" \/><\/a><\/p>\n<p style=\"text-align: center;\">Die Fassade der sedak-Produktionshalle in Gersthofen: Architektonisch in Szene gesetzt mit 360 zum Teil digitalbedruckten Elementen sedak gsp.<br \/>\nBild: sedak<\/p>\n<p>&nbsp;<\/p>\n<p style=\"text-align: center;\"><a href=\"http:\/\/www.pr-neu.de\/newsroom\/wordpress\/wp-content\/uploads\/2023\/06\/23_03_sedak-gsp-2_K.jpg\" target=\"_blank\" rel=\"noopener\"><img loading=\"lazy\" decoding=\"async\" class=\"aligncenter wp-image-15857\" src=\"http:\/\/www.pr-neu.de\/newsroom\/wordpress\/wp-content\/uploads\/2023\/06\/23_03_sedak-gsp-2_K.jpg\" alt=\"\" width=\"300\" height=\"200\" \/><\/a><\/p>\n<p style=\"text-align: center;\">sedak gsp besteht aus einer Glasscheibe (TVG 6 \u200amm), strukturell verklebt mit einem konventionellen Sandwichpanel .<br \/>\nBild: Rene M\u00fcller<\/p>\n<p>&nbsp;<\/p>\n<p style=\"text-align: center;\"><a href=\"http:\/\/www.pr-neu.de\/newsroom\/wordpress\/wp-content\/uploads\/2023\/06\/23_03_sedak-gsp-3_K.jpg\" target=\"_blank\" rel=\"noopener\"><img loading=\"lazy\" decoding=\"async\" class=\"aligncenter wp-image-15858 size-medium\" src=\"http:\/\/www.pr-neu.de\/newsroom\/wordpress\/wp-content\/uploads\/2023\/06\/23_03_sedak-gsp-3_K-300x200.jpg\" alt=\"\" width=\"300\" height=\"200\" srcset=\"https:\/\/www.pr-neu.de\/newsroom\/wordpress\/wp-content\/uploads\/2023\/06\/23_03_sedak-gsp-3_K-300x200.jpg 300w, https:\/\/www.pr-neu.de\/newsroom\/wordpress\/wp-content\/uploads\/2023\/06\/23_03_sedak-gsp-3_K-1024x684.jpg 1024w, https:\/\/www.pr-neu.de\/newsroom\/wordpress\/wp-content\/uploads\/2023\/06\/23_03_sedak-gsp-3_K-768x513.jpg 768w, https:\/\/www.pr-neu.de\/newsroom\/wordpress\/wp-content\/uploads\/2023\/06\/23_03_sedak-gsp-3_K-1536x1025.jpg 1536w, https:\/\/www.pr-neu.de\/newsroom\/wordpress\/wp-content\/uploads\/2023\/06\/23_03_sedak-gsp-3_K-2048x1367.jpg 2048w, https:\/\/www.pr-neu.de\/newsroom\/wordpress\/wp-content\/uploads\/2023\/06\/23_03_sedak-gsp-3_K-110x73.jpg 110w, https:\/\/www.pr-neu.de\/newsroom\/wordpress\/wp-content\/uploads\/2023\/06\/23_03_sedak-gsp-3_K-420x280.jpg 420w, https:\/\/www.pr-neu.de\/newsroom\/wordpress\/wp-content\/uploads\/2023\/06\/23_03_sedak-gsp-3_K-644x430.jpg 644w\" sizes=\"auto, (max-width: 300px) 100vw, 300px\" \/><\/a><\/p>\n<p style=\"text-align: center;\">Corporate Architecture: Mit sedak gsp profitieren v.a. Gewerbebauten, wie Super-m\u00e4rkte und Showrooms, von der hohen Energieeffizienz und Gestaltbarkeit des Fassadenglases.<br \/>\nBild: Olaf Becker<br \/>\n<em>(Anm. f\u00fcr Red.: Projekt wurde innerhalb der sedak Firmengruppe ehemals von iconic skin umgesetzt)<\/em><\/p>\n<p>&nbsp;<\/p>\n<p style=\"text-align: center;\"><a href=\"http:\/\/www.pr-neu.de\/newsroom\/wordpress\/wp-content\/uploads\/2023\/06\/23_03_sedak-gsp-4_K.jpg\" target=\"_blank\" rel=\"noopener\"><img loading=\"lazy\" decoding=\"async\" class=\"wp-image-15859 size-medium\" src=\"http:\/\/www.pr-neu.de\/newsroom\/wordpress\/wp-content\/uploads\/2023\/06\/23_03_sedak-gsp-4_K-300x200.jpg\" alt=\"\" width=\"300\" height=\"200\" srcset=\"https:\/\/www.pr-neu.de\/newsroom\/wordpress\/wp-content\/uploads\/2023\/06\/23_03_sedak-gsp-4_K-300x200.jpg 300w, https:\/\/www.pr-neu.de\/newsroom\/wordpress\/wp-content\/uploads\/2023\/06\/23_03_sedak-gsp-4_K-1024x683.jpg 1024w, https:\/\/www.pr-neu.de\/newsroom\/wordpress\/wp-content\/uploads\/2023\/06\/23_03_sedak-gsp-4_K-768x512.jpg 768w, https:\/\/www.pr-neu.de\/newsroom\/wordpress\/wp-content\/uploads\/2023\/06\/23_03_sedak-gsp-4_K-1536x1024.jpg 1536w, https:\/\/www.pr-neu.de\/newsroom\/wordpress\/wp-content\/uploads\/2023\/06\/23_03_sedak-gsp-4_K-2048x1365.jpg 2048w, https:\/\/www.pr-neu.de\/newsroom\/wordpress\/wp-content\/uploads\/2023\/06\/23_03_sedak-gsp-4_K-110x73.jpg 110w, https:\/\/www.pr-neu.de\/newsroom\/wordpress\/wp-content\/uploads\/2023\/06\/23_03_sedak-gsp-4_K-420x280.jpg 420w, https:\/\/www.pr-neu.de\/newsroom\/wordpress\/wp-content\/uploads\/2023\/06\/23_03_sedak-gsp-4_K-645x430.jpg 645w\" sizes=\"auto, (max-width: 300px) 100vw, 300px\" \/><\/a><\/p>\n<p style=\"text-align: center;\">Elegant: Die schwarze sedak-gsp-Glasfassade eines B\u00fcro- und Werksgeb\u00e4udes.<br \/>\nBild: Brucha \/ Jean van L\u00fclik<br \/>\n<em>(Anm. f\u00fcr Red.: Projekt wurde innerhalb der sedak Firmengruppe ehemals von iconic skin umgesetzt)<\/em><\/p>\n<p>&nbsp;<\/p>\n<hr \/>\n<p>&nbsp;<\/p>\n<p><strong>sedak \u2013 leading glass<\/strong><\/p>\n<p>Mit Pioniergeist hat sich der Glasveredler sedak (Gersthofen) seit der Gr\u00fcndung 2007 zum Premiumhersteller f\u00fcr gro\u00dfformatige Isolier- und Sicherheitsgl\u00e4ser entwickelt und Glas als Baustoff f\u00fcr Ganzglasfassaden und -d\u00e4cher weitergedacht. Dank innovativer Produkte in h\u00f6chster Qualit\u00e4t werden ikonische Fassaden und Bauwerke mit einer bislang unerreichten Transparenz realisiert.<br \/>\n2018 baute Technologief\u00fchrer sedak seinen Kompetenzvorsprung weiter aus und \u00fcbernahm sunglass industry s.r.l., der Spezialist f\u00fcr thermisch gebogenes Glas. Im Unternehmensverbund stehen die beiden Glasspezialisten f\u00fcr kompromisslose Leidenschaft in der Verarbeitung von gebogenem und flachem Glas in h\u00f6chster Qualit\u00e4tsausf\u00fchrung.<\/p>\n<p>Auf einer Fertigungsfl\u00e4che von 47.000qm wird Rohglas bearbeitet, vorgespannt, laminiert, bedruckt, gebogen und zu Isolier- und Sicherheitsglas verarbeitet. Der hohe Automatisierungsgrad in der Fertigung garantiert Kunden die gr\u00f6\u00dftm\u00f6gliche Zuverl\u00e4ssigkeit, Kalkulierbarkeit und Termintreue. Forschergeist, die Expertise von 300 Mitarbeitenden sowie die Ideen und Vorstellungen unserer Kunden sind der Antrieb f\u00fcr stetige Weiterentwicklung in der Glasveredelung. Der Kunde bekommt die gesamte Glasexpertise aus einer Hand: sedak ber\u00e4t, steuert und fertigt. sunglass industry ist Fertigungsstandort und betreut Kunden und Projekte in Italien.<\/p>\n<p>Herausragende Referenzen belegen die eindrucksvolle Kompetenz. Dazu geh\u00f6ren u.a.: Laktha Center, St. Petersburg \/ Haus der Europ\u00e4ischen Geschichte, Br\u00fcssel \/ medizinische Fakult\u00e4t, Montpellier \/ Torre Europa, Madrid \/ Iconsiam, Bangkok \/ Apple Park, Cupertino \/ Apple-Cube, New York \/ Experimenta, Heilbronn \/ zahlreiche Premium-Flagship-Stores.<\/p>\n<p>Anwendungsgebiete<\/p>\n<ul>\n<li>Glasfassaden<\/li>\n<li>Glasd\u00e4cher<\/li>\n<li>Glastreppen<\/li>\n<li>Glasbr\u00fcstungen<\/li>\n<li>Jachtverglasungen<\/li>\n<li>Poolverglasungen<\/li>\n<li>Sicherheitsverglasungen<\/li>\n<li>Ganzglaskonstruktionen<\/li>\n<li>Innenarchitektur<\/li>\n<li>Sonderanfertigung<\/li>\n<\/ul>\n<p>&nbsp;<\/p>\n<hr \/>\n<p>&nbsp;<\/p>\n<p>Abdruck honorarfrei, Belegexemplar erbeten<\/p>\n","protected":false},"excerpt":{"rendered":"<p>\u00c4sthetische, hochd\u00e4mmende Glasfassaden \u2013 das erm\u00f6glicht das opake Fassadenglas sedak gsp. Es kombiniert Glas und D\u00e4mmung intelligent und gibt Architekten und Bauherren eine individuell gestaltbare Standardl\u00f6sung an die Hand.<\/p>\n","protected":false},"author":9,"featured_media":15859,"comment_status":"closed","ping_status":"open","sticky":false,"template":"","format":"standard","meta":{"footnotes":""},"categories":[12],"tags":[124,2051,187,2484,230,2482,2257],"class_list":["post-15856","post","type-post","status-publish","format-standard","has-post-thumbnail","hentry","category-sedak","tag-dammung","tag-design","tag-fassade","tag-fassadenglas","tag-glas","tag-gsp","tag-sedak"],"_links":{"self":[{"href":"https:\/\/www.pr-neu.de\/newsroom\/wp-json\/wp\/v2\/posts\/15856","targetHints":{"allow":["GET"]}}],"collection":[{"href":"https:\/\/www.pr-neu.de\/newsroom\/wp-json\/wp\/v2\/posts"}],"about":[{"href":"https:\/\/www.pr-neu.de\/newsroom\/wp-json\/wp\/v2\/types\/post"}],"author":[{"embeddable":true,"href":"https:\/\/www.pr-neu.de\/newsroom\/wp-json\/wp\/v2\/users\/9"}],"replies":[{"embeddable":true,"href":"https:\/\/www.pr-neu.de\/newsroom\/wp-json\/wp\/v2\/comments?post=15856"}],"version-history":[{"count":5,"href":"https:\/\/www.pr-neu.de\/newsroom\/wp-json\/wp\/v2\/posts\/15856\/revisions"}],"predecessor-version":[{"id":15869,"href":"https:\/\/www.pr-neu.de\/newsroom\/wp-json\/wp\/v2\/posts\/15856\/revisions\/15869"}],"wp:featuredmedia":[{"embeddable":true,"href":"https:\/\/www.pr-neu.de\/newsroom\/wp-json\/wp\/v2\/media\/15859"}],"wp:attachment":[{"href":"https:\/\/www.pr-neu.de\/newsroom\/wp-json\/wp\/v2\/media?parent=15856"}],"wp:term":[{"taxonomy":"category","embeddable":true,"href":"https:\/\/www.pr-neu.de\/newsroom\/wp-json\/wp\/v2\/categories?post=15856"},{"taxonomy":"post_tag","embeddable":true,"href":"https:\/\/www.pr-neu.de\/newsroom\/wp-json\/wp\/v2\/tags?post=15856"}],"curies":[{"name":"wp","href":"https:\/\/api.w.org\/{rel}","templated":true}]}}