{"id":15849,"date":"2023-06-01T10:22:23","date_gmt":"2023-06-01T08:22:23","guid":{"rendered":"https:\/\/www.pr-neu.de\/newsroom\/?p=15849"},"modified":"2023-06-01T10:22:44","modified_gmt":"2023-06-01T08:22:44","slug":"waerme-fuer-sommer-oder-wintergaerten","status":"publish","type":"post","link":"https:\/\/www.pr-neu.de\/newsroom\/waerme-fuer-sommer-oder-wintergaerten\/","title":{"rendered":"W\u00e4rme f\u00fcr Sommer- oder Winterg\u00e4rten"},"content":{"rendered":"<p><u>TS-Aluminium: Heizstrahler-Sortiment<\/u><\/p>\n<p><strong>Das neue Heizstrahler-Sortiment von TS-Aluminium sorgt bei niedrigeren Au\u00dfen-Temperaturen f\u00fcr gem\u00fctliche Stunden im Gr\u00fcnen. Die Modelle erm\u00f6glichen je nach Anforderung angenehme W\u00e4rme unter Terrassend\u00e4chern, in Sommer- und Winterg\u00e4rten. Da die W\u00e4rme nur nach vorne strahlt, lassen sich die Ger\u00e4te unmittelbar an der Wand und nah unter der \u00dcberdachung montieren.<\/strong><\/p>\n<p>Mit neuen Heizstrahlern des Herstellers Extreme-Line erweitert TS-Aluminium die Ausstattungsm\u00f6glichkeiten f\u00fcr Sommerg\u00e4rten, Winterg\u00e4rten und Terrassend\u00e4cher. Da die W\u00e4rme der innovativen Ger\u00e4te nur geringf\u00fcgig nach hinten strahlt, ist eine Montage unmittelbar an der Wand und nah unter der \u00dcberdachung m\u00f6glich.<\/p>\n<p>Die Infrarotstrahlen w\u00e4rmen in erster Linie Personen und K\u00f6rper, die Luft heizen sie fast nicht auf \u2013 so nutzen die Ger\u00e4te die Energie besonders effizient. Ebenso wird kein Staub aufgewirbelt, Bakterien und Viren verteilen sich nicht. So schafft die Strahlungsw\u00e4rme ein angenehmes, warmes Raumklima \u2013 automatisch mit separaten Temperatursensoren. Bedient werden die Heizstrahler per Fernbedienung oder App und lassen sich wie die weiteren Komponenten von TS-Aluminium auch \u00fcber die Smart-Home-L\u00f6sung von somfy steuern.<\/p>\n<p><strong>HeatZone: Infrarotstrahler f\u00fcr Winterg\u00e4rten<\/strong><br \/>\nF\u00fcr geschlossene R\u00e4ume wie Winterg\u00e4rten bietet TS-Aluminium den Infrarotheizstrahler HeatZone mit einer langen Lebensdauer von mehr als 10.000 Betriebsstunden. Die keramikbeschichtete Heizoberfl\u00e4che wird erhitzt und setzt so \u00fcberwiegend nat\u00fcrliche Infrarotw\u00e4rme frei. Als Dunkelstrahler erzeugt er langwellige Strahlung und wirkt so wohltuend und stimulierend \u2013 ohne st\u00f6rendes Rotlicht und Staubaufwirbelung. Passend zur Raumgestaltung steht der Heizstrahler in schwarz oder wei\u00df zur Verf\u00fcgung. Bei der W\u00e4rmeproduktion st\u00f6\u00dft der Strahler kein CO2 aus. Mit Strom aus einer Solar- oder Photovoltaik-Anlage arbeitet der Infrarotstrahler sogar klimaneutral.<\/p>\n<p><strong>HeatFlare: W\u00e4rme unter dem Terrassendach und im Sommergarten<\/strong><br \/>\nDer Carbonstrahler HeatFlare mit kurzwelliger Infrarotstrahlung eignet sich f\u00fcr Terrassend\u00e4cher und Sommerg\u00e4rten. Er ist bereits nach 35 Sekunden aufgeheizt. Durch die Carbonelemente entsteht kaum Rotlicht \u2013 bei starker Heizleistung.<\/p>\n<p><strong>HeatTower: Die mobile Variante<\/strong><br \/>\nDer HeatTower kommt ohne Montage aus: Als mobiler Carbonstrahler l\u00e4sst er sich stehend platzieren und eignet sich f\u00fcr Terrassen, Bierg\u00e4rten, gastronomische Au\u00dfenbereiche oder Sitzgruppen. Die W\u00e4rme verteilt sich gleichm\u00e4\u00dfig, auch unter den Tischen \u2013 dabei entsteht kaum Rotlicht. Auch bei Wind \u00fcberzeugt der Infrarotstrahler mit hoher Heizleistung.<\/p>\n<p><strong>Einfach montiert und gewartet<\/strong><\/p>\n<p>Die Ger\u00e4te sind leicht zu montieren und eignen sich auch ideal f\u00fcr die Nachr\u00fcstung. Zum Set geh\u00f6ren die notwendigen Montage-Gelenke, passende Anker gibt es f\u00fcr alle g\u00e4ngigen Wandkonstruktionen. Unter Glas, Markisen und Stoff ist ein Mindestabstand von 15 Zentimetern einzuhalten. Zum Boden m\u00fcssen 2,1 Meter Abstand eingehalten werden und mindestens 80 Zentimeter zu brennbaren Objekten und angrenzenden W\u00e4nden. Der Stromanschluss der Strahler HeatZone und HeatFlare erfolgt an die Hauptstromversorgung. Die Ger\u00e4te d\u00fcrfen nicht direkt ober- und unterhalb einer Steckdose angebracht werden. In R\u00e4umen mit hoher Feuchtigkeit wie B\u00e4dern und Pools d\u00fcrfen die Strahler laut VDE 0100 Teil 701 in Schutzbereich 3 montiert werden. Die elektronischen Komponenten im Inneren sind wartungsfrei \u2013 die Carbonelemente lassen sich bei Bedarf austauschen.<\/p>\n<p>&nbsp;<\/p>\n<hr \/>\n<p>&nbsp;<\/p>\n<p><a href=\"http:\/\/www.pr-neu.de\/newsroom\/wordpress\/wp-content\/uploads\/2023\/06\/23-01_HeatZone_K.jpg\" target=\"_blank\" rel=\"noopener\"><img loading=\"lazy\" decoding=\"async\" class=\"wp-image-15850 aligncenter\" src=\"http:\/\/www.pr-neu.de\/newsroom\/wordpress\/wp-content\/uploads\/2023\/06\/23-01_HeatZone_K.jpg\" alt=\"\" width=\"300\" height=\"300\" \/><\/a><\/p>\n<p style=\"text-align: center;\">F\u00fcr Winter- und Sommerg\u00e4rten bietet TS-Aluminium jetzt den Dunkelstrahler HeatZone \u2013 ohne Rotlicht und Staubaufwirbelung.<\/p>\n<p>&nbsp;<\/p>\n<p style=\"text-align: center;\"><a href=\"http:\/\/www.pr-neu.de\/newsroom\/wordpress\/wp-content\/uploads\/2023\/06\/23-01_HeatFlare_K.jpg\" target=\"_blank\" rel=\"noopener\"><img loading=\"lazy\" decoding=\"async\" class=\"wp-image-15851\" src=\"http:\/\/www.pr-neu.de\/newsroom\/wordpress\/wp-content\/uploads\/2023\/06\/23-01_HeatFlare_K.jpg\" alt=\"\" width=\"300\" height=\"300\" \/><\/a><\/p>\n<p style=\"text-align: center;\">Der Carbonstrahler HeatFlare sorgt dank Infrarotstrahlung f\u00fcr wohlige W\u00e4rme auf zugigen Terrassen und ist bereits nach 35 Sekunden aufgeheizt.<\/p>\n<p>&nbsp;<\/p>\n<p><a href=\"http:\/\/www.pr-neu.de\/newsroom\/wordpress\/wp-content\/uploads\/2023\/06\/23-01_HeatTower_K.jpg\" target=\"_blank\" rel=\"noopener\"><img loading=\"lazy\" decoding=\"async\" class=\"wp-image-15852 aligncenter\" src=\"http:\/\/www.pr-neu.de\/newsroom\/wordpress\/wp-content\/uploads\/2023\/06\/23-01_HeatTower_K.jpg\" alt=\"\" width=\"300\" height=\"209\" \/><\/a><\/p>\n<p style=\"text-align: center;\">Der mobile Carbonstrahler HeatTower l\u00e4sst sich stehend platzieren und eignet sich unter anderem f\u00fcr Terrassen und gastronomische Au\u00dfenbereiche.<\/p>\n<p style=\"text-align: center;\">Alle Bilder: TS-Aluminium-Profilsysteme GmbH &amp; Co. KG<\/p>\n<p>&nbsp;<\/p>\n<hr \/>\n<p>&nbsp;<\/p>\n<p>Abdruck honorarfrei, Belegexemplar erbeten<\/p>\n","protected":false},"excerpt":{"rendered":"<p>Das neue Heizstrahler-Sortiment von TS-Aluminium sorgt bei niedrigeren Au\u00dfen-Temperaturen f\u00fcr gem\u00fctliche Stunden im Gr\u00fcnen.<\/p>\n","protected":false},"author":9,"featured_media":15851,"comment_status":"closed","ping_status":"open","sticky":false,"template":"","format":"standard","meta":{"footnotes":""},"categories":[1761],"tags":[2480,1649,1893,2055,1793,635],"class_list":["post-15849","post","type-post","status-publish","format-standard","has-post-thumbnail","hentry","category-ts-aluminium","tag-heizstrahler","tag-infrarot","tag-sommergarten","tag-terrasse","tag-ts-aluminium","tag-wintergarten"],"_links":{"self":[{"href":"https:\/\/www.pr-neu.de\/newsroom\/wp-json\/wp\/v2\/posts\/15849","targetHints":{"allow":["GET"]}}],"collection":[{"href":"https:\/\/www.pr-neu.de\/newsroom\/wp-json\/wp\/v2\/posts"}],"about":[{"href":"https:\/\/www.pr-neu.de\/newsroom\/wp-json\/wp\/v2\/types\/post"}],"author":[{"embeddable":true,"href":"https:\/\/www.pr-neu.de\/newsroom\/wp-json\/wp\/v2\/users\/9"}],"replies":[{"embeddable":true,"href":"https:\/\/www.pr-neu.de\/newsroom\/wp-json\/wp\/v2\/comments?post=15849"}],"version-history":[{"count":3,"href":"https:\/\/www.pr-neu.de\/newsroom\/wp-json\/wp\/v2\/posts\/15849\/revisions"}],"predecessor-version":[{"id":15855,"href":"https:\/\/www.pr-neu.de\/newsroom\/wp-json\/wp\/v2\/posts\/15849\/revisions\/15855"}],"wp:featuredmedia":[{"embeddable":true,"href":"https:\/\/www.pr-neu.de\/newsroom\/wp-json\/wp\/v2\/media\/15851"}],"wp:attachment":[{"href":"https:\/\/www.pr-neu.de\/newsroom\/wp-json\/wp\/v2\/media?parent=15849"}],"wp:term":[{"taxonomy":"category","embeddable":true,"href":"https:\/\/www.pr-neu.de\/newsroom\/wp-json\/wp\/v2\/categories?post=15849"},{"taxonomy":"post_tag","embeddable":true,"href":"https:\/\/www.pr-neu.de\/newsroom\/wp-json\/wp\/v2\/tags?post=15849"}],"curies":[{"name":"wp","href":"https:\/\/api.w.org\/{rel}","templated":true}]}}