{"id":15839,"date":"2023-05-31T13:59:16","date_gmt":"2023-05-31T11:59:16","guid":{"rendered":"https:\/\/www.pr-neu.de\/newsroom\/?p=15839"},"modified":"2023-05-31T13:59:28","modified_gmt":"2023-05-31T11:59:28","slug":"nur-eine-trockene-fassade-ist-eine-langlebige-fassade","status":"publish","type":"post","link":"https:\/\/www.pr-neu.de\/newsroom\/nur-eine-trockene-fassade-ist-eine-langlebige-fassade\/","title":{"rendered":"\u201eNur eine trockene Fassade ist eine langlebige Fassade\u201c"},"content":{"rendered":"<p><u>Fassadenbeschichtungen f\u00fcr den Nichtwohnbau \/ Malermeister Ralf Roser verwendet StoColor Dryonic auf allen Untergr\u00fcnden<\/u><\/p>\n<p><strong>Bei Nichtwohngeb\u00e4uden wie Industrie- oder Lagerhallen gibt es oft Objekte mit unterschiedlichen Fassaden-Teilen. Das erschwert die Sanierung, da eine Beschichtung auf den jeweiligen Untergrund abzustimmen ist. Malermeister Ralf Roser geht schrittweise vor und stellt stets eine Untergrundpr\u00fcfung voran. Im Interview erz\u00e4hlt er, was er f\u00fcr eine perfekte Schlussbeschichtung beachtet. <\/strong><br \/>\n<strong><br \/>\nHerr Roser, wie l\u00e4uft eine Fassadensanierung idealerweise ab? <\/strong><br \/>\nZuerst pr\u00fcfe ich den Untergrund genau. Mittels Gitterschnitt und Klebebandprobe pr\u00fcfe ich, wie fest, sauber und trocken der Untergrund ist, denn das ist die Voraussetzung f\u00fcr eine perfekte Schlussbeschichtung. Dann reinigen wir die Fl\u00e4chen mit dem Hochdruckreiniger. Bei starkem Schmutz verwenden wir auch ein Reinigungsmittel.<\/p>\n<p><strong>Nach dem Grundieren geht\u2019s ans Beschichten. Was empfehlen Sie?<\/strong><br \/>\nDas kommt darauf an, welche Vorstellungen und W\u00fcnsche der Kunde mitbringt. Generell empfehle ich, das Wasser von der Wand fern zu halten, also wasserabweisende Beschichtungen. Nur eine trockene Fassade ist eine langlebige Fassade.<\/p>\n<p><strong>Welche Farbe ist ihr Favorit bei Nichtwohngeb\u00e4uden?<\/strong><br \/>\nDa wir oftmals an einem Objekt mehrere Untergr\u00fcnde vorfinden, verwende ich gerne StoColor Dryonic. Die bionische Farbe ohne biozide Filmschutzmittel ist auf allen bau\u00fcblichen Untergr\u00fcnden einsetzbar. Damit m\u00fcssen wir nur ein Produkt mit auf die Baustelle nehmen. Das erleichtert die Logistik und spart Zeit. Die Farbe ist sehr robust und hat lange Renovierungsintervalle. Dank ihrer speziellen Oberfl\u00e4chenbeschaffenheit leitet sie Regen und Tau in Rekordzeit ab. Wenn kein Oberfl\u00e4chenwasser stehen bleibt, finden Algen und Pilze keine Nahrung vor.<\/p>\n<p><strong>Wie beurteilen Sie die Verarbeitung?<\/strong><br \/>\nDie Farbe l\u00e4sst sich geschmeidig verarbeiten und hat eine hohe Quadratmeterleistung. Mit dem Airlessger\u00e4t beschichten wir damit im Nu gro\u00dfe Fl\u00e4chen, wie sie im Industriebau \u00fcblich sind. Ein weiterer Vorteil ist die T\u00f6nbarkeit. StoColor Dryonic ist in nahezu allen Farbnuancen realisierbar, sogar in Metallic-T\u00f6nen oder sehr leuchtende Farbnuancen. Wir haben im Jahr 2015 die \u201eFarr Wohnwelt\u201c im Firmenfarbton RAL 4006 umgesetzt \u2013 das ist ein auff\u00e4lliges Purpur. Unser Kunde ist heute noch mit dem Ergebnis zufrieden, obwohl die Sanierung schon acht Jahren zur\u00fcck liegt. Speziell bei diesem Objekt habe ich die Farbe \u00fcbrigens auf Porenbeton, Holz und Zink aufgetragen. Vor dem zweifachen Anstrich habe ich mit StoPrim Plex grundiert.<\/p>\n<p><strong>F\u00fcr dieses Objekt haben Sie auch einen Preis bekommen.<\/strong><br \/>\nJa. Die Maler-Innung Karlsruhe Mittelbaden\/Nord veranstaltet unregelm\u00e4\u00dfig einen Fassadenwettbewerb unter Innungsbetrieben. Wir haben uns beworben und wurden f\u00fcr Ausf\u00fchrungsqualit\u00e4t, Farbgestaltung und Kundenzufriedenheit in der Kategorie \u201eIndustriegeb\u00e4ude\u201c ausgezeichnet.<\/p>\n<p>&nbsp;<\/p>\n<hr \/>\n<p>&nbsp;<\/p>\n<p style=\"text-align: center;\"><a href=\"http:\/\/www.pr-neu.de\/newsroom\/wordpress\/wp-content\/uploads\/2023\/05\/23-06_Interview_Roser_1_K.jpg\" target=\"_blank\" rel=\"noopener\"><img loading=\"lazy\" decoding=\"async\" class=\"wp-image-15844 size-medium\" src=\"http:\/\/www.pr-neu.de\/newsroom\/wordpress\/wp-content\/uploads\/2023\/05\/23-06_Interview_Roser_1_K-300x200.jpg\" alt=\"\" width=\"300\" height=\"200\" srcset=\"https:\/\/www.pr-neu.de\/newsroom\/wordpress\/wp-content\/uploads\/2023\/05\/23-06_Interview_Roser_1_K-300x200.jpg 300w, https:\/\/www.pr-neu.de\/newsroom\/wordpress\/wp-content\/uploads\/2023\/05\/23-06_Interview_Roser_1_K-1024x683.jpg 1024w, https:\/\/www.pr-neu.de\/newsroom\/wordpress\/wp-content\/uploads\/2023\/05\/23-06_Interview_Roser_1_K-768x512.jpg 768w, https:\/\/www.pr-neu.de\/newsroom\/wordpress\/wp-content\/uploads\/2023\/05\/23-06_Interview_Roser_1_K-1536x1025.jpg 1536w, https:\/\/www.pr-neu.de\/newsroom\/wordpress\/wp-content\/uploads\/2023\/05\/23-06_Interview_Roser_1_K-2048x1366.jpg 2048w, https:\/\/www.pr-neu.de\/newsroom\/wordpress\/wp-content\/uploads\/2023\/05\/23-06_Interview_Roser_1_K-110x73.jpg 110w, https:\/\/www.pr-neu.de\/newsroom\/wordpress\/wp-content\/uploads\/2023\/05\/23-06_Interview_Roser_1_K-420x280.jpg 420w, https:\/\/www.pr-neu.de\/newsroom\/wordpress\/wp-content\/uploads\/2023\/05\/23-06_Interview_Roser_1_K-645x430.jpg 645w\" sizes=\"auto, (max-width: 300px) 100vw, 300px\" \/><\/a><\/p>\n<p style=\"text-align: center;\">Malermeister Ralf Roser sucht mit seiner Kundin die Farbt\u00f6ne aus.<\/p>\n<p>&nbsp;<\/p>\n<p style=\"text-align: center;\"><a href=\"http:\/\/www.pr-neu.de\/newsroom\/wordpress\/wp-content\/uploads\/2023\/05\/23-06_Interview_Roser_2_K.jpg\" target=\"_blank\" rel=\"noopener\"><img loading=\"lazy\" decoding=\"async\" class=\"wp-image-15845 size-medium\" src=\"http:\/\/www.pr-neu.de\/newsroom\/wordpress\/wp-content\/uploads\/2023\/05\/23-06_Interview_Roser_2_K-300x200.jpg\" alt=\"\" width=\"300\" height=\"200\" srcset=\"https:\/\/www.pr-neu.de\/newsroom\/wordpress\/wp-content\/uploads\/2023\/05\/23-06_Interview_Roser_2_K-300x200.jpg 300w, https:\/\/www.pr-neu.de\/newsroom\/wordpress\/wp-content\/uploads\/2023\/05\/23-06_Interview_Roser_2_K-1024x683.jpg 1024w, https:\/\/www.pr-neu.de\/newsroom\/wordpress\/wp-content\/uploads\/2023\/05\/23-06_Interview_Roser_2_K-768x512.jpg 768w, https:\/\/www.pr-neu.de\/newsroom\/wordpress\/wp-content\/uploads\/2023\/05\/23-06_Interview_Roser_2_K-1536x1025.jpg 1536w, https:\/\/www.pr-neu.de\/newsroom\/wordpress\/wp-content\/uploads\/2023\/05\/23-06_Interview_Roser_2_K-2048x1366.jpg 2048w, https:\/\/www.pr-neu.de\/newsroom\/wordpress\/wp-content\/uploads\/2023\/05\/23-06_Interview_Roser_2_K-110x73.jpg 110w, https:\/\/www.pr-neu.de\/newsroom\/wordpress\/wp-content\/uploads\/2023\/05\/23-06_Interview_Roser_2_K-420x280.jpg 420w, https:\/\/www.pr-neu.de\/newsroom\/wordpress\/wp-content\/uploads\/2023\/05\/23-06_Interview_Roser_2_K-645x430.jpg 645w\" sizes=\"auto, (max-width: 300px) 100vw, 300px\" \/><\/a><\/p>\n<p style=\"text-align: center;\">Ralf Roser hat das Firmengeb\u00e4ude im passenden Farbton gestrichen.<\/p>\n<p>&nbsp;<\/p>\n<p style=\"text-align: center;\"><a href=\"http:\/\/www.pr-neu.de\/newsroom\/wordpress\/wp-content\/uploads\/2023\/05\/23-06_Interview_Roser_3_K.jpg\" target=\"_blank\" rel=\"noopener\"><img loading=\"lazy\" decoding=\"async\" class=\"wp-image-15846 size-medium\" src=\"http:\/\/www.pr-neu.de\/newsroom\/wordpress\/wp-content\/uploads\/2023\/05\/23-06_Interview_Roser_3_K-300x200.jpg\" alt=\"\" width=\"300\" height=\"200\" srcset=\"https:\/\/www.pr-neu.de\/newsroom\/wordpress\/wp-content\/uploads\/2023\/05\/23-06_Interview_Roser_3_K-300x200.jpg 300w, https:\/\/www.pr-neu.de\/newsroom\/wordpress\/wp-content\/uploads\/2023\/05\/23-06_Interview_Roser_3_K-1024x683.jpg 1024w, https:\/\/www.pr-neu.de\/newsroom\/wordpress\/wp-content\/uploads\/2023\/05\/23-06_Interview_Roser_3_K-768x512.jpg 768w, https:\/\/www.pr-neu.de\/newsroom\/wordpress\/wp-content\/uploads\/2023\/05\/23-06_Interview_Roser_3_K-1536x1025.jpg 1536w, https:\/\/www.pr-neu.de\/newsroom\/wordpress\/wp-content\/uploads\/2023\/05\/23-06_Interview_Roser_3_K-2048x1366.jpg 2048w, https:\/\/www.pr-neu.de\/newsroom\/wordpress\/wp-content\/uploads\/2023\/05\/23-06_Interview_Roser_3_K-110x73.jpg 110w, https:\/\/www.pr-neu.de\/newsroom\/wordpress\/wp-content\/uploads\/2023\/05\/23-06_Interview_Roser_3_K-420x280.jpg 420w, https:\/\/www.pr-neu.de\/newsroom\/wordpress\/wp-content\/uploads\/2023\/05\/23-06_Interview_Roser_3_K-645x430.jpg 645w\" sizes=\"auto, (max-width: 300px) 100vw, 300px\" \/><\/a><\/p>\n<p style=\"text-align: center;\">Ein kr\u00e4ftiges Purpur ziert auch die Beton-Holzoptik.<\/p>\n<p>&nbsp;<\/p>\n<p style=\"text-align: center;\"><a href=\"http:\/\/www.pr-neu.de\/newsroom\/wordpress\/wp-content\/uploads\/2023\/05\/23-06_Interview_Roser_4_G-scaled.jpg\" target=\"_blank\" rel=\"noopener\"><img loading=\"lazy\" decoding=\"async\" class=\"wp-image-15843 size-medium\" src=\"http:\/\/www.pr-neu.de\/newsroom\/wordpress\/wp-content\/uploads\/2023\/05\/23-06_Interview_Roser_4_G-300x200.jpg\" alt=\"\" width=\"300\" height=\"200\" srcset=\"https:\/\/www.pr-neu.de\/newsroom\/wordpress\/wp-content\/uploads\/2023\/05\/23-06_Interview_Roser_4_G-300x200.jpg 300w, https:\/\/www.pr-neu.de\/newsroom\/wordpress\/wp-content\/uploads\/2023\/05\/23-06_Interview_Roser_4_G-1024x683.jpg 1024w, https:\/\/www.pr-neu.de\/newsroom\/wordpress\/wp-content\/uploads\/2023\/05\/23-06_Interview_Roser_4_G-768x512.jpg 768w, https:\/\/www.pr-neu.de\/newsroom\/wordpress\/wp-content\/uploads\/2023\/05\/23-06_Interview_Roser_4_G-1536x1024.jpg 1536w, https:\/\/www.pr-neu.de\/newsroom\/wordpress\/wp-content\/uploads\/2023\/05\/23-06_Interview_Roser_4_G-2048x1366.jpg 2048w, https:\/\/www.pr-neu.de\/newsroom\/wordpress\/wp-content\/uploads\/2023\/05\/23-06_Interview_Roser_4_G-110x73.jpg 110w, https:\/\/www.pr-neu.de\/newsroom\/wordpress\/wp-content\/uploads\/2023\/05\/23-06_Interview_Roser_4_G-420x280.jpg 420w, https:\/\/www.pr-neu.de\/newsroom\/wordpress\/wp-content\/uploads\/2023\/05\/23-06_Interview_Roser_4_G-645x430.jpg 645w\" sizes=\"auto, (max-width: 300px) 100vw, 300px\" \/><\/a><\/p>\n<p style=\"text-align: center;\">Die Fassadenfarbe StoColor Dryonic sch\u00fctzt das Geb\u00e4ude langfristig vor der Witterung.<\/p>\n<p style=\"text-align: center;\">Fotos: Martin Baitinger \/ Sto SE &amp;Co. KGaA<\/p>\n<p>&nbsp;<\/p>\n<p>&nbsp;<\/p>\n<hr \/>\n<p>&nbsp;<\/p>\n<p><strong>Sto: Als Technologief\u00fchrer auf Kurs<\/strong><\/p>\n<p>Die Sto SE &amp; Co. KGaA (St\u00fchlingen) ist ein international f\u00fchrender Hersteller von Produkten und Systemen zur Beschichtung von Geb\u00e4uden. Ihr breites Portfolio umfasst Farben, Putze, Lacke, Fassaden-D\u00e4mmsysteme, Werkstoffe f\u00fcr die Betoninstandsetzung, Bodenbeschichtungen, Akustik- und vorgeh\u00e4ngte hinterl\u00fcftete Fassadensysteme. Der Leitgedanke \u201eBewusst bauen\u201c verdeutlicht in zwei Worten das Selbstverst\u00e4ndnis der Sto-Gruppe, das \u00f6kologische und gesellschaftliche Verantwortung einschlie\u00dft.<\/p>\n<p>&nbsp;<\/p>\n<hr \/>\n<p>&nbsp;<\/p>\n<p>Abdruck honorarfrei, Belegexemplar erbeten<\/p>\n","protected":false},"excerpt":{"rendered":"<p>Malermeister Ralf Roser geht schrittweise vor und stellt stets eine Untergrundpr\u00fcfung voran. Im Interview erz\u00e4hlt er, was er f\u00fcr eine perfekte Schlussbeschichtung beachtet.<\/p>\n","protected":false},"author":9,"featured_media":15845,"comment_status":"closed","ping_status":"open","sticky":false,"template":"","format":"standard","meta":{"footnotes":""},"categories":[15],"tags":[2478,180,187,188,347,504,2253],"class_list":["post-15839","post","type-post","status-publish","format-standard","has-post-thumbnail","hentry","category-sto","tag-aussenfarbe","tag-farbe","tag-fassade","tag-fassadenbeschichtung","tag-maler","tag-sto-2","tag-streichen"],"_links":{"self":[{"href":"https:\/\/www.pr-neu.de\/newsroom\/wp-json\/wp\/v2\/posts\/15839","targetHints":{"allow":["GET"]}}],"collection":[{"href":"https:\/\/www.pr-neu.de\/newsroom\/wp-json\/wp\/v2\/posts"}],"about":[{"href":"https:\/\/www.pr-neu.de\/newsroom\/wp-json\/wp\/v2\/types\/post"}],"author":[{"embeddable":true,"href":"https:\/\/www.pr-neu.de\/newsroom\/wp-json\/wp\/v2\/users\/9"}],"replies":[{"embeddable":true,"href":"https:\/\/www.pr-neu.de\/newsroom\/wp-json\/wp\/v2\/comments?post=15839"}],"version-history":[{"count":3,"href":"https:\/\/www.pr-neu.de\/newsroom\/wp-json\/wp\/v2\/posts\/15839\/revisions"}],"predecessor-version":[{"id":17424,"href":"https:\/\/www.pr-neu.de\/newsroom\/wp-json\/wp\/v2\/posts\/15839\/revisions\/17424"}],"wp:featuredmedia":[{"embeddable":true,"href":"https:\/\/www.pr-neu.de\/newsroom\/wp-json\/wp\/v2\/media\/15845"}],"wp:attachment":[{"href":"https:\/\/www.pr-neu.de\/newsroom\/wp-json\/wp\/v2\/media?parent=15839"}],"wp:term":[{"taxonomy":"category","embeddable":true,"href":"https:\/\/www.pr-neu.de\/newsroom\/wp-json\/wp\/v2\/categories?post=15839"},{"taxonomy":"post_tag","embeddable":true,"href":"https:\/\/www.pr-neu.de\/newsroom\/wp-json\/wp\/v2\/tags?post=15839"}],"curies":[{"name":"wp","href":"https:\/\/api.w.org\/{rel}","templated":true}]}}