{"id":15807,"date":"2023-05-23T16:16:12","date_gmt":"2023-05-23T14:16:12","guid":{"rendered":"https:\/\/www.pr-neu.de\/newsroom\/?p=15807"},"modified":"2023-05-23T16:16:12","modified_gmt":"2023-05-23T14:16:12","slug":"gruenes-klassenzimmer","status":"publish","type":"post","link":"https:\/\/www.pr-neu.de\/newsroom\/gruenes-klassenzimmer\/","title":{"rendered":"Gr\u00fcnes Klassenzimmer"},"content":{"rendered":"<p><u>UN-Tag der Artenvielfalt am 22. Mai<\/u><\/p>\n<p><strong>Braunschweig, 23. Mai 2023<\/strong>. Zum Tag der Artenvielfalt am 22. Mai besuchten rund 40 Jugendliche mit drei Lehrkr\u00e4ften der Hauptschule Eichendorffschule aus Sch\u00f6ningen das Kl\u00e4rwerk Steinhof und die Braunschweiger Rieselfelder. Auf dem Gel\u00e4nde erfuhren die Sch\u00fclerinnen und Sch\u00fcler, wie der nachhaltige Umgang mit Wasser und Energie funktioniert und was die Anlage des Abwasserverbands Braunschweig dazu beitr\u00e4gt. Anlass war der Tag der Artenvielfalt, den die UNO weltweit am 22. Mai begeht. Besonders beeindruckend bei der Exkursion: Die Rieselfelder, die in Europa eine Besonderheit darstellen. Obwohl Heimat f\u00fcr viele seltene Tier- und Pflanzenarten, ist diese Fl\u00e4che kein Naturschutzgebiet, sondern Teil der modernen Kl\u00e4ranlage. Der Abwasserverband Braunschweig nutzt die Felder auch heute als Reinigungsstufe des bereits gereinigten Abwassers. Doch auch der Naturschutz spielt eine wichtige Rolle. In dem wertvollen Biotop herrschen Watt-\u00e4hnliche Verh\u00e4ltnisse \u2013 ein ideales Umfeld f\u00fcr viele, auch bedrohte Vogelarten.<\/p>\n<p>&nbsp;<\/p>\n<hr \/>\n<p>&nbsp;<\/p>\n<p><strong>Hintergrund: 22. Mai \u2013 Tag der Artenvielfalt<\/strong><br \/>\nAm 22. Mai 1992 verabschiedete die UN den Text zum \u201e\u00dcbereinkommen \u00fcber biologische Vielfalt\u201c, daraus wurde dann die \u201eBiodiversit\u00e4ts-Konvention\u201c (Convention of biological diversity \u2013 CBD), die seit Dezember 1993 in Kraft ist. Der 22. Mai wurde deshalb zum \u201eTag der Artenvielfalt\u201c bzw. \u201einternationalen Tag der Biodiversit\u00e4t\u201c erkl\u00e4rt. Hauptanliegen ist der Schutz der biologischen Vielfalt der \u00d6kosysteme, der Arten bzw. Populationen und deren genetische Differenzierung sowie ihrer Ressourcen.<\/p>\n<p>&nbsp;<\/p>\n<hr \/>\n<p>&nbsp;<\/p>\n<p><a href=\"http:\/\/www.pr-neu.de\/newsroom\/wordpress\/wp-content\/uploads\/2023\/05\/23_08_Schule_G-scaled.jpg\" target=\"_blank\" rel=\"noopener\"><img loading=\"lazy\" decoding=\"async\" class=\"aligncenter wp-image-15808 size-medium\" src=\"http:\/\/www.pr-neu.de\/newsroom\/wordpress\/wp-content\/uploads\/2023\/05\/23_08_Schule_G-300x200.jpg\" alt=\"\" width=\"300\" height=\"200\" srcset=\"https:\/\/www.pr-neu.de\/newsroom\/wordpress\/wp-content\/uploads\/2023\/05\/23_08_Schule_G-300x200.jpg 300w, https:\/\/www.pr-neu.de\/newsroom\/wordpress\/wp-content\/uploads\/2023\/05\/23_08_Schule_G-1024x683.jpg 1024w, https:\/\/www.pr-neu.de\/newsroom\/wordpress\/wp-content\/uploads\/2023\/05\/23_08_Schule_G-768x512.jpg 768w, https:\/\/www.pr-neu.de\/newsroom\/wordpress\/wp-content\/uploads\/2023\/05\/23_08_Schule_G-1536x1024.jpg 1536w, https:\/\/www.pr-neu.de\/newsroom\/wordpress\/wp-content\/uploads\/2023\/05\/23_08_Schule_G-2048x1365.jpg 2048w, https:\/\/www.pr-neu.de\/newsroom\/wordpress\/wp-content\/uploads\/2023\/05\/23_08_Schule_G-110x73.jpg 110w, https:\/\/www.pr-neu.de\/newsroom\/wordpress\/wp-content\/uploads\/2023\/05\/23_08_Schule_G-420x280.jpg 420w, https:\/\/www.pr-neu.de\/newsroom\/wordpress\/wp-content\/uploads\/2023\/05\/23_08_Schule_G-645x430.jpg 645w\" sizes=\"auto, (max-width: 300px) 100vw, 300px\" \/><\/a><\/p>\n<p style=\"text-align: center;\">Eva K\u00f6tterheinrich, Fachkraft f\u00fcr Abwassertechnik der Stadtentw\u00e4sserung Braunschweig GmbH (SE|BS), erkl\u00e4rt den Sch\u00fclern die Funktion der Kl\u00e4ranlage.<br \/>\nBild: Stadtentw\u00e4sserung Braunschweig GmbH (SE|BS) \/ Ritter<\/p>\n<p>&nbsp;<\/p>\n<hr \/>\n<p>&nbsp;<\/p>\n<p>Abdruck honorarfrei, Belegexemplar erbeten<\/p>\n","protected":false},"excerpt":{"rendered":"<p>Zum Tag der Artenvielfalt am 22. Mai besuchten rund 40 Jugendliche mit drei Lehrkr\u00e4ften der Hauptschule Eichendorffschule aus Sch\u00f6ningen das Kl\u00e4rwerk Steinhof und die Braunschweiger Rieselfelder.<\/p>\n","protected":false},"author":9,"featured_media":15808,"comment_status":"closed","ping_status":"open","sticky":false,"template":"","format":"standard","meta":{"footnotes":""},"categories":[1517],"tags":[1589,2460,2468,2470,1557,2462,2464,2456,2458,2452,2450,2454,454,1563,1601,2466,2093],"class_list":["post-15807","post","type-post","status-publish","format-standard","has-post-thumbnail","hentry","category-sebs","tag-abwasser","tag-abwasserverband-braunschweig","tag-artenvielfalt","tag-bio-diversitaet","tag-braunschweig","tag-eichendorffschule","tag-klaerwerk","tag-klassenausflug","tag-klassenfahrt","tag-rieselfelder","tag-schoeningen","tag-schulausflug","tag-schule","tag-se-bs","tag-stadtentwaesserung","tag-steinhof","tag-wasser"],"_links":{"self":[{"href":"https:\/\/www.pr-neu.de\/newsroom\/wp-json\/wp\/v2\/posts\/15807","targetHints":{"allow":["GET"]}}],"collection":[{"href":"https:\/\/www.pr-neu.de\/newsroom\/wp-json\/wp\/v2\/posts"}],"about":[{"href":"https:\/\/www.pr-neu.de\/newsroom\/wp-json\/wp\/v2\/types\/post"}],"author":[{"embeddable":true,"href":"https:\/\/www.pr-neu.de\/newsroom\/wp-json\/wp\/v2\/users\/9"}],"replies":[{"embeddable":true,"href":"https:\/\/www.pr-neu.de\/newsroom\/wp-json\/wp\/v2\/comments?post=15807"}],"version-history":[{"count":1,"href":"https:\/\/www.pr-neu.de\/newsroom\/wp-json\/wp\/v2\/posts\/15807\/revisions"}],"predecessor-version":[{"id":15809,"href":"https:\/\/www.pr-neu.de\/newsroom\/wp-json\/wp\/v2\/posts\/15807\/revisions\/15809"}],"wp:featuredmedia":[{"embeddable":true,"href":"https:\/\/www.pr-neu.de\/newsroom\/wp-json\/wp\/v2\/media\/15808"}],"wp:attachment":[{"href":"https:\/\/www.pr-neu.de\/newsroom\/wp-json\/wp\/v2\/media?parent=15807"}],"wp:term":[{"taxonomy":"category","embeddable":true,"href":"https:\/\/www.pr-neu.de\/newsroom\/wp-json\/wp\/v2\/categories?post=15807"},{"taxonomy":"post_tag","embeddable":true,"href":"https:\/\/www.pr-neu.de\/newsroom\/wp-json\/wp\/v2\/tags?post=15807"}],"curies":[{"name":"wp","href":"https:\/\/api.w.org\/{rel}","templated":true}]}}