{"id":15804,"date":"2023-05-17T10:33:02","date_gmt":"2023-05-17T08:33:02","guid":{"rendered":"https:\/\/www.pr-neu.de\/newsroom\/?p=15804"},"modified":"2023-05-17T10:33:21","modified_gmt":"2023-05-17T08:33:21","slug":"teckentrup-unterstuetzt-fach-partner-im-marketing","status":"publish","type":"post","link":"https:\/\/www.pr-neu.de\/newsroom\/teckentrup-unterstuetzt-fach-partner-im-marketing\/","title":{"rendered":"Teckentrup unterst\u00fctzt Fach-Partner im Marketing"},"content":{"rendered":"<p><u>CarTeck-Garagentor-Aktion 2023<\/u><\/p>\n<p><strong>Im Juni startet die \u201eCarTeck Garagentor-Aktion 2023\u201c: Teckentrup bietet Metallbauern und Bauelemente-Fachh\u00e4ndlern umfangreiche, ma\u00dfgeschneiderte Marketing-Pakete f\u00fcr den Kundendialog mit Hauseigent\u00fcmern. Online-Produkt-Konfigurator, Info- und Produkt-Flyer, Anzeigenvorlagen, Media-Schaltungen in Bauherren-Magazinen und Leadgenerierung \u00fcber Google Ads sorgen f\u00fcr eine erh\u00f6hte Nachfrage. Mit aktuellen Trendfarben und dem breiten Zubeh\u00f6r bleiben auch keine Kundenw\u00fcnsche offen.<\/strong><\/p>\n<p>Die Grundidee: Garagennutzer erhalten ein Top-Angebot f\u00fcr ein CarTeck-Sektionaltor inklusive Antrieb, Handsender und einem weiteren frei w\u00e4hlbaren Extra \u2013 zweiter Handsender, Wandtaster oder Lichtschranke, je nach individuellem Wunsch. Optisch stehen viele Optionen offen, dieses Jahr erweitert die neue Trendfarbe \u201eTiefschwarz\u201c das Promotion-Angebot.<\/p>\n<p>F\u00fcr die weitere Ausstattung hat der Hersteller zus\u00e4tzliche Angebote zum Sonderpreis zusammengestellt: Das Aktionspaket \u201eDesign\u201c bietet besonders attraktive Oberfl\u00e4chen und Optiken, die Zusatzpakete werten die Ausstattung auf. Das Zusatzpaket \u201eSicherheit\u201c erh\u00f6ht den Einbruchschutz. Der Kunde bekommt ein RC2-zertifiziertes Tor inklusive Upgrade auf den Antrieb \u201eDrive 600\u201c. RC2 ist die von der Polizei empfohlene Einbruchschutz-Klasse. Im Zusatzpaket \u201eLicht\u201c sind die LED-L\u00f6sungen f\u00fcr eine optimale Ausleuchtung vor und in der Garage zusammengefasst. Die Innen- und Au\u00dfenbeleuchtung kann einzeln oder im Duo dazu gebucht werden. Das \u201eKomfort\u201c-Zusatzpaket umfasst einen zus\u00e4tzlichen Wandtaster, der per Code und ohne Stromanschluss bequemes \u00d6ffnen und Schlie\u00dfen des Tores erm\u00f6glicht. Mit dieser Angebotsbreite findet jede Baufamilie das f\u00fcr sie passende Tor zum Sonderpreis.<\/p>\n<p>Zur Promotion stellt Teckentrup seinen Partnern Werbemittel wie Roll-Ups, Poster, Flyer, Werbebanner oder Anzeigenvorlagen bereit. \u201eNeben Standard-Kommunikationsmitteln erhalten unsere Fach-Partner auf Wunsch auch individuell zugeschnittene Verkaufsunterst\u00fctzung von uns. So k\u00f6nnen sie auf Basis des attraktiven Preis-Leistungs-Verh\u00e4ltnisses unseres Promotion-Angebots und mit dem zus\u00e4tzlichen Zubeh\u00f6r eigene Aktionen ganz nach ihren W\u00fcnschen aufbauen\u201c, res\u00fcmiert Uwe G\u00f6tze, Leiter Marketing bei Teckentrup. Der Service reicht bis zu einem passenden Baustein f\u00fcr die eigene Website: Hier l\u00e4sst sich der \u201ePromotion-Konfigurator\u201c einbinden, \u00fcber den online Kundenanfragen direkt beim Verarbeiter beziehungsweise H\u00e4ndler entstehen.<\/p>\n<p>Mehr Infos: f\u00fcr registrierte User im Teckentrup-Profiportal.<\/p>\n<p>&nbsp;<\/p>\n<p>&#8212;&#8212;&#8212;&#8212;&#8212;&#8212;&#8212;&#8212;&#8212;&#8212;&#8212;&#8212;&#8212;&#8212;&#8212;&#8212;&#8212;&#8212;&#8212;&#8212;&#8212;&#8212;&#8212;<\/p>\n<p>&nbsp;<\/p>\n<p>K A S T E N<\/p>\n<p><strong>Das Tor zum Wald<\/strong><br \/>\nZur Aktion geh\u00f6rt ein Waldprojekt: Teckentrup pflanzt f\u00fcr jedes verkaufte Garagentor einen Baum. Als Partner ist die \u201eSchutzgemeinschaft Deutscher Wald\u201c dabei, die Aufforstungen finden im Teutoburger Wald und im Harz statt und entwickeln stabile Mischw\u00e4lder.<\/p>\n<p>&nbsp;<\/p>\n<p>&#8212;&#8212;&#8212;&#8212;&#8212;&#8212;&#8212;&#8212;&#8212;&#8212;&#8212;&#8212;&#8212;&#8212;&#8212;&#8212;&#8212;&#8212;&#8212;&#8212;&#8212;&#8212;&#8212;<\/p>\n<p>&nbsp;<\/p>\n<p style=\"text-align: center;\"><a href=\"http:\/\/www.pr-neu.de\/newsroom\/wordpress\/wp-content\/uploads\/2023\/04\/23_10_CarTeck_2023_G-scaled.jpg\" target=\"_blank\" rel=\"noopener\"><img loading=\"lazy\" decoding=\"async\" class=\"wp-image-15713 size-medium\" src=\"http:\/\/www.pr-neu.de\/newsroom\/wordpress\/wp-content\/uploads\/2023\/04\/23_10_CarTeck_2023_G-300x194.jpg\" alt=\"\" width=\"300\" height=\"194\" srcset=\"https:\/\/www.pr-neu.de\/newsroom\/wordpress\/wp-content\/uploads\/2023\/04\/23_10_CarTeck_2023_G-300x194.jpg 300w, https:\/\/www.pr-neu.de\/newsroom\/wordpress\/wp-content\/uploads\/2023\/04\/23_10_CarTeck_2023_G-1024x661.jpg 1024w, https:\/\/www.pr-neu.de\/newsroom\/wordpress\/wp-content\/uploads\/2023\/04\/23_10_CarTeck_2023_G-768x495.jpg 768w, https:\/\/www.pr-neu.de\/newsroom\/wordpress\/wp-content\/uploads\/2023\/04\/23_10_CarTeck_2023_G-1536x991.jpg 1536w, https:\/\/www.pr-neu.de\/newsroom\/wordpress\/wp-content\/uploads\/2023\/04\/23_10_CarTeck_2023_G-2048x1321.jpg 2048w, https:\/\/www.pr-neu.de\/newsroom\/wordpress\/wp-content\/uploads\/2023\/04\/23_10_CarTeck_2023_G-110x71.jpg 110w, https:\/\/www.pr-neu.de\/newsroom\/wordpress\/wp-content\/uploads\/2023\/04\/23_10_CarTeck_2023_G-420x271.jpg 420w, https:\/\/www.pr-neu.de\/newsroom\/wordpress\/wp-content\/uploads\/2023\/04\/23_10_CarTeck_2023_G-667x430.jpg 667w\" sizes=\"auto, (max-width: 300px) 100vw, 300px\" \/><\/a><\/p>\n<p style=\"text-align: center;\">Exklusive Trendfarben geh\u00f6ren in der aktuellen CarTeck-Aktion 2023 zur freien Wahl. Dunkle Grau- und Anthrazit-T\u00f6ne passen perfekt zu modernen Architektur-Konzepten.<br \/>\nBild: Adobe\/Teckentrup<\/p>\n<p>&nbsp;<\/p>\n<p>&#8212;&#8212;&#8212;&#8212;&#8212;&#8212;&#8212;&#8212;&#8212;&#8212;&#8212;&#8212;&#8212;&#8212;&#8212;&#8212;&#8212;&#8212;&#8212;&#8212;&#8212;&#8212;&#8212;<\/p>\n<p>&nbsp;<\/p>\n<p><strong>CarTeck-Aktion 2023<\/strong><\/p>\n<p><strong>Basispaket<\/strong><br \/>\n<em>CarTeck-Garagentor<\/em> GSW 40 mit Mittelsicke, Antrieb CarTeck Drive 500, 2-Kanal-Handsender sowie Zarge 2.0 f\u00fcr einfache Montage.<br \/>\n<strong>Ein frei w\u00e4hlbares Extra f\u00fcr Endkunden<\/strong>:<br \/>\nZweiter Handsender, Lichtschranke, Wandinnentaster, zweiten Baum pflanzen<\/p>\n<p><strong>UVP f\u00fcr Endkunden<\/strong>: ab 1.099 Euro<\/p>\n<p><strong>Designpaket<\/strong> mit Torblatt ohne Sicke und weiteren Farbt\u00f6nen<br \/>\n<strong>Sicherheitspaket<\/strong> mit RC2-Tor und Antrieb Drive 600<br \/>\n<strong>Lichtpaket<\/strong> mit LED-Beleuchtung f\u00fcr innen und au\u00dfen<br \/>\n<strong>Komfortpaket<\/strong> mit Wandtaster ENTRApin+<\/p>\n<p>Die <strong>Werbemittel<\/strong> (z.T. gegen Kostenbeteiligung):<br \/>\n\u2022 Roll-Ups, Plakate, Salesfolder, Zaunplanen<br \/>\n\u2022 Onlinebanner<br \/>\n\u2022 Content f\u00fcr Homepage inkl. Promotion-Konfigurator<br \/>\n\u2022 Individueller Aktionsflyer<br \/>\n\u2022 St\u00e4nder Paneel-Muster<\/p>\n<p><em>Weitere Ausstattungen \/ Sonderfarben \/ Sondergr\u00f6\u00dfen<\/em><br \/>\ngem\u00e4\u00df Aktion<br \/>\n<strong>Laufzeit<\/strong>: Bis 05\/2024<br \/>\n<strong>Kontakt<\/strong>: &#109;&#97;&#x72;k&#101;&#x74;&#x69;n&#103;&#x40;&#x74;e&#99;&#x6b;&#x65;n&#116;&#x72;&#x75;p&#46;&#x62;&#x69;z<br \/>\nMehr Info: www.teckentrup.biz\/carteck-garagentor-aktion<\/p>\n<p>&nbsp;<\/p>\n<p>&#8212;&#8212;&#8212;&#8212;&#8212;&#8212;&#8212;&#8212;&#8212;&#8212;&#8212;&#8212;&#8212;&#8212;&#8212;&#8212;&#8212;&#8212;&#8212;&#8212;&#8212;&#8212;&#8212;<\/p>\n<p>&nbsp;<\/p>\n<p><strong>Teckentrup: Door Solutions<\/strong><\/p>\n<p>Teckentrup z\u00e4hlt mit den Produktionswerken in Verl-S\u00fcrenheide (Hauptsitz, NRW) und Gro\u00dfz\u00f6beritz (Sachsen-Anhalt) zu den gr\u00f6\u00dften Herstellern von T\u00fcren und Toren in Europa. Insgesamt besch\u00e4ftigt das Unternehmen \u00fcber 850 Mitarbeiter, knapp 550 davon in Verl. Das in dritter Generation inhabergef\u00fchrte mittelst\u00e4ndische Familienunternehmen hat sich insbesondere den Werten Qualit\u00e4t, Design und Service verpflichtet. St\u00e4ndige Verbesserungen der Produkte und die Entwicklung neuer Technologien sind f\u00fcr Teckentrup selbstverst\u00e4ndlich. F\u00fcr die kontinuierliche Weiterentwicklung wurde im gesamten Unternehmen eine kundenzentrierte Ausrichtung (Customer Centricity) implementiert. So sorgt das Unternehmen daf\u00fcr, dass gemeinsam mit den Partnern stets die beste L\u00f6sung gefunden wird \u2013 hinsichtlich Design, Sicherheit und Service. Das Angebot umfasst Produktl\u00f6sungen aus den Bereichen HOME (Garagentore), PROFESSIONAL (Funktionst\u00fcren), INDUSTRIAL (Industrietore). Heute verbindet das 1932 gegr\u00fcndete Unternehmen Tradition mit Fortschritt und das stets \u201emade in Germany\u201c. Zahlreiche internationale Zertifizierungen sind die Basis f\u00fcr einen weltweit erfolgreichen Vertrieb der Produkte.<\/p>\n<p>&nbsp;<\/p>\n<p>&#8212;&#8212;&#8212;&#8212;&#8212;&#8212;&#8212;&#8212;&#8212;&#8212;&#8212;&#8212;&#8212;&#8212;&#8212;&#8212;&#8212;&#8212;&#8212;&#8212;&#8212;&#8212;&#8212;<\/p>\n<p>&nbsp;<\/p>\n<p>Abdruck honorarfrei, Belegexemplar erbeten<\/p>\n","protected":false},"excerpt":{"rendered":"<p>Im Juni startet die \u201eCarTeck Garagentor-Aktion 2023\u201c: Teckentrup bietet Metallbauern und Bauelemente-Fachh\u00e4ndlern umfangreiche, ma\u00dfgeschneiderte Marketing-Pakete f\u00fcr den Kundendialog mit Hauseigent\u00fcmern.<\/p>\n","protected":false},"author":9,"featured_media":15713,"comment_status":"closed","ping_status":"open","sticky":false,"template":"","format":"standard","meta":{"footnotes":""},"categories":[18],"tags":[102,217,218,219,1933,565,611],"class_list":["post-15804","post","type-post","status-publish","format-standard","has-post-thumbnail","hentry","category-teckentrup","tag-carteck","tag-garage","tag-garagentor","tag-garagentoraktion","tag-marketing","tag-teckentrup","tag-vertrieb"],"_links":{"self":[{"href":"https:\/\/www.pr-neu.de\/newsroom\/wp-json\/wp\/v2\/posts\/15804","targetHints":{"allow":["GET"]}}],"collection":[{"href":"https:\/\/www.pr-neu.de\/newsroom\/wp-json\/wp\/v2\/posts"}],"about":[{"href":"https:\/\/www.pr-neu.de\/newsroom\/wp-json\/wp\/v2\/types\/post"}],"author":[{"embeddable":true,"href":"https:\/\/www.pr-neu.de\/newsroom\/wp-json\/wp\/v2\/users\/9"}],"replies":[{"embeddable":true,"href":"https:\/\/www.pr-neu.de\/newsroom\/wp-json\/wp\/v2\/comments?post=15804"}],"version-history":[{"count":2,"href":"https:\/\/www.pr-neu.de\/newsroom\/wp-json\/wp\/v2\/posts\/15804\/revisions"}],"predecessor-version":[{"id":15806,"href":"https:\/\/www.pr-neu.de\/newsroom\/wp-json\/wp\/v2\/posts\/15804\/revisions\/15806"}],"wp:featuredmedia":[{"embeddable":true,"href":"https:\/\/www.pr-neu.de\/newsroom\/wp-json\/wp\/v2\/media\/15713"}],"wp:attachment":[{"href":"https:\/\/www.pr-neu.de\/newsroom\/wp-json\/wp\/v2\/media?parent=15804"}],"wp:term":[{"taxonomy":"category","embeddable":true,"href":"https:\/\/www.pr-neu.de\/newsroom\/wp-json\/wp\/v2\/categories?post=15804"},{"taxonomy":"post_tag","embeddable":true,"href":"https:\/\/www.pr-neu.de\/newsroom\/wp-json\/wp\/v2\/tags?post=15804"}],"curies":[{"name":"wp","href":"https:\/\/api.w.org\/{rel}","templated":true}]}}