{"id":15801,"date":"2023-05-17T10:03:45","date_gmt":"2023-05-17T08:03:45","guid":{"rendered":"https:\/\/www.pr-neu.de\/newsroom\/?p=15801"},"modified":"2023-05-17T10:03:45","modified_gmt":"2023-05-17T08:03:45","slug":"abschnitt-der-freyastrasse-wegen-kanalreparatur-zwei-wochen-gesperrt","status":"publish","type":"post","link":"https:\/\/www.pr-neu.de\/newsroom\/abschnitt-der-freyastrasse-wegen-kanalreparatur-zwei-wochen-gesperrt\/","title":{"rendered":"Abschnitt der Freyastra\u00dfe wegen Kanalreparatur zwei Wochen gesperrt"},"content":{"rendered":"<p><strong>Braunschweig, 17. Mai 2023<\/strong>. Aufgrund einer St\u00f6rung an einem Regenwasser-Hausanschluss in der Freyastra\u00dfe und der dadurch notwendigen kurzfristigen Sanierung wird der Teilabschnitt von Hausnummer 45 bis 52 ab dem 22. Mai voll gesperrt. In der Bauphase wird die Einbahnstra\u00dfenregelung aufgehoben. So bleiben alle Geb\u00e4ude bis Hausnummer 52 vom Bienroder Weg erreichbar, von der Siegmundstra\u00dfe lassen sich die Geb\u00e4ude bis Hausnummer 45 erreichen \u2013 auch der Kindergarten. Eine Wendem\u00f6glichkeit f\u00fcr LKW besteht in dieser Zeit auf keiner Seite. Der Fu\u00dfg\u00e4nger- und Radverkehr wird an der Baustelle vorbei geleitet.<\/p>\n<p>Die Bauarbeiten dauern voraussichtlich bis zum 2. Juni. Die Stadtentw\u00e4sserung Braunschweig GmbH bittet um Verst\u00e4ndnis<\/p>\n","protected":false},"excerpt":{"rendered":"<p>Aufgrund einer St\u00f6rung an einem Regenwasser-Hausanschluss in der Freyastra\u00dfe wird der Teilabschnitt von Hausnummer 45 bis 52 ab dem 22. Mai voll gesperrt.<\/p>\n","protected":false},"author":9,"featured_media":8697,"comment_status":"closed","ping_status":"open","sticky":false,"template":"","format":"standard","meta":{"footnotes":""},"categories":[1517],"tags":[1559,1557,1673,2448,1595,439,1563,1601],"class_list":["post-15801","post","type-post","status-publish","format-standard","has-post-thumbnail","hentry","category-sebs","tag-baustelle","tag-braunschweig","tag-entwaesserung","tag-freyastrasse","tag-kanalisation","tag-sanierung","tag-se-bs","tag-stadtentwaesserung"],"_links":{"self":[{"href":"https:\/\/www.pr-neu.de\/newsroom\/wp-json\/wp\/v2\/posts\/15801","targetHints":{"allow":["GET"]}}],"collection":[{"href":"https:\/\/www.pr-neu.de\/newsroom\/wp-json\/wp\/v2\/posts"}],"about":[{"href":"https:\/\/www.pr-neu.de\/newsroom\/wp-json\/wp\/v2\/types\/post"}],"author":[{"embeddable":true,"href":"https:\/\/www.pr-neu.de\/newsroom\/wp-json\/wp\/v2\/users\/9"}],"replies":[{"embeddable":true,"href":"https:\/\/www.pr-neu.de\/newsroom\/wp-json\/wp\/v2\/comments?post=15801"}],"version-history":[{"count":1,"href":"https:\/\/www.pr-neu.de\/newsroom\/wp-json\/wp\/v2\/posts\/15801\/revisions"}],"predecessor-version":[{"id":15802,"href":"https:\/\/www.pr-neu.de\/newsroom\/wp-json\/wp\/v2\/posts\/15801\/revisions\/15802"}],"wp:featuredmedia":[{"embeddable":true,"href":"https:\/\/www.pr-neu.de\/newsroom\/wp-json\/wp\/v2\/media\/8697"}],"wp:attachment":[{"href":"https:\/\/www.pr-neu.de\/newsroom\/wp-json\/wp\/v2\/media?parent=15801"}],"wp:term":[{"taxonomy":"category","embeddable":true,"href":"https:\/\/www.pr-neu.de\/newsroom\/wp-json\/wp\/v2\/categories?post=15801"},{"taxonomy":"post_tag","embeddable":true,"href":"https:\/\/www.pr-neu.de\/newsroom\/wp-json\/wp\/v2\/tags?post=15801"}],"curies":[{"name":"wp","href":"https:\/\/api.w.org\/{rel}","templated":true}]}}