{"id":15789,"date":"2023-05-16T10:19:52","date_gmt":"2023-05-16T08:19:52","guid":{"rendered":"https:\/\/www.pr-neu.de\/newsroom\/?p=15789"},"modified":"2023-05-16T10:20:27","modified_gmt":"2023-05-16T08:20:27","slug":"suedwest-erhaelt-qm-zertifikat","status":"publish","type":"post","link":"https:\/\/www.pr-neu.de\/newsroom\/suedwest-erhaelt-qm-zertifikat\/","title":{"rendered":"S\u00fcdwest erh\u00e4lt QM-Zertifikat"},"content":{"rendered":"<p><u>Qualit\u00e4tsmanagement nach DIN 9001 \/ ISO 14001<\/u><\/p>\n<p>Exzellente Prozesse: Der Farben- und Lackhersteller S\u00fcdwest (B\u00f6hl-Iggelheim) erhielt jetzt das Qualit\u00e4ts-Management-Zertifikat nach DIN 9001 \/ ISO 14001 von der DQS. Dazu analysierte die auf Managementsysteme spezialisierten Auditoren im Rahmen der Zertifizierung der Sto Group alle Prozesse bei S\u00fcdwest. Das Zertifikat umfasst Entwicklung, Herstellung und Vertrieb von Lacken, Farben, Spachtelmassen, Holzschutz (Bautenanstrichmitteln) und Baustoffen \u2013 also das Portfolio des Unternehmens. \u201eDas Ergebnis zeigt, was unsere Belegschaft leistet: Unsere Arbeitsprozesse sind optimal organisiert, so dass wir stets optimale Produkte erzeugen und liefern\u201c, freut sich S\u00fcdwest Gesch\u00e4ftsf\u00fchrer Hans-Joerg von Rhade, \u201ees ist ein Erfolg aller S\u00fcdwestler\u201c.<\/p>\n<p>&nbsp;<\/p>\n<hr \/>\n<p>&nbsp;<\/p>\n<p><a href=\"http:\/\/www.pr-neu.de\/newsroom\/wordpress\/wp-content\/uploads\/2023\/05\/23-12_01_DQS-Siegel_K.jpg\" target=\"_blank\" rel=\"noopener\"><img loading=\"lazy\" decoding=\"async\" class=\"wp-image-15796 size-medium aligncenter\" src=\"http:\/\/www.pr-neu.de\/newsroom\/wordpress\/wp-content\/uploads\/2023\/05\/23-12_01_DQS-Siegel_K-300x253.jpg\" alt=\"\" width=\"300\" height=\"253\" srcset=\"https:\/\/www.pr-neu.de\/newsroom\/wordpress\/wp-content\/uploads\/2023\/05\/23-12_01_DQS-Siegel_K-300x253.jpg 300w, https:\/\/www.pr-neu.de\/newsroom\/wordpress\/wp-content\/uploads\/2023\/05\/23-12_01_DQS-Siegel_K-1024x862.jpg 1024w, https:\/\/www.pr-neu.de\/newsroom\/wordpress\/wp-content\/uploads\/2023\/05\/23-12_01_DQS-Siegel_K-768x647.jpg 768w, https:\/\/www.pr-neu.de\/newsroom\/wordpress\/wp-content\/uploads\/2023\/05\/23-12_01_DQS-Siegel_K-1536x1293.jpg 1536w, https:\/\/www.pr-neu.de\/newsroom\/wordpress\/wp-content\/uploads\/2023\/05\/23-12_01_DQS-Siegel_K-2048x1725.jpg 2048w, https:\/\/www.pr-neu.de\/newsroom\/wordpress\/wp-content\/uploads\/2023\/05\/23-12_01_DQS-Siegel_K-110x93.jpg 110w, https:\/\/www.pr-neu.de\/newsroom\/wordpress\/wp-content\/uploads\/2023\/05\/23-12_01_DQS-Siegel_K-420x354.jpg 420w, https:\/\/www.pr-neu.de\/newsroom\/wordpress\/wp-content\/uploads\/2023\/05\/23-12_01_DQS-Siegel_K-511x430.jpg 511w\" sizes=\"auto, (max-width: 300px) 100vw, 300px\" \/><\/a><\/p>\n<p style=\"text-align: center;\">Qualit\u00e4ts-Management-Siegel f\u00fcr S\u00fcdwest nach DIN 9001 \/ ISO 14001 von DQS.<br \/>\nSiegel: DQS GmbH<\/p>\n<p>&nbsp;<\/p>\n<p style=\"text-align: center;\"><a href=\"http:\/\/www.pr-neu.de\/newsroom\/wordpress\/wp-content\/uploads\/2023\/05\/23-12_04_Rhade_K-1.jpg\" target=\"_blank\" rel=\"noopener\"><img loading=\"lazy\" decoding=\"async\" class=\"wp-image-15797 size-medium\" src=\"http:\/\/www.pr-neu.de\/newsroom\/wordpress\/wp-content\/uploads\/2023\/05\/23-12_04_Rhade_K-1-300x200.jpg\" alt=\"\" width=\"300\" height=\"200\" srcset=\"https:\/\/www.pr-neu.de\/newsroom\/wordpress\/wp-content\/uploads\/2023\/05\/23-12_04_Rhade_K-1-300x200.jpg 300w, https:\/\/www.pr-neu.de\/newsroom\/wordpress\/wp-content\/uploads\/2023\/05\/23-12_04_Rhade_K-1-1024x683.jpg 1024w, https:\/\/www.pr-neu.de\/newsroom\/wordpress\/wp-content\/uploads\/2023\/05\/23-12_04_Rhade_K-1-768x512.jpg 768w, https:\/\/www.pr-neu.de\/newsroom\/wordpress\/wp-content\/uploads\/2023\/05\/23-12_04_Rhade_K-1-1536x1024.jpg 1536w, https:\/\/www.pr-neu.de\/newsroom\/wordpress\/wp-content\/uploads\/2023\/05\/23-12_04_Rhade_K-1-2048x1365.jpg 2048w, https:\/\/www.pr-neu.de\/newsroom\/wordpress\/wp-content\/uploads\/2023\/05\/23-12_04_Rhade_K-1-110x73.jpg 110w, https:\/\/www.pr-neu.de\/newsroom\/wordpress\/wp-content\/uploads\/2023\/05\/23-12_04_Rhade_K-1-420x280.jpg 420w, https:\/\/www.pr-neu.de\/newsroom\/wordpress\/wp-content\/uploads\/2023\/05\/23-12_04_Rhade_K-1-645x430.jpg 645w\" sizes=\"auto, (max-width: 300px) 100vw, 300px\" \/><\/a><\/p>\n<p style=\"text-align: center;\">\u201eEin Erfolg aller S\u00fcdwestler\u201c freut sich S\u00fcdwest-Gesch\u00e4ftsf\u00fchrer Hans-J\u00f6rg von Rhade \u00fcber den Beleg f\u00fcr die optimal organisierten Arbeitsprozesse im Unternehmen.<br \/>\nBild: S\u00fcdwest Lacke + Farben GmbH &amp; Co. KG<\/p>\n<p>&nbsp;<\/p>\n<hr \/>\n<p>&nbsp;<\/p>\n<p>Abdruck honorarfrei, Belegexemplar erbeten<\/p>\n","protected":false},"excerpt":{"rendered":"<p>Qualit\u00e4tsmanagement nach DIN 9001 \/ ISO 14001 Exzellente Prozesse: Der Farben- und Lackhersteller S\u00fcdwest (B\u00f6hl-Iggelheim) erhielt jetzt das Qualit\u00e4ts-Management-Zertifikat nach DIN 9001 \/ ISO 14001 von der DQS. Dazu analysierte die auf Managementsysteme spezialisierten Auditoren im Rahmen der Zertifizierung der Sto Group alle Prozesse bei S\u00fcdwest. Das Zertifikat umfasst Entwicklung, Herstellung und Vertrieb von Lacken, [&hellip;]<\/p>\n","protected":false},"author":9,"featured_media":15790,"comment_status":"closed","ping_status":"open","sticky":false,"template":"","format":"standard","meta":{"footnotes":""},"categories":[17],"tags":[],"class_list":["post-15789","post","type-post","status-publish","format-standard","has-post-thumbnail","hentry","category-sudwest"],"_links":{"self":[{"href":"https:\/\/www.pr-neu.de\/newsroom\/wp-json\/wp\/v2\/posts\/15789","targetHints":{"allow":["GET"]}}],"collection":[{"href":"https:\/\/www.pr-neu.de\/newsroom\/wp-json\/wp\/v2\/posts"}],"about":[{"href":"https:\/\/www.pr-neu.de\/newsroom\/wp-json\/wp\/v2\/types\/post"}],"author":[{"embeddable":true,"href":"https:\/\/www.pr-neu.de\/newsroom\/wp-json\/wp\/v2\/users\/9"}],"replies":[{"embeddable":true,"href":"https:\/\/www.pr-neu.de\/newsroom\/wp-json\/wp\/v2\/comments?post=15789"}],"version-history":[{"count":6,"href":"https:\/\/www.pr-neu.de\/newsroom\/wp-json\/wp\/v2\/posts\/15789\/revisions"}],"predecessor-version":[{"id":15800,"href":"https:\/\/www.pr-neu.de\/newsroom\/wp-json\/wp\/v2\/posts\/15789\/revisions\/15800"}],"wp:featuredmedia":[{"embeddable":true,"href":"https:\/\/www.pr-neu.de\/newsroom\/wp-json\/wp\/v2\/media\/15790"}],"wp:attachment":[{"href":"https:\/\/www.pr-neu.de\/newsroom\/wp-json\/wp\/v2\/media?parent=15789"}],"wp:term":[{"taxonomy":"category","embeddable":true,"href":"https:\/\/www.pr-neu.de\/newsroom\/wp-json\/wp\/v2\/categories?post=15789"},{"taxonomy":"post_tag","embeddable":true,"href":"https:\/\/www.pr-neu.de\/newsroom\/wp-json\/wp\/v2\/tags?post=15789"}],"curies":[{"name":"wp","href":"https:\/\/api.w.org\/{rel}","templated":true}]}}