{"id":15768,"date":"2023-05-12T11:34:57","date_gmt":"2023-05-12T09:34:57","guid":{"rendered":"https:\/\/www.pr-neu.de\/newsroom\/?p=15768"},"modified":"2023-05-12T11:34:57","modified_gmt":"2023-05-12T09:34:57","slug":"mit-instagram-zu-mehr-auftraegen-2","status":"publish","type":"post","link":"https:\/\/www.pr-neu.de\/newsroom\/mit-instagram-zu-mehr-auftraegen-2\/","title":{"rendered":"Mit Instagram zu (mehr) Auftr\u00e4gen"},"content":{"rendered":"<p><u>Sonne-am-Haus.de: Social-Media-Seminare f\u00fcr Metallverarbeiter<\/u><\/p>\n<p><strong>Das Fachpartnerprogramm \u201eSonne am Haus\u201c f\u00fcr Wintergarten-Profis bietet seinen Mitgliedsbetrieben jetzt Social-Media-Seminare an. Hier lernen Metallverarbeiter, Instagram als Marketingwerkzeug zur Auftragsgewinnung zu nutzen.<\/strong><\/p>\n<p>Das Fachpartnerprogramm \u201eSonne am Haus\u201c unterst\u00fctzt Sommer- und Wintergartenbauer im Vertrieb an Endkunden und im Marketing. Jetzt kommen neu Social-Media-Seminare hinzu. Hier lernen Metallverarbeiter, Bauelemente-H\u00e4ndler, Wintergarten- und Sommergarten-Profis den Umgang mit Instagram als Marketingwerkzeug, um Auftr\u00e4ge und Mitarbeiter zu gewinnen. Das Format des Fachpartnerprogramms von TS-Aluminium ist das erste seiner Art, welches direkt auf die Bed\u00fcrfnisse und Gegebenheiten der Fachbetriebe zugeschnitten ist. Gef\u00fchrt werden die Seminare von Anna S\u00e4nger. Sie ist Instagram- und Social-Media-Expertin f\u00fcr das Handwerk und die Metallbranche. Die Teilnehmenden erfahren von ihr, wie sie eine loyale und umsatzstarke Followerschaft aufbauen und Instagram mit wenig Zeitaufwand m\u00f6glichst gewinnbringend und effizient nutzen. Neben theoretischem Input werten die Teilnehmenden in den Praxis-Phasen gemeinsam mit den Experten unter anderem ihre Profile auf und k\u00f6nnen Gelerntes direkt anwenden. Mit ausgebuchten Terminen in Gro\u00dfefehn, Burgst\u00e4dt, M\u00fcnchen, Wien und K\u00f6ln startete das Format sehr erfolgreich. Weitere exklusive Seminare f\u00fcr Betriebe des Fachpartnerprogramms \u201eSonne am Haus\u201c sind in Planung.<\/p>\n<p>Neben den Seminaren unterst\u00fctzt das Fachpartnerprogramm die Mitgliedsbetriebe auch mit Vorlagen f\u00fcr Social-Media-Beitr\u00e4ge und individuell angepassten Katalogen. \u00dcber das Online-Portal Sonne-am-Haus.de k\u00f6nnen private Hauseigent\u00fcmer Sommerg\u00e4rten, Winterg\u00e4rten und das neue Lamellendach von TS-Aluminium ganz nach ihren Vorstellungen gestalten. Der 3D-Konfigurator ber\u00fccksichtigt Details wie exakte Abmessungen, Dachform, Einbauelemente und Beschattungsoptionen. Nach der Konfiguration vermittelt das Online-Portal die Nutzer dann schnell und unkompliziert an die Profis aus dem Metallbau in der N\u00e4he und sorgt so unkompliziert f\u00fcr neue Auftr\u00e4ge.<\/p>\n<p>&nbsp;<\/p>\n<hr \/>\n<p>&nbsp;<\/p>\n<figure id=\"attachment_15769\" aria-describedby=\"caption-attachment-15769\" style=\"width: 300px\" class=\"wp-caption aligncenter\"><a href=\"http:\/\/www.pr-neu.de\/newsroom\/wordpress\/wp-content\/uploads\/2023\/05\/23-07_Sonne-Am-Haus_Seminar_G-scaled.jpg\" target=\"_blank\" rel=\"noopener\"><img loading=\"lazy\" decoding=\"async\" class=\"wp-image-15769 size-medium\" src=\"http:\/\/www.pr-neu.de\/newsroom\/wordpress\/wp-content\/uploads\/2023\/05\/23-07_Sonne-Am-Haus_Seminar_G-300x240.jpg\" alt=\"\" width=\"300\" height=\"240\" srcset=\"https:\/\/www.pr-neu.de\/newsroom\/wordpress\/wp-content\/uploads\/2023\/05\/23-07_Sonne-Am-Haus_Seminar_G-300x240.jpg 300w, https:\/\/www.pr-neu.de\/newsroom\/wordpress\/wp-content\/uploads\/2023\/05\/23-07_Sonne-Am-Haus_Seminar_G-1024x819.jpg 1024w, https:\/\/www.pr-neu.de\/newsroom\/wordpress\/wp-content\/uploads\/2023\/05\/23-07_Sonne-Am-Haus_Seminar_G-768x614.jpg 768w, https:\/\/www.pr-neu.de\/newsroom\/wordpress\/wp-content\/uploads\/2023\/05\/23-07_Sonne-Am-Haus_Seminar_G-1536x1229.jpg 1536w, https:\/\/www.pr-neu.de\/newsroom\/wordpress\/wp-content\/uploads\/2023\/05\/23-07_Sonne-Am-Haus_Seminar_G-2048x1638.jpg 2048w, https:\/\/www.pr-neu.de\/newsroom\/wordpress\/wp-content\/uploads\/2023\/05\/23-07_Sonne-Am-Haus_Seminar_G-110x88.jpg 110w, https:\/\/www.pr-neu.de\/newsroom\/wordpress\/wp-content\/uploads\/2023\/05\/23-07_Sonne-Am-Haus_Seminar_G-420x336.jpg 420w, https:\/\/www.pr-neu.de\/newsroom\/wordpress\/wp-content\/uploads\/2023\/05\/23-07_Sonne-Am-Haus_Seminar_G-538x430.jpg 538w\" sizes=\"auto, (max-width: 300px) 100vw, 300px\" \/><\/a><figcaption id=\"caption-attachment-15769\" class=\"wp-caption-text\">\u00a0<\/figcaption><\/figure>\n<p style=\"text-align: center;\">Bei den neuen Social-Media-Seminaren des Fachpartnerprogramms \u201eSonne am Haus\u201c lernen Metallverarbeiter, Bauelemente-H\u00e4ndler, Wintergarten- und Sommergarten-Profis den Umgang mit Instagram als Marketingwerkzeug.<\/p>\n<p style=\"text-align: center;\">Bild: TS-Aluminium-Profilsysteme GmbH &amp; Co. KG<\/p>\n<p>&nbsp;<\/p>\n<hr \/>\n<p>&nbsp;<\/p>\n<p>Abdruck honorarfrei, Belegexemplar erbeten<\/p>\n","protected":false},"excerpt":{"rendered":"<p>Das Fachpartnerprogramm \u201eSonne am Haus\u201c f\u00fcr Wintergarten-Profis bietet seinen Mitgliedsbetrieben jetzt Social-Media-Seminare an. Hier lernen Metallverarbeiter, Instagram als Marketingwerkzeug zur Auftragsgewinnung zu nutzen.<\/p>\n","protected":false},"author":10,"featured_media":15769,"comment_status":"closed","ping_status":"open","sticky":false,"template":"","format":"standard","meta":{"footnotes":""},"categories":[1761],"tags":[2328,461,475,1893,2129,2055,1793,635],"class_list":["post-15768","post","type-post","status-publish","format-standard","has-post-thumbnail","hentry","category-ts-aluminium","tag-instagram","tag-seminar","tag-social-media","tag-sommergarten","tag-sonne-am-haus","tag-terrasse","tag-ts-aluminium","tag-wintergarten"],"_links":{"self":[{"href":"https:\/\/www.pr-neu.de\/newsroom\/wp-json\/wp\/v2\/posts\/15768","targetHints":{"allow":["GET"]}}],"collection":[{"href":"https:\/\/www.pr-neu.de\/newsroom\/wp-json\/wp\/v2\/posts"}],"about":[{"href":"https:\/\/www.pr-neu.de\/newsroom\/wp-json\/wp\/v2\/types\/post"}],"author":[{"embeddable":true,"href":"https:\/\/www.pr-neu.de\/newsroom\/wp-json\/wp\/v2\/users\/10"}],"replies":[{"embeddable":true,"href":"https:\/\/www.pr-neu.de\/newsroom\/wp-json\/wp\/v2\/comments?post=15768"}],"version-history":[{"count":1,"href":"https:\/\/www.pr-neu.de\/newsroom\/wp-json\/wp\/v2\/posts\/15768\/revisions"}],"predecessor-version":[{"id":15770,"href":"https:\/\/www.pr-neu.de\/newsroom\/wp-json\/wp\/v2\/posts\/15768\/revisions\/15770"}],"wp:featuredmedia":[{"embeddable":true,"href":"https:\/\/www.pr-neu.de\/newsroom\/wp-json\/wp\/v2\/media\/15769"}],"wp:attachment":[{"href":"https:\/\/www.pr-neu.de\/newsroom\/wp-json\/wp\/v2\/media?parent=15768"}],"wp:term":[{"taxonomy":"category","embeddable":true,"href":"https:\/\/www.pr-neu.de\/newsroom\/wp-json\/wp\/v2\/categories?post=15768"},{"taxonomy":"post_tag","embeddable":true,"href":"https:\/\/www.pr-neu.de\/newsroom\/wp-json\/wp\/v2\/tags?post=15768"}],"curies":[{"name":"wp","href":"https:\/\/api.w.org\/{rel}","templated":true}]}}