{"id":15764,"date":"2023-05-09T08:00:19","date_gmt":"2023-05-09T06:00:19","guid":{"rendered":"https:\/\/www.pr-neu.de\/newsroom\/?p=15764"},"modified":"2024-12-02T10:13:50","modified_gmt":"2024-12-02T09:13:50","slug":"sei-schlau-nimm-grau","status":"publish","type":"post","link":"https:\/\/www.pr-neu.de\/newsroom\/sei-schlau-nimm-grau\/","title":{"rendered":"Sei schlau, nimm grau"},"content":{"rendered":"<p><u>S\u00fcdwest<\/u><\/p>\n<p>Ein Eimer aus recyceltem Kunststoff verbraucht deutlich weniger Ressourcen, ist also umweltfreundlicher als konventionelle Gebinde. Deshalb stellt S\u00fcdwest jetzt einige seiner Produkte auf diese nachhaltige Verpackung um. Die Eimer bestehen zu 70 Prozent aus Recycling-Kunststoff und sind einfach am grauen Rand und der grauen Innenseite zu erkennen. Ansonsten bleibt der Eimer im \u201eS\u00fcdwest-Blau\u201c. Die Qualit\u00e4t entspricht der von herk\u00f6mmlichen Eimern: Stabil und dicht sch\u00fctzen sie die Baustoffe beim Transport und auch nach dem \u00d6ffnen. Seit Anfang April sind die besonders \u00f6kologischen Beschichtungen des Bio-Innenraumprogramms in den neuen Eimern bereits auf den Baustellen. \u201eF\u00fcr das Ziel des CO2-neutralen Bauens sind viele Ma\u00dfnahmen notwendig. Wir freuen uns, hier einen sp\u00fcrbaren Schritt zu setzen\u201c, betont S\u00fcdwest-Gesch\u00e4ftsf\u00fchrer Hans-J\u00f6rg von Rhade.<\/p>\n<p>&nbsp;<\/p>\n<hr \/>\n<p>&nbsp;<\/p>\n<p>&nbsp;<\/p>\n<p><a href=\"http:\/\/www.pr-neu.de\/newsroom\/wordpress\/wp-content\/uploads\/2023\/05\/23-11_Recyclingeimer_G-scaled.jpg\" target=\"_blank\" rel=\"noopener\"><img loading=\"lazy\" decoding=\"async\" class=\"wp-image-15765 size-medium aligncenter\" src=\"http:\/\/www.pr-neu.de\/newsroom\/wordpress\/wp-content\/uploads\/2023\/05\/23-11_Recyclingeimer_G-300x300.jpg\" alt=\"\" width=\"300\" height=\"300\" srcset=\"https:\/\/www.pr-neu.de\/newsroom\/wordpress\/wp-content\/uploads\/2023\/05\/23-11_Recyclingeimer_G-300x300.jpg 300w, https:\/\/www.pr-neu.de\/newsroom\/wordpress\/wp-content\/uploads\/2023\/05\/23-11_Recyclingeimer_G-1024x1024.jpg 1024w, https:\/\/www.pr-neu.de\/newsroom\/wordpress\/wp-content\/uploads\/2023\/05\/23-11_Recyclingeimer_G-150x150.jpg 150w, https:\/\/www.pr-neu.de\/newsroom\/wordpress\/wp-content\/uploads\/2023\/05\/23-11_Recyclingeimer_G-768x768.jpg 768w, https:\/\/www.pr-neu.de\/newsroom\/wordpress\/wp-content\/uploads\/2023\/05\/23-11_Recyclingeimer_G-1536x1536.jpg 1536w, https:\/\/www.pr-neu.de\/newsroom\/wordpress\/wp-content\/uploads\/2023\/05\/23-11_Recyclingeimer_G-2048x2048.jpg 2048w, https:\/\/www.pr-neu.de\/newsroom\/wordpress\/wp-content\/uploads\/2023\/05\/23-11_Recyclingeimer_G-250x250.jpg 250w, https:\/\/www.pr-neu.de\/newsroom\/wordpress\/wp-content\/uploads\/2023\/05\/23-11_Recyclingeimer_G-125x125.jpg 125w, https:\/\/www.pr-neu.de\/newsroom\/wordpress\/wp-content\/uploads\/2023\/05\/23-11_Recyclingeimer_G-110x110.jpg 110w, https:\/\/www.pr-neu.de\/newsroom\/wordpress\/wp-content\/uploads\/2023\/05\/23-11_Recyclingeimer_G-420x420.jpg 420w, https:\/\/www.pr-neu.de\/newsroom\/wordpress\/wp-content\/uploads\/2023\/05\/23-11_Recyclingeimer_G-430x430.jpg 430w\" sizes=\"auto, (max-width: 300px) 100vw, 300px\" \/><\/a><\/p>\n<p style=\"text-align: center;\">Das neue Gebinde mit grauem Rand besteht zu 70 Prozent aus recyceltem Kunststoff.<br \/>\nBild: S\u00fcdwest<\/p>\n<p>&nbsp;<\/p>\n<hr \/>\n<p>&nbsp;<\/p>\n<p>Abdruck honorarfrei, Belegexemplar erbeten<\/p>\n","protected":false},"excerpt":{"rendered":"<p>S\u00fcdwest stellt jetzt einige seiner Produkte auf diese nachhaltige Verpackung um.<\/p>\n","protected":false},"author":9,"featured_media":15765,"comment_status":"closed","ping_status":"open","sticky":false,"template":"","format":"standard","meta":{"footnotes":""},"categories":[17],"tags":[2438,180,330,367,1579,554,602],"class_list":["post-15764","post","type-post","status-publish","format-standard","has-post-thumbnail","hentry","category-sudwest","tag-eimer","tag-farbe","tag-lack","tag-nachhaltigkeit","tag-recycling","tag-sudwest","tag-umweltschutz"],"_links":{"self":[{"href":"https:\/\/www.pr-neu.de\/newsroom\/wp-json\/wp\/v2\/posts\/15764","targetHints":{"allow":["GET"]}}],"collection":[{"href":"https:\/\/www.pr-neu.de\/newsroom\/wp-json\/wp\/v2\/posts"}],"about":[{"href":"https:\/\/www.pr-neu.de\/newsroom\/wp-json\/wp\/v2\/types\/post"}],"author":[{"embeddable":true,"href":"https:\/\/www.pr-neu.de\/newsroom\/wp-json\/wp\/v2\/users\/9"}],"replies":[{"embeddable":true,"href":"https:\/\/www.pr-neu.de\/newsroom\/wp-json\/wp\/v2\/comments?post=15764"}],"version-history":[{"count":2,"href":"https:\/\/www.pr-neu.de\/newsroom\/wp-json\/wp\/v2\/posts\/15764\/revisions"}],"predecessor-version":[{"id":17311,"href":"https:\/\/www.pr-neu.de\/newsroom\/wp-json\/wp\/v2\/posts\/15764\/revisions\/17311"}],"wp:featuredmedia":[{"embeddable":true,"href":"https:\/\/www.pr-neu.de\/newsroom\/wp-json\/wp\/v2\/media\/15765"}],"wp:attachment":[{"href":"https:\/\/www.pr-neu.de\/newsroom\/wp-json\/wp\/v2\/media?parent=15764"}],"wp:term":[{"taxonomy":"category","embeddable":true,"href":"https:\/\/www.pr-neu.de\/newsroom\/wp-json\/wp\/v2\/categories?post=15764"},{"taxonomy":"post_tag","embeddable":true,"href":"https:\/\/www.pr-neu.de\/newsroom\/wp-json\/wp\/v2\/tags?post=15764"}],"curies":[{"name":"wp","href":"https:\/\/api.w.org\/{rel}","templated":true}]}}