{"id":15751,"date":"2023-04-27T14:42:36","date_gmt":"2023-04-27T12:42:36","guid":{"rendered":"https:\/\/www.pr-neu.de\/newsroom\/?p=15751"},"modified":"2023-04-27T14:42:47","modified_gmt":"2023-04-27T12:42:47","slug":"christian-bach-unterstuetzt-den-aussendienst-von-ts-aluminium","status":"publish","type":"post","link":"https:\/\/www.pr-neu.de\/newsroom\/christian-bach-unterstuetzt-den-aussendienst-von-ts-aluminium\/","title":{"rendered":"Christian Bach unterst\u00fctzt den Au\u00dfendienst von TS-Aluminium"},"content":{"rendered":"<p><u>TS-Aluminium: Au\u00dfendienst in Bayern erg\u00e4nzt<\/u><\/p>\n<p>Christian Bach (46) ist neuer Au\u00dfendienstmitarbeiter bei TS-Aluminium. Der gelernte Metallbaumeister ist mit den Systemen von TS-Aluminium bereits seit \u00fcber 10 Jahren vertraut. In der Arbeitsvorbereitung, beim Zuschnitt und bei der Montage hat er bereits intensiv mit den Produkten des f\u00fchrenden Anbieters von hochwertigen Aluminium-Profilsystemen gearbeitet. Seine Kenntnisse setzt er ab sofort in der Kundenberatung ein \u2013 unter anderem rund um N\u00fcrnberg, Aurach, Bayreuth, Bamberg, Ilmenau und Erfurt (PLZ Gebiete 90-92 und 95-99).<\/p>\n<p>TS-Aluminium erg\u00e4nzt mit Bach sein Team im Au\u00dfendienst und reagiert damit auf die starke Nachfrage an \u201eOutdoor Living\u201c-Konzepten wie Terrassend\u00e4chern, Sommer- und Winterg\u00e4rten.<\/p>\n<p>&nbsp;<\/p>\n<hr \/>\n<p>&nbsp;<\/p>\n<p><a href=\"http:\/\/www.pr-neu.de\/newsroom\/wordpress\/wp-content\/uploads\/2023\/04\/23-12_Christian_Bach_K.jpg\" target=\"_blank\" rel=\"noopener\"><img loading=\"lazy\" decoding=\"async\" class=\"wp-image-15753 size-medium aligncenter\" src=\"http:\/\/www.pr-neu.de\/newsroom\/wordpress\/wp-content\/uploads\/2023\/04\/23-12_Christian_Bach_K-199x300.jpg\" alt=\"\" width=\"199\" height=\"300\" srcset=\"https:\/\/www.pr-neu.de\/newsroom\/wordpress\/wp-content\/uploads\/2023\/04\/23-12_Christian_Bach_K-199x300.jpg 199w, https:\/\/www.pr-neu.de\/newsroom\/wordpress\/wp-content\/uploads\/2023\/04\/23-12_Christian_Bach_K-681x1024.jpg 681w, https:\/\/www.pr-neu.de\/newsroom\/wordpress\/wp-content\/uploads\/2023\/04\/23-12_Christian_Bach_K-768x1156.jpg 768w, https:\/\/www.pr-neu.de\/newsroom\/wordpress\/wp-content\/uploads\/2023\/04\/23-12_Christian_Bach_K-1021x1536.jpg 1021w, https:\/\/www.pr-neu.de\/newsroom\/wordpress\/wp-content\/uploads\/2023\/04\/23-12_Christian_Bach_K-1361x2048.jpg 1361w, https:\/\/www.pr-neu.de\/newsroom\/wordpress\/wp-content\/uploads\/2023\/04\/23-12_Christian_Bach_K-73x110.jpg 73w, https:\/\/www.pr-neu.de\/newsroom\/wordpress\/wp-content\/uploads\/2023\/04\/23-12_Christian_Bach_K-279x420.jpg 279w, https:\/\/www.pr-neu.de\/newsroom\/wordpress\/wp-content\/uploads\/2023\/04\/23-12_Christian_Bach_K-286x430.jpg 286w, https:\/\/www.pr-neu.de\/newsroom\/wordpress\/wp-content\/uploads\/2023\/04\/23-12_Christian_Bach_K.jpg 1595w\" sizes=\"auto, (max-width: 199px) 100vw, 199px\" \/><\/a><\/p>\n<p style=\"text-align: center;\">Mit Christian Bach erg\u00e4nzt TS-Aluminium den Vertrieb in Bayern.<br \/>\nBild: TS-Aluminium-Profilsysteme GmbH &amp; Co. KG<\/p>\n<p>&nbsp;<\/p>\n<hr \/>\n<p>&nbsp;<\/p>\n<p><strong>Die Nummer Eins unter den Dachprofilsystemen<\/strong><\/p>\n<p>TS-Aluminium ist der f\u00fchrende Anbieter von hochwertigen Aluminium-Profilsystemen \u201eMade in Germany\u201c. Das Familienunternehmen entwickelt, produziert und liefert ma\u00dfgeschneiderte Systeml\u00f6sungen f\u00fcr Winterg\u00e4rten, Sommerg\u00e4rten und Terrassend\u00e4cher in Premium-Qualit\u00e4t. Zus\u00e4tzlich geh\u00f6ren Faltanlagen, \u00d6ffnungselemente, L\u00fcftungs- und Steuerungssysteme zum Portfolio des \u201eHidden Champions\u201c. Gemeinsam mit einem Netz aus Verarbeitern und Fachh\u00e4ndlern setzt TS-Aluminium auch im europ\u00e4ischen Ausland Standards und steht f\u00fcr h\u00f6chste Qualit\u00e4t und Kundenorientierung. Mit mehr als 40 Jahren Expertise entwickelt der Systemgeber seine Produkte kontinuierlich weiter und bietet umfassende Beratungs- und Serviceleistungen auf Augenh\u00f6he.<\/p>\n<p>Vom Zwei-Mann-Betrieb zum Marktf\u00fchrer in Deutschland: TS-Aluminium besch\u00e4ftigt an zwei Standorten in Gro\u00dfefehn und Burgst\u00e4dt \u00fcber 160 Arbeitnehmer.<\/p>\n<p>&nbsp;<\/p>\n<hr \/>\n<p>Abdruck honorarfrei, Belegexemplar erbeten<\/p>\n","protected":false},"excerpt":{"rendered":"<p>Christian Bach (46) ist neuer Au\u00dfendienstmitarbeiter bei TS-Aluminium.<\/p>\n","protected":false},"author":10,"featured_media":15753,"comment_status":"closed","ping_status":"open","sticky":false,"template":"","format":"standard","meta":{"footnotes":""},"categories":[1761],"tags":[392,1793,611],"class_list":["post-15751","post","type-post","status-publish","format-standard","has-post-thumbnail","hentry","category-ts-aluminium","tag-personal","tag-ts-aluminium","tag-vertrieb"],"_links":{"self":[{"href":"https:\/\/www.pr-neu.de\/newsroom\/wp-json\/wp\/v2\/posts\/15751","targetHints":{"allow":["GET"]}}],"collection":[{"href":"https:\/\/www.pr-neu.de\/newsroom\/wp-json\/wp\/v2\/posts"}],"about":[{"href":"https:\/\/www.pr-neu.de\/newsroom\/wp-json\/wp\/v2\/types\/post"}],"author":[{"embeddable":true,"href":"https:\/\/www.pr-neu.de\/newsroom\/wp-json\/wp\/v2\/users\/10"}],"replies":[{"embeddable":true,"href":"https:\/\/www.pr-neu.de\/newsroom\/wp-json\/wp\/v2\/comments?post=15751"}],"version-history":[{"count":2,"href":"https:\/\/www.pr-neu.de\/newsroom\/wp-json\/wp\/v2\/posts\/15751\/revisions"}],"predecessor-version":[{"id":15756,"href":"https:\/\/www.pr-neu.de\/newsroom\/wp-json\/wp\/v2\/posts\/15751\/revisions\/15756"}],"wp:featuredmedia":[{"embeddable":true,"href":"https:\/\/www.pr-neu.de\/newsroom\/wp-json\/wp\/v2\/media\/15753"}],"wp:attachment":[{"href":"https:\/\/www.pr-neu.de\/newsroom\/wp-json\/wp\/v2\/media?parent=15751"}],"wp:term":[{"taxonomy":"category","embeddable":true,"href":"https:\/\/www.pr-neu.de\/newsroom\/wp-json\/wp\/v2\/categories?post=15751"},{"taxonomy":"post_tag","embeddable":true,"href":"https:\/\/www.pr-neu.de\/newsroom\/wp-json\/wp\/v2\/tags?post=15751"}],"curies":[{"name":"wp","href":"https:\/\/api.w.org\/{rel}","templated":true}]}}