{"id":15745,"date":"2023-04-25T10:45:32","date_gmt":"2023-04-25T08:45:32","guid":{"rendered":"https:\/\/www.pr-neu.de\/newsroom\/?p=15745"},"modified":"2023-04-25T10:45:42","modified_gmt":"2023-04-25T08:45:42","slug":"abdichtung-fuer-hoch-beanspruchte-primaer-und-kreuzfugen","status":"publish","type":"post","link":"https:\/\/www.pr-neu.de\/newsroom\/abdichtung-fuer-hoch-beanspruchte-primaer-und-kreuzfugen\/","title":{"rendered":"Abdichtung f\u00fcr hoch beanspruchte Prim\u00e4r- und Kreuzfugen"},"content":{"rendered":"<p><u>Hannoband-BG1 jetzt mit RAL G\u00fctezeichen<\/u><\/p>\n<p><strong>Hannoband-BG1 ist jetzt das RAL G\u00fctezeichen f\u00fcr Fugendichtungskomponenten und -systeme verliehen worden. Auf der BAU erhielt Hanno (Laatzen) die Verleihungsurkunde. Bei hoch beanspruchten Prim\u00e4r- und Kreuzfugen im Fassaden- und Fensterbau dichtet das Band langfristig ab.<\/strong><\/p>\n<p>Das RAL G\u00fctezeichen f\u00fcr Fugendichtungskomponenten und -systeme kennzeichnet qualitativ hochwertige Produkte und erleichtert so die Wahl eines guten Abdichtungsprodukts. Jetzt erhielt das Hannoband-BG1 des Dicht- und D\u00e4mmspezialisten Hanno (Laatzen) diese Auszeichnung, die \u00dcbergabe fand auf der BAU in M\u00fcnchen statt. \u201eWir freuen uns sehr \u00fcber diese Best\u00e4tigung unseres Anspruchs, stets hohe Qualit\u00e4t zu liefern\u201c, erkl\u00e4rt Markus Fehrmann, Vertriebsleiter bei Hanno.<\/p>\n<p>Das Band f\u00fcr langfristig abgedichtete Dehn- und Anschlussfugen erf\u00fcllt die Anforderungen gem\u00e4\u00df DIN 18542:2020 der Beanspruchungsgruppe MF1 f\u00fcr freibewitterte Anwendungen. Nach dem f\u00fcr die Verleihung erforderlichen Freibewitterungs-Versuch \u00fcber 10 Jahre liegt Hannoband noch deutlich \u00fcber den Anforderungen an Schlagregendichte, Luftdichtheit und Witterungsbest\u00e4ndigkeit der DIN 18542. Im \u201eHurricane-Test\u201c \u00fcberzeugte das Hannoband-BG1 sogar bei bis zu 9000 Pa Windlast.<\/p>\n<p>&nbsp;<\/p>\n<hr \/>\n<p>&nbsp;<\/p>\n<p style=\"text-align: center;\"><a href=\"http:\/\/www.pr-neu.de\/newsroom\/wordpress\/wp-content\/uploads\/2023\/04\/23-12_RAL-Zertifizierung_G-scaled.jpg\" target=\"_blank\" rel=\"noopener\"><img loading=\"lazy\" decoding=\"async\" class=\"wp-image-15746 size-medium\" src=\"http:\/\/www.pr-neu.de\/newsroom\/wordpress\/wp-content\/uploads\/2023\/04\/23-12_RAL-Zertifizierung_G-300x225.jpg\" alt=\"\" width=\"300\" height=\"225\" srcset=\"https:\/\/www.pr-neu.de\/newsroom\/wordpress\/wp-content\/uploads\/2023\/04\/23-12_RAL-Zertifizierung_G-300x225.jpg 300w, https:\/\/www.pr-neu.de\/newsroom\/wordpress\/wp-content\/uploads\/2023\/04\/23-12_RAL-Zertifizierung_G-1024x768.jpg 1024w, https:\/\/www.pr-neu.de\/newsroom\/wordpress\/wp-content\/uploads\/2023\/04\/23-12_RAL-Zertifizierung_G-768x576.jpg 768w, https:\/\/www.pr-neu.de\/newsroom\/wordpress\/wp-content\/uploads\/2023\/04\/23-12_RAL-Zertifizierung_G-1536x1152.jpg 1536w, https:\/\/www.pr-neu.de\/newsroom\/wordpress\/wp-content\/uploads\/2023\/04\/23-12_RAL-Zertifizierung_G-2048x1536.jpg 2048w, https:\/\/www.pr-neu.de\/newsroom\/wordpress\/wp-content\/uploads\/2023\/04\/23-12_RAL-Zertifizierung_G-110x83.jpg 110w, https:\/\/www.pr-neu.de\/newsroom\/wordpress\/wp-content\/uploads\/2023\/04\/23-12_RAL-Zertifizierung_G-420x315.jpg 420w, https:\/\/www.pr-neu.de\/newsroom\/wordpress\/wp-content\/uploads\/2023\/04\/23-12_RAL-Zertifizierung_G-573x430.jpg 573w\" sizes=\"auto, (max-width: 300px) 100vw, 300px\" \/><\/a><\/p>\n<p style=\"text-align: center;\">Bernfried Stache (links), Vorstand bei der RAL G\u00fctegemeinschaft Geb\u00e4udeabdichtungssysteme, \u00fcberreicht auf der BAU 2023 die Verleihungsurkunde des RAL G\u00fctezeichens an Markus Fehrmann, Vertriebsleiter bei Hanno.<br \/>\nBild: Hanno Werk GmbH &amp; Co. KG<\/p>\n<p>&nbsp;<\/p>\n<p style=\"text-align: center;\"><a href=\"http:\/\/www.pr-neu.de\/newsroom\/wordpress\/wp-content\/uploads\/2023\/04\/23-12_Hannoband-BG1_G-scaled.jpg\" target=\"_blank\" rel=\"noopener\"><img loading=\"lazy\" decoding=\"async\" class=\"wp-image-15747 size-medium\" src=\"http:\/\/www.pr-neu.de\/newsroom\/wordpress\/wp-content\/uploads\/2023\/04\/23-12_Hannoband-BG1_G-300x225.jpg\" alt=\"\" width=\"300\" height=\"225\" srcset=\"https:\/\/www.pr-neu.de\/newsroom\/wordpress\/wp-content\/uploads\/2023\/04\/23-12_Hannoband-BG1_G-300x225.jpg 300w, https:\/\/www.pr-neu.de\/newsroom\/wordpress\/wp-content\/uploads\/2023\/04\/23-12_Hannoband-BG1_G-1024x768.jpg 1024w, https:\/\/www.pr-neu.de\/newsroom\/wordpress\/wp-content\/uploads\/2023\/04\/23-12_Hannoband-BG1_G-768x576.jpg 768w, https:\/\/www.pr-neu.de\/newsroom\/wordpress\/wp-content\/uploads\/2023\/04\/23-12_Hannoband-BG1_G-1536x1152.jpg 1536w, https:\/\/www.pr-neu.de\/newsroom\/wordpress\/wp-content\/uploads\/2023\/04\/23-12_Hannoband-BG1_G-2048x1535.jpg 2048w, https:\/\/www.pr-neu.de\/newsroom\/wordpress\/wp-content\/uploads\/2023\/04\/23-12_Hannoband-BG1_G-110x82.jpg 110w, https:\/\/www.pr-neu.de\/newsroom\/wordpress\/wp-content\/uploads\/2023\/04\/23-12_Hannoband-BG1_G-420x315.jpg 420w, https:\/\/www.pr-neu.de\/newsroom\/wordpress\/wp-content\/uploads\/2023\/04\/23-12_Hannoband-BG1_G-574x430.jpg 574w\" sizes=\"auto, (max-width: 300px) 100vw, 300px\" \/><\/a><\/p>\n<p style=\"text-align: center;\">Das Hannoband-BG1 ist jetzt mit dem RAL G\u00fctezeichen zertifiziert.<br \/>\nBild: Hanno Werk GmbH &amp; Co. KG<\/p>\n<p>&nbsp;<\/p>\n<hr \/>\n<p>&nbsp;<\/p>\n<p><strong>Spezialist f\u00fcr Fugenabdichtung und Schalld\u00e4mmung<\/strong><\/p>\n<p>Als Spezialist f\u00fcr Dicht- und D\u00e4mml\u00f6sungen \u201eMade in Germany\u201c entwickelt und produziert Hanno hochwertige L\u00f6sungen f\u00fcr Bau, Industrie und Verkehr. Zum Portfolio geh\u00f6ren Abdichtungen von Anschlussfugen im Hochbau, industrielle Dichtungen und Impr\u00e4gnierungen, technischer Schallschutz f\u00fcr den Automobil-, Bahn-und Maschinenbau sowie Produkte zur Verbesserung der Raumakustik. Mit \u00fcber 125 Jahren Expertise steht Hanno f\u00fcr ma\u00dfgeschneiderte und massentaugliche L\u00f6sungen. Dabei entwickelt das Traditionsunternehmen seine Innovationen kontinuierlich weiter \u2013 mit langj\u00e4hriger Fachkenntnis und nah am Kunden. Das Ergebnis: Produkte, die sich den aktuellen Herausforderungen der Branche stellen und diese vorantreiben.<\/p>\n<p>Gesellschaftliche Verantwortung \u00fcbernimmt Hanno u.a. mit einem nachhaltigen Gesundheitsmanagement f\u00fcr seine 200 Arbeitnehmer sowie seiner Strategie zur Ressourcenschonung und Abfallvermeidung.<\/p>\n<p>&nbsp;<\/p>\n<hr \/>\n<p>Abdruck honorarfrei, Belegexemplar erbeten<\/p>\n","protected":false},"excerpt":{"rendered":"<p>Hannoband-BG1 ist jetzt das RAL G\u00fctezeichen f\u00fcr Fugendichtungskomponenten und -systeme verliehen worden. Auf der BAU erhielt Hanno (Laatzen) die Verleihungsurkunde.<\/p>\n","protected":false},"author":10,"featured_media":15746,"comment_status":"closed","ping_status":"open","sticky":false,"template":"","format":"standard","meta":{"footnotes":""},"categories":[655],"tags":[73,2249,1749,2436,1745,2432,2043,2430,2434,2308],"class_list":["post-15745","post","type-post","status-publish","format-standard","has-post-thumbnail","hentry","category-hanno","tag-bau","tag-bau23","tag-fugen","tag-gebaeudeabdichtungssysteme","tag-hannoband","tag-hannobandbg1","tag-hannowerk","tag-ral","tag-ralguetegemeinschaft","tag-verleihung"],"_links":{"self":[{"href":"https:\/\/www.pr-neu.de\/newsroom\/wp-json\/wp\/v2\/posts\/15745","targetHints":{"allow":["GET"]}}],"collection":[{"href":"https:\/\/www.pr-neu.de\/newsroom\/wp-json\/wp\/v2\/posts"}],"about":[{"href":"https:\/\/www.pr-neu.de\/newsroom\/wp-json\/wp\/v2\/types\/post"}],"author":[{"embeddable":true,"href":"https:\/\/www.pr-neu.de\/newsroom\/wp-json\/wp\/v2\/users\/10"}],"replies":[{"embeddable":true,"href":"https:\/\/www.pr-neu.de\/newsroom\/wp-json\/wp\/v2\/comments?post=15745"}],"version-history":[{"count":2,"href":"https:\/\/www.pr-neu.de\/newsroom\/wp-json\/wp\/v2\/posts\/15745\/revisions"}],"predecessor-version":[{"id":15749,"href":"https:\/\/www.pr-neu.de\/newsroom\/wp-json\/wp\/v2\/posts\/15745\/revisions\/15749"}],"wp:featuredmedia":[{"embeddable":true,"href":"https:\/\/www.pr-neu.de\/newsroom\/wp-json\/wp\/v2\/media\/15746"}],"wp:attachment":[{"href":"https:\/\/www.pr-neu.de\/newsroom\/wp-json\/wp\/v2\/media?parent=15745"}],"wp:term":[{"taxonomy":"category","embeddable":true,"href":"https:\/\/www.pr-neu.de\/newsroom\/wp-json\/wp\/v2\/categories?post=15745"},{"taxonomy":"post_tag","embeddable":true,"href":"https:\/\/www.pr-neu.de\/newsroom\/wp-json\/wp\/v2\/tags?post=15745"}],"curies":[{"name":"wp","href":"https:\/\/api.w.org\/{rel}","templated":true}]}}