{"id":15738,"date":"2023-04-20T15:30:50","date_gmt":"2023-04-20T13:30:50","guid":{"rendered":"https:\/\/www.pr-neu.de\/newsroom\/?p=15738"},"modified":"2023-04-20T15:32:23","modified_gmt":"2023-04-20T13:32:23","slug":"sto-bleibt-wdvs-weltmarktfuehrer-2","status":"publish","type":"post","link":"https:\/\/www.pr-neu.de\/newsroom\/sto-bleibt-wdvs-weltmarktfuehrer-2\/","title":{"rendered":"Sto bleibt WDVS-Weltmarktf\u00fchrer"},"content":{"rendered":"<p><strong>Die Wirtschaftszeitschrift \u201eWirtschaftswoche\u201c hat erneut entschieden: Auch 2023 bleibt Sto Weltmarktf\u00fchrer im Gesch\u00e4ftsfeld \u201eW\u00e4rmed\u00e4mm-Verbundsysteme\u201c.<\/strong><\/p>\n<p>Seit mehreren Jahren zeichnet die \u201eWirtschaftswoche\u201c mittel\u00adst\u00e4ndische Weltmarktf\u00fchrer aus, die \u201eHidden Champions\u201c. Diese Unternehmen vereinen viele positive Eigenschaften: Sie besetzen wachstumsstarke Marktfelder, agieren innovativ und international, achten auf eine solide Finanzstruktur und entwickeln ihre Marke mit Strahlkraft. Viele dieser Firmen sind nach wie vor in Hand der Gr\u00fcnder- beziehungsweise Eigen\u00adt\u00fcmerfamilie. Jetzt zeichnete das Wirtschaftsblatt die Welt\u00admarktf\u00fchrer 2023 aus. Daf\u00fcr m\u00fcssen sie hohe Standards erf\u00fcllen \u2013 h\u00f6chster oder zweith\u00f6chster Marktanteil, Jahres\u00adumsatz \u00fcber 50 Millionen Euro und zur H\u00e4lfte im Ausland erwirtschaftet auf mindestens drei Kontinenten. Die Multikrisen\u00adsituation in den vergangenen Monaten, gepr\u00e4gt von der Coro\u00adnavirus-Pandemie, Gaspreisexplosion, Lieferengp\u00e4ssen und einer sehr hohen Inflation, ging an vielen Unternehmen nicht spurlos vorbei: \u201eDie globalen Krisen f\u00fchren zu einer Auslese im aktuellen Ranking\u201c, schreibt die Wirtschaftswoche. Umso erfreulicher ist es, dass Sto wieder zum Weltmarktf\u00fchrer gek\u00fcrt wurde \u2013 erneut im Gesch\u00e4ftsfeld \u201eW\u00e4rmed\u00e4mm-Verbund\u00adsysteme\u201c \u2013 wie schon in den Vorjahren. \u201eF\u00fcr uns ist es ein sch\u00f6nes Zeichen, dass wir mit unserer Strategie auf dem richtigen Weg sind\u201c, sagt Sto-Vorstandssprecher Rainer H\u00fcttenberger. \u201eNeben der weiteren Internationalisierung, der Investition in Forschung und Entwicklung und unserem ertragsorientierten Wachstumskurs z\u00e4hlt zu den Kerninitiativen der Sto-Strategie auch die Nachhaltigkeit.\u201c Erfolgreich in die Praxis umgesetzt wird die Strategie laut H\u00fcttenberger erst durch die engagierten Mitarbeiterinnen und Mitarbeiter. Bei der Sto-Gruppe arbeiten weltweit \u00fcber 5700 Personen.<\/p>\n<p>&nbsp;<\/p>\n<hr \/>\n<p>&nbsp;<\/p>\n<p style=\"text-align: center;\"><a href=\"http:\/\/www.pr-neu.de\/newsroom\/wordpress\/wp-content\/uploads\/2023\/04\/23-19_WiWo_weltmarktfuehrer_G-scaled.jpg\"><img loading=\"lazy\" decoding=\"async\" class=\"aligncenter size-medium wp-image-15740\" src=\"http:\/\/www.pr-neu.de\/newsroom\/wordpress\/wp-content\/uploads\/2023\/04\/23-19_WiWo_weltmarktfuehrer_G-185x300.jpg\" alt=\"\" width=\"185\" height=\"300\" srcset=\"https:\/\/www.pr-neu.de\/newsroom\/wordpress\/wp-content\/uploads\/2023\/04\/23-19_WiWo_weltmarktfuehrer_G-185x300.jpg 185w, https:\/\/www.pr-neu.de\/newsroom\/wordpress\/wp-content\/uploads\/2023\/04\/23-19_WiWo_weltmarktfuehrer_G-631x1024.jpg 631w, https:\/\/www.pr-neu.de\/newsroom\/wordpress\/wp-content\/uploads\/2023\/04\/23-19_WiWo_weltmarktfuehrer_G-768x1247.jpg 768w, https:\/\/www.pr-neu.de\/newsroom\/wordpress\/wp-content\/uploads\/2023\/04\/23-19_WiWo_weltmarktfuehrer_G-946x1536.jpg 946w, https:\/\/www.pr-neu.de\/newsroom\/wordpress\/wp-content\/uploads\/2023\/04\/23-19_WiWo_weltmarktfuehrer_G-1262x2048.jpg 1262w, https:\/\/www.pr-neu.de\/newsroom\/wordpress\/wp-content\/uploads\/2023\/04\/23-19_WiWo_weltmarktfuehrer_G-68x110.jpg 68w, https:\/\/www.pr-neu.de\/newsroom\/wordpress\/wp-content\/uploads\/2023\/04\/23-19_WiWo_weltmarktfuehrer_G-259x420.jpg 259w, https:\/\/www.pr-neu.de\/newsroom\/wordpress\/wp-content\/uploads\/2023\/04\/23-19_WiWo_weltmarktfuehrer_G-265x430.jpg 265w, https:\/\/www.pr-neu.de\/newsroom\/wordpress\/wp-content\/uploads\/2023\/04\/23-19_WiWo_weltmarktfuehrer_G-scaled.jpg 1577w\" sizes=\"auto, (max-width: 185px) 100vw, 185px\" \/><\/a><\/p>\n<p style=\"text-align: center;\">Sto ist Weltmarktf\u00fchrer im Segment W\u00e4rmed\u00e4mm-Verbundsysteme.<\/p>\n<p style=\"text-align: center;\">Bild: Wirtschaftswoche<\/p>\n<p>&nbsp;<\/p>\n<p><a href=\"http:\/\/www.pr-neu.de\/newsroom\/wordpress\/wp-content\/uploads\/2023\/04\/23-19_Fassadendaemmung_G-scaled.jpg\"><img loading=\"lazy\" decoding=\"async\" class=\"aligncenter size-medium wp-image-15739\" src=\"http:\/\/www.pr-neu.de\/newsroom\/wordpress\/wp-content\/uploads\/2023\/04\/23-19_Fassadendaemmung_G-200x300.jpg\" alt=\"\" width=\"200\" height=\"300\" srcset=\"https:\/\/www.pr-neu.de\/newsroom\/wordpress\/wp-content\/uploads\/2023\/04\/23-19_Fassadendaemmung_G-200x300.jpg 200w, https:\/\/www.pr-neu.de\/newsroom\/wordpress\/wp-content\/uploads\/2023\/04\/23-19_Fassadendaemmung_G-683x1024.jpg 683w, https:\/\/www.pr-neu.de\/newsroom\/wordpress\/wp-content\/uploads\/2023\/04\/23-19_Fassadendaemmung_G-768x1152.jpg 768w, https:\/\/www.pr-neu.de\/newsroom\/wordpress\/wp-content\/uploads\/2023\/04\/23-19_Fassadendaemmung_G-1024x1536.jpg 1024w, https:\/\/www.pr-neu.de\/newsroom\/wordpress\/wp-content\/uploads\/2023\/04\/23-19_Fassadendaemmung_G-1365x2048.jpg 1365w, https:\/\/www.pr-neu.de\/newsroom\/wordpress\/wp-content\/uploads\/2023\/04\/23-19_Fassadendaemmung_G-73x110.jpg 73w, https:\/\/www.pr-neu.de\/newsroom\/wordpress\/wp-content\/uploads\/2023\/04\/23-19_Fassadendaemmung_G-280x420.jpg 280w, https:\/\/www.pr-neu.de\/newsroom\/wordpress\/wp-content\/uploads\/2023\/04\/23-19_Fassadendaemmung_G-287x430.jpg 287w, https:\/\/www.pr-neu.de\/newsroom\/wordpress\/wp-content\/uploads\/2023\/04\/23-19_Fassadendaemmung_G-scaled.jpg 1706w\" sizes=\"auto, (max-width: 200px) 100vw, 200px\" \/><\/a><\/p>\n<p style=\"text-align: center;\">Bild: Martin Baitinger \/ Sto<\/p>\n<p>&nbsp;<\/p>\n<hr \/>\n<p>&nbsp;<\/p>\n<p><strong>Sto: Als Technologief\u00fchrer auf Kurs<\/strong><\/p>\n<p>Die Sto SE &amp; Co. KGaA (St\u00fchlingen) ist ein international f\u00fchrender Hersteller von Produkten und Systemen zur Beschichtung von Geb\u00e4uden. Ihr breites Portfolio umfasst Farben, Putze, Lacke, Fassaden-D\u00e4mmsysteme, Werkstoffe f\u00fcr die Betoninstandsetzung, Bodenbeschichtungen, Akustik- und vorgeh\u00e4ngte hinterl\u00fcftete Fassadensysteme. Der Leitgedanke \u201eBewusst bauen\u201c verdeutlicht in zwei Worten das Selbstverst\u00e4ndnis der Sto-Gruppe, das \u00f6kologische und gesellschaftliche Verantwortung einschlie\u00dft.<\/p>\n<p>&nbsp;<\/p>\n<hr \/>\n<p>&nbsp;<\/p>\n<p>Abdruck honorarfrei, Belegexemplar erbeten<\/p>\n","protected":false},"excerpt":{"rendered":"<p>Die Wirtschaftszeitschrift \u201eWirtschaftswoche\u201c hat erneut entschieden: Auch 2023 bleibt Sto Weltmarktf\u00fchrer im Gesch\u00e4ftsfeld \u201eW\u00e4rmed\u00e4mm-Verbundsysteme\u201c.<\/p>\n","protected":false},"author":9,"featured_media":15740,"comment_status":"closed","ping_status":"open","sticky":false,"template":"","format":"standard","meta":{"footnotes":""},"categories":[15],"tags":[504,627,2428,2426],"class_list":["post-15738","post","type-post","status-publish","format-standard","has-post-thumbnail","hentry","category-sto","tag-sto-2","tag-wdvs","tag-weltmarktfuehrer","tag-wirtschaftswoche"],"_links":{"self":[{"href":"https:\/\/www.pr-neu.de\/newsroom\/wp-json\/wp\/v2\/posts\/15738","targetHints":{"allow":["GET"]}}],"collection":[{"href":"https:\/\/www.pr-neu.de\/newsroom\/wp-json\/wp\/v2\/posts"}],"about":[{"href":"https:\/\/www.pr-neu.de\/newsroom\/wp-json\/wp\/v2\/types\/post"}],"author":[{"embeddable":true,"href":"https:\/\/www.pr-neu.de\/newsroom\/wp-json\/wp\/v2\/users\/9"}],"replies":[{"embeddable":true,"href":"https:\/\/www.pr-neu.de\/newsroom\/wp-json\/wp\/v2\/comments?post=15738"}],"version-history":[{"count":2,"href":"https:\/\/www.pr-neu.de\/newsroom\/wp-json\/wp\/v2\/posts\/15738\/revisions"}],"predecessor-version":[{"id":15742,"href":"https:\/\/www.pr-neu.de\/newsroom\/wp-json\/wp\/v2\/posts\/15738\/revisions\/15742"}],"wp:featuredmedia":[{"embeddable":true,"href":"https:\/\/www.pr-neu.de\/newsroom\/wp-json\/wp\/v2\/media\/15740"}],"wp:attachment":[{"href":"https:\/\/www.pr-neu.de\/newsroom\/wp-json\/wp\/v2\/media?parent=15738"}],"wp:term":[{"taxonomy":"category","embeddable":true,"href":"https:\/\/www.pr-neu.de\/newsroom\/wp-json\/wp\/v2\/categories?post=15738"},{"taxonomy":"post_tag","embeddable":true,"href":"https:\/\/www.pr-neu.de\/newsroom\/wp-json\/wp\/v2\/tags?post=15738"}],"curies":[{"name":"wp","href":"https:\/\/api.w.org\/{rel}","templated":true}]}}