{"id":15719,"date":"2023-04-17T08:00:17","date_gmt":"2023-04-17T06:00:17","guid":{"rendered":"https:\/\/www.pr-neu.de\/newsroom\/?p=15719"},"modified":"2023-04-14T09:44:17","modified_gmt":"2023-04-14T07:44:17","slug":"premium-partner-programm-waechst-mit-neuem-mitglied","status":"publish","type":"post","link":"https:\/\/www.pr-neu.de\/newsroom\/premium-partner-programm-waechst-mit-neuem-mitglied\/","title":{"rendered":"Premium-Partner-Programm w\u00e4chst mit neuem Mitglied"},"content":{"rendered":"<p><u>Integra GmbH ist neuer Premium-Partner <\/u><\/p>\n<p><strong>Die Integra GmbH ist der neueste Zuwachs im Premium-Partner-Programm des Dicht- und D\u00e4mmstoffspezialisten Hanno. Der Fachgro\u00dfh\u00e4ndler profitiert jetzt vom Know-how und der Expertise Hannos \u2013 mit Marketingmaterial, Schulungen und pers\u00f6nlicher Beratung.<\/strong><\/p>\n<p>Der Fachgro\u00dfh\u00e4ndler Integra GmbH vertreibt seit \u00fcber 30 Jahren Produkte, die f\u00fcr den fachgerechten Einbau von Fenstern, T\u00fcren und Fassaden notwendig sind und architektonische Elemente optisch aufwerten. Hanno und Integra blicken auf eine jahrzehntelange erfolgreiche und partnerschaftliche Zusammenarbeit zur\u00fcck. Ab sofort wird die Zusammenarbeit durch das Premium-Partnerprogramm intensiviert. Durch intensive Betreuung und Beratung, Unterst\u00fctzung vor Ort auf der Baustelle, sowie umfangreiche Schulungen schafft das Programm einen deutlichen Mehrwert f\u00fcr Mitgliedsbetriebe. \u201eWir freuen uns und sind stolz, dass wir unseren hochgesch\u00e4tzten Partner Integra f\u00fcr unser Programm gewinnen konnten\u201c, berichtet Markus Fehrmann, Vertriebsleiter bei Hanno.<\/p>\n<p>Informationen zum Hanno Premium-Partner-Programm gibt es bei der Hanno-Vertriebsleitung.<\/p>\n<p>&nbsp;<\/p>\n<hr \/>\n<p>&nbsp;<\/p>\n<div class=\"mceTemp\"><\/div>\n<p><a href=\"http:\/\/www.pr-neu.de\/newsroom\/wordpress\/wp-content\/uploads\/2023\/04\/23-11_Premium_Partner_Integra.jpg\" target=\"_blank\" rel=\"noopener\"><img loading=\"lazy\" decoding=\"async\" class=\"aligncenter wp-image-15720 size-medium\" src=\"http:\/\/www.pr-neu.de\/newsroom\/wordpress\/wp-content\/uploads\/2023\/04\/23-11_Premium_Partner_Integra-300x266.jpg\" alt=\"\" width=\"300\" height=\"266\" srcset=\"https:\/\/www.pr-neu.de\/newsroom\/wordpress\/wp-content\/uploads\/2023\/04\/23-11_Premium_Partner_Integra-300x266.jpg 300w, https:\/\/www.pr-neu.de\/newsroom\/wordpress\/wp-content\/uploads\/2023\/04\/23-11_Premium_Partner_Integra-110x97.jpg 110w, https:\/\/www.pr-neu.de\/newsroom\/wordpress\/wp-content\/uploads\/2023\/04\/23-11_Premium_Partner_Integra.jpg 369w\" sizes=\"auto, (max-width: 300px) 100vw, 300px\" \/><\/a><\/p>\n<p style=\"text-align: center;\">(v.l.) Bernd Kardinal, Gebietsleiter Mitte bei Hanno, begr\u00fc\u00dft Christian Henniger, Gesch\u00e4ftsf\u00fchrer bei Integra im Programm.<\/p>\n<p style=\"text-align: center;\">Bild: Hanno Werk GmbH &amp; Co. KG<\/p>\n<p>&nbsp;<\/p>\n<hr \/>\n<p>&nbsp;<\/p>\n<p><strong>Spezialist f\u00fcr Fugenabdichtung und Schalld\u00e4mmung<\/strong><\/p>\n<p>Als Spezialist f\u00fcr Dicht- und D\u00e4mml\u00f6sungen \u201eMade in Germany\u201c entwickelt und produziert Hanno hochwertige L\u00f6sungen f\u00fcr Bau, Industrie und Verkehr. Zum Portfolio geh\u00f6ren Abdichtungen von Anschlussfugen im Hochbau, industrielle Dichtungen und Impr\u00e4gnierungen, technischer Schallschutz f\u00fcr den Automobil-, Bahn-und Maschinenbau sowie Produkte zur Verbesserung der Raumakustik. Mit 125 Jahren Expertise steht Hanno f\u00fcr ma\u00dfgeschneiderte und massentaugliche L\u00f6sungen. Dabei entwickelt das Traditionsunternehmen seine Innovationen kontinuierlich weiter \u2013 mit langj\u00e4hriger Fachkenntnis und nah am Kunden. Das Ergebnis: Produkte, die sich den aktuellen Herausforderungen der Branche stellen und diese vorantreiben.<\/p>\n<p>Gesellschaftliche Verantwortung \u00fcbernimmt Hanno u.a. mit einem nachhaltigen Gesundheitsmanagement f\u00fcr seine 200 Arbeitnehmer sowie seiner Strategie zur Ressourcenschonung und Abfallvermeidung.<\/p>\n<p>&nbsp;<\/p>\n<hr \/>\n<p>&nbsp;<\/p>\n<p>Abdruck honorarfrei, Belegexemplar erbeten<\/p>\n","protected":false},"excerpt":{"rendered":"<p>Die Integra GmbH ist der neueste Zuwachs im Premium-Partner-Programm des Dicht- und D\u00e4mmstoffspezialisten Hanno.<\/p>\n","protected":false},"author":10,"featured_media":15720,"comment_status":"closed","ping_status":"open","sticky":false,"template":"","format":"standard","meta":{"footnotes":""},"categories":[655],"tags":[2416,2418,1743,2410,1971,2414,2412],"class_list":["post-15719","post","type-post","status-publish","format-standard","has-post-thumbnail","hentry","category-hanno","tag-dicht-und-daemmstoffspezialist","tag-fachgrosshaendler","tag-hanno","tag-integra-gmbh","tag-know-how","tag-neues-mitglied","tag-premium-partner-programm"],"_links":{"self":[{"href":"https:\/\/www.pr-neu.de\/newsroom\/wp-json\/wp\/v2\/posts\/15719","targetHints":{"allow":["GET"]}}],"collection":[{"href":"https:\/\/www.pr-neu.de\/newsroom\/wp-json\/wp\/v2\/posts"}],"about":[{"href":"https:\/\/www.pr-neu.de\/newsroom\/wp-json\/wp\/v2\/types\/post"}],"author":[{"embeddable":true,"href":"https:\/\/www.pr-neu.de\/newsroom\/wp-json\/wp\/v2\/users\/10"}],"replies":[{"embeddable":true,"href":"https:\/\/www.pr-neu.de\/newsroom\/wp-json\/wp\/v2\/comments?post=15719"}],"version-history":[{"count":3,"href":"https:\/\/www.pr-neu.de\/newsroom\/wp-json\/wp\/v2\/posts\/15719\/revisions"}],"predecessor-version":[{"id":15733,"href":"https:\/\/www.pr-neu.de\/newsroom\/wp-json\/wp\/v2\/posts\/15719\/revisions\/15733"}],"wp:featuredmedia":[{"embeddable":true,"href":"https:\/\/www.pr-neu.de\/newsroom\/wp-json\/wp\/v2\/media\/15720"}],"wp:attachment":[{"href":"https:\/\/www.pr-neu.de\/newsroom\/wp-json\/wp\/v2\/media?parent=15719"}],"wp:term":[{"taxonomy":"category","embeddable":true,"href":"https:\/\/www.pr-neu.de\/newsroom\/wp-json\/wp\/v2\/categories?post=15719"},{"taxonomy":"post_tag","embeddable":true,"href":"https:\/\/www.pr-neu.de\/newsroom\/wp-json\/wp\/v2\/tags?post=15719"}],"curies":[{"name":"wp","href":"https:\/\/api.w.org\/{rel}","templated":true}]}}