{"id":15712,"date":"2023-04-17T08:00:46","date_gmt":"2023-04-17T06:00:46","guid":{"rendered":"https:\/\/www.pr-neu.de\/newsroom\/?p=15712"},"modified":"2023-06-22T15:31:57","modified_gmt":"2023-06-22T13:31:57","slug":"massgeschneidertes-garagentor","status":"publish","type":"post","link":"https:\/\/www.pr-neu.de\/newsroom\/massgeschneidertes-garagentor\/","title":{"rendered":"Ma\u00dfgeschneidertes Garagentor"},"content":{"rendered":"<p><u>Teckentrup: CarTeck Aktion 2023<\/u><\/p>\n<p><strong>Im Juni startet die \u201eCarTeck Garagentor-Aktion 2023\u201c: \u00dcber seine Fachpartner bietet Teckentrup ein modernes Garagen-Sektionaltor mit elektrischem Antrieb f\u00fcr Neubau oder Sanierung zum Aktionspreis. Extras wie einen Handsender gibt es gleich dazu und im Online-Konfigurator l\u00e4sst sich virtuell mit Farbton und Oberfl\u00e4che spielen. Zudem profitiert die Umwelt, denn f\u00fcr jedes Aktions-Tor pflanzt Teckentrup einen Baum.<\/strong><\/p>\n<p>Die Grundidee: Garagennutzer erhalten ein Top-Angebot f\u00fcr ein CarTeck-Sektionaltor inklusive Antrieb, Handsender und einem weiteren frei w\u00e4hlbaren Extra \u2013 zweiter Handsender, Innentaster oder eine Lichtschranke mit Stopp-Automatik (ohne Montage). Optisch stehen Bauherren viele Optionen offen \u2013 mit sechs Farbt\u00f6nen von Wei\u00df \u00fcber die neue Trendfarbe \u201eGrau-Aluminium\u201c (\u00e4hnlich RAL 9007) bis zum Tiefschwarz, und als Strukturen Glatt und Woodgrain. Auch Sicherheit ist inklusive: Der Fingerklemmschutz sorgt daf\u00fcr, dass niemand zwischen die Sektionen greift und es so zu Verletzungen kommt. Optional erreichen die Tore die Einbruchschutz-Klasse \u201eRC 2\u201c. Das macht es potenziellen Eindringlingen schwer, in die Garage zu gelangen und bietet sich vor allem an, wenn ein direkter Zugang von der Garage ins Haus besteht. Standardgr\u00f6\u00dfen gibt es f\u00fcr Einzel- und Doppelgaragen.<\/p>\n<p>Neben dem Sicherheitspaket gibt es zwei weitere Zusatzb\u00fcndel: Im \u201eDesignpaket\u201c gibt es ein Torblatt ohne Sicke, mit glatter Struktur und zus\u00e4tzlichen Farbt\u00f6nen. Zum \u201eBel\u00fcftungspaket\u201c geh\u00f6ren der Feuchtigkeitssensor \u201eSenso\u201c und ein Upgrade auf den Antrieb \u201eCarTeck Drive 600\u201c. Die leuchtstarken, energiesparenden LED-L\u00f6sungen f\u00fcr au\u00dfen und innen sorgen zudem f\u00fcr effektives, angenehmes Licht vor und in der Garage.<\/p>\n<p>&nbsp;<\/p>\n<p>&nbsp;<\/p>\n<hr \/>\n<p>&nbsp;<\/p>\n<p><em>K A S T E N: <\/em><strong>Das Tor zum Wald<\/strong><\/p>\n<p>Zur Aktion geh\u00f6rt ein Waldprojekt: Teckentrup pflanzt f\u00fcr jedes Aktions-Garagentor einen Baum. Als Partner ist die \u201eSchutzgemeinschaft Deutscher Wald\u201c dabei, die Aufforstungen finden im Teutoburger Wald und im Harz statt und entwickeln klimastabile Mischw\u00e4lder.<\/p>\n<p>&nbsp;<\/p>\n<hr \/>\n<p>&nbsp;<\/p>\n<p><strong>CarTeck-Aktion 2023<\/strong><\/p>\n<p>W\u00e4rmeged\u00e4mmtes CarTeck-Garagentor GSW 40 mit Mittelsicke, Antrieb CarTeck Drive 500, 2-Kanal-Handsender<\/p>\n<p><strong>Frei w\u00e4hlbares Extra:<\/strong><\/p>\n<ul>\n<li>Zweiter Handsender oder<\/li>\n<li>Lichtschranke oder<\/li>\n<li>Wandinnentaster<\/li>\n<li>Teckentrup pflanzt einen zweiten Baum<\/li>\n<\/ul>\n<p><strong>\u00a0\u00a0\u00a0\u00a0\u00a0\u00a0\u00a0\u00a0\u00a0 UVP f\u00fcr Bauherren:<\/strong> ab 1.099 Euro<\/p>\n<p><strong>Ausstattungspakete <\/strong>(kostenpflichtig)<\/p>\n<ul>\n<li><strong>Designpaket<\/strong> mit Torblatt ohne Sicke und weiteren Farbt\u00f6nen<\/li>\n<li><strong>Sicherheitspaket<\/strong> mit RC2-Tor und Antrieb Drive 600<\/li>\n<li><strong>Lichtpaket<\/strong> mit LED-Beleuchtung f\u00fcr innen und au\u00dfen<\/li>\n<li><strong>Komfortpaket<\/strong> mit Wandtaster ENTRApin+<\/li>\n<\/ul>\n<p>&nbsp;<\/p>\n<hr \/>\n<p>&nbsp;<\/p>\n<p><a href=\"http:\/\/www.pr-neu.de\/newsroom\/wordpress\/wp-content\/uploads\/2023\/04\/23_10_CarTeck_2023_G-scaled.jpg\" target=\"_blank\" rel=\"noopener\"><img loading=\"lazy\" decoding=\"async\" class=\"aligncenter wp-image-15713 size-medium\" src=\"http:\/\/www.pr-neu.de\/newsroom\/wordpress\/wp-content\/uploads\/2023\/04\/23_10_CarTeck_2023_G-300x194.jpg\" alt=\"\" width=\"300\" height=\"194\" srcset=\"https:\/\/www.pr-neu.de\/newsroom\/wordpress\/wp-content\/uploads\/2023\/04\/23_10_CarTeck_2023_G-300x194.jpg 300w, https:\/\/www.pr-neu.de\/newsroom\/wordpress\/wp-content\/uploads\/2023\/04\/23_10_CarTeck_2023_G-1024x661.jpg 1024w, https:\/\/www.pr-neu.de\/newsroom\/wordpress\/wp-content\/uploads\/2023\/04\/23_10_CarTeck_2023_G-768x495.jpg 768w, https:\/\/www.pr-neu.de\/newsroom\/wordpress\/wp-content\/uploads\/2023\/04\/23_10_CarTeck_2023_G-1536x991.jpg 1536w, https:\/\/www.pr-neu.de\/newsroom\/wordpress\/wp-content\/uploads\/2023\/04\/23_10_CarTeck_2023_G-2048x1321.jpg 2048w, https:\/\/www.pr-neu.de\/newsroom\/wordpress\/wp-content\/uploads\/2023\/04\/23_10_CarTeck_2023_G-110x71.jpg 110w, https:\/\/www.pr-neu.de\/newsroom\/wordpress\/wp-content\/uploads\/2023\/04\/23_10_CarTeck_2023_G-420x271.jpg 420w, https:\/\/www.pr-neu.de\/newsroom\/wordpress\/wp-content\/uploads\/2023\/04\/23_10_CarTeck_2023_G-667x430.jpg 667w\" sizes=\"auto, (max-width: 300px) 100vw, 300px\" \/><\/a><\/p>\n<p style=\"text-align: center;\">Exklusive Trendfarben geh\u00f6ren in der aktuellen CarTeck-Aktion 2023 zur freien Wahl. Dunkle Grau- und Anthrazit-T\u00f6ne passen perfekt zu modernen Architektur-Konzepten.<\/p>\n<p>&nbsp;<\/p>\n<hr \/>\n<p>&nbsp;<\/p>\n<p><strong>Teckentrup: Door Solutions<\/strong><\/p>\n<p>Teckentrup z\u00e4hlt mit den Produktionswerken in Verl-S\u00fcrenheide (Hauptsitz, NRW) und Gro\u00dfz\u00f6beritz (Sachsen-Anhalt) sowie seinen 900 Mitarbeitern zu den gr\u00f6\u00dften Herstellern von T\u00fcren und Toren in Europa.<\/p>\n<p>Das in dritter Generation inhabergef\u00fchrte mittelst\u00e4ndische Familienunternehmen hat sich insbesondere den Werten Qualit\u00e4t, Design und Service verpflichtet. St\u00e4ndige Verbesserungen der Produkte und die Entwicklung neuer Technologien sind f\u00fcr Teckentrup selbstverst\u00e4ndlich. F\u00fcr die kontinuierliche Weiterentwicklung wurde im gesamten Unternehmen eine kundenzentrierte Ausrichtung (Customer Centricity) implementiert. So sorgt das Unternehmen daf\u00fcr, dass gemeinsam mit den Partnern stets die beste L\u00f6sung gefunden wird \u2013 hinsichtlich Design, Sicherheit und Service. Das Angebot umfasst Produktl\u00f6sungen aus den Bereichen HOME (Garagentore), PROFESSIONAL (Funktionst\u00fcren), INDUSTRIAL (Industrietore).<\/p>\n<p>Heute verbindet das 1932 gegr\u00fcndete Unternehmen Tradition mit Fortschritt und das stets \u201emade in Germany\u201c. Zahlreiche internationale Zertifizierungen sind die Basis f\u00fcr einen weltweit erfolgreichen Vertrieb der Produkte. Gesellschaftliche Verantwortung \u00fcbernimmt Teckentrup unter anderem durch die Erf\u00fcllung der \u201eCharta der Vielfalt\u201c.<\/p>\n<p>&nbsp;<\/p>\n<hr \/>\n<p>&nbsp;<\/p>\n<p>Abdruck honorarfrei, Belegexemplar erbeten<\/p>\n","protected":false},"excerpt":{"rendered":"<p>Im Juni startet die \u201eCarTeck Garagentor-Aktion 2023\u201c: \u00dcber seine Fachpartner bietet Teckentrup ein modernes Garagen-Sektionaltor mit elektrischem Antrieb f\u00fcr Neubau oder Sanierung zum Aktionspreis.<\/p>\n","protected":false},"author":9,"featured_media":15713,"comment_status":"closed","ping_status":"open","sticky":false,"template":"","format":"standard","meta":{"footnotes":""},"categories":[18],"tags":[2406,2408,102,218,2404,2402,565],"class_list":["post-15712","post","type-post","status-publish","format-standard","has-post-thumbnail","hentry","category-teckentrup","tag-aktion","tag-baum","tag-carteck","tag-garagentor","tag-online-konfigurator","tag-sektionaltor","tag-teckentrup"],"_links":{"self":[{"href":"https:\/\/www.pr-neu.de\/newsroom\/wp-json\/wp\/v2\/posts\/15712","targetHints":{"allow":["GET"]}}],"collection":[{"href":"https:\/\/www.pr-neu.de\/newsroom\/wp-json\/wp\/v2\/posts"}],"about":[{"href":"https:\/\/www.pr-neu.de\/newsroom\/wp-json\/wp\/v2\/types\/post"}],"author":[{"embeddable":true,"href":"https:\/\/www.pr-neu.de\/newsroom\/wp-json\/wp\/v2\/users\/9"}],"replies":[{"embeddable":true,"href":"https:\/\/www.pr-neu.de\/newsroom\/wp-json\/wp\/v2\/comments?post=15712"}],"version-history":[{"count":5,"href":"https:\/\/www.pr-neu.de\/newsroom\/wp-json\/wp\/v2\/posts\/15712\/revisions"}],"predecessor-version":[{"id":15949,"href":"https:\/\/www.pr-neu.de\/newsroom\/wp-json\/wp\/v2\/posts\/15712\/revisions\/15949"}],"wp:featuredmedia":[{"embeddable":true,"href":"https:\/\/www.pr-neu.de\/newsroom\/wp-json\/wp\/v2\/media\/15713"}],"wp:attachment":[{"href":"https:\/\/www.pr-neu.de\/newsroom\/wp-json\/wp\/v2\/media?parent=15712"}],"wp:term":[{"taxonomy":"category","embeddable":true,"href":"https:\/\/www.pr-neu.de\/newsroom\/wp-json\/wp\/v2\/categories?post=15712"},{"taxonomy":"post_tag","embeddable":true,"href":"https:\/\/www.pr-neu.de\/newsroom\/wp-json\/wp\/v2\/tags?post=15712"}],"curies":[{"name":"wp","href":"https:\/\/api.w.org\/{rel}","templated":true}]}}