{"id":15680,"date":"2023-04-17T08:00:15","date_gmt":"2023-04-17T06:00:15","guid":{"rendered":"https:\/\/www.pr-neu.de\/newsroom\/?p=15680"},"modified":"2023-04-14T09:49:21","modified_gmt":"2023-04-14T07:49:21","slug":"tuerenbau-zwischen-exponaten-und-besuchern","status":"publish","type":"post","link":"https:\/\/www.pr-neu.de\/newsroom\/tuerenbau-zwischen-exponaten-und-besuchern\/","title":{"rendered":"T\u00fcrenbau zwischen Exponaten und Besuchern"},"content":{"rendered":"<p>Deutsches Museum, M\u00fcnchen: Umbau im laufenden Betrieb<\/p>\n<p><strong>Das <em>Deutsche Museum<\/em> in M\u00fcnchen wird generalsaniert \u2013 noch bis 2028. Ein gro\u00dfes, \u00e4u\u00dferst komplexes Projekt, bei dem durch den heute strengeren Brandschutz insbesondere die Modernisierung der T\u00fcren viel Fachwissen erfordert. Der erste Bauabschnitt ist bereits abgeschlossen. Da die Arbeiten im laufenden Betrieb erfolgen, ist dieses Projekt nicht nur f\u00fcr die Planer, sondern auch f\u00fcr den Montage-Betrieb sehr anspruchsvoll. Heute sorgen mehr als 200 neue Stahlt\u00fcren von Teckentrup f\u00fcr Sicherheit nach dem Stand der Technik.<\/strong><\/p>\n<p>Seit 120 Jahren beeindruckt das Deutsche Museum in M\u00fcn\u00adchen seine Besucher mit naturwissenschaftlich-technischen Exponaten. Vor allem die Vorf\u00fchrungen mit praktischen Experi\u00admenten ziehen viele Menschen an. Doch auch der Technikfokus der Ausstellung(en) konnte den Zahn der Zeit nicht aufhalten: Das Geb\u00e4ude und seine Ausr\u00fcstung mussten auf den aktuellen Stand gebracht werden. Daher wird das Stammhaus auf der M\u00fcnchner Museumsinsel in einem lang\u00adfristigen Prozess per Generalsanierung zukunftsf\u00e4hig gemacht \u2013 und die Sanierung selbst wird zum ausstellungsw\u00fcrdigen Kunstst\u00fcck, dargeboten in einem gewaltigen Geb\u00e4udekomplex mit mehr als 66.000 Quadratmetern Ausstellungsfl\u00e4che. Zudem erfolgt das Schauspiel bei laufendem Betrieb. Etliche gro\u00dfe, schwere und empfindliche Exponate der rund 125.000 Ausstellungsst\u00fccke m\u00fcssen dabei in ihren R\u00e4umen bleiben. Ein ambitioniertes Projekt also, das die Bau-Teams besonders fordert. Entsprechend treiben die Verantwortlichen die Sanierung mit gro\u00dfer Vorsicht und Sorgfalt voran. Bereits 2015 begann der Umbau, die erste Phase ging 2022 zu Ende. Bis zum 125. Geburtstag im Jahr 2028 soll auch der zweite Abschnitt fertiggestellt sein.<\/p>\n<p><strong>Modernisierung und Sicherheit<\/strong><\/p>\n<p>In der langen Geschichte des Museums kam es auch zu Feuer- und Wassersch\u00e4den und die damals realisierten Brandab\u00adschnitte waren f\u00fcr heutige Vorgaben zu gro\u00df. Um den Schutz im Zuge der Modernisierung zu erh\u00f6hen, kamen daher dem Brand- und Hochwasserschutz \u2013 und auch der Flucht\u00adwegsicherung \u2013 besondere Bedeutung zu. So sch\u00fctzt heute eine neue Hochwas\u00adserschutzwand rund um das Geb\u00e4ude vor Flutsch\u00e4den durch die Isar. F\u00fcr den Feuerschutz wurden viele neue Brandschutzt\u00fcren eingebaut, exakt spezifiziert auf den jeweiligen Einsatzort. Hier mussten die Planer verschiedene bauliche Situationen ber\u00fccksichtigen \u2013 unterschiedliche Bestandsw\u00e4nde (Mauerwerk, Stahlbeton, Leichtbau) ebenso, wie diverse technische Profile (Gr\u00f6\u00dfe, Flucht- und Rettungswege bzw. Zugangsberechtigungen, T30\/T90, mit oder ohne Glaseinlass zur Durchsicht etc.).<\/p>\n<p><strong>Planung, Herstellung und Montage: <\/strong><strong>Hand in Hand zum optimalen Ergebnis<\/strong><\/p>\n<p>Mit der Jens Dunkel Glas- und Bauelemente GmbH hat sich ein im Objektgesch\u00e4ft und Museumsbau erfahrener Betrieb diesen Herausforderungen gestellt. 200 Stahlt\u00fcren (\u00fcberwiegend in den nicht-\u00f6ffentlichen Geb\u00e4udeteilen) galt es, im ersten Bauabschnitt zu planen und einzubauen. W\u00e4hrend der Bauphase sah sich Projektleiterin Ute Fiedler immer wieder mit Sonderf\u00e4llen konfrontiert, f\u00fcr die es gemeinsam mit Teckentrup vor Ort galt, pragmatisch L\u00f6sungen zu suchen und die ArchitektInnen fachkundig zu beraten. Der T\u00fcrenhersteller kennt die besonderen Anspr\u00fcche von Museen und sorgt in vielen H\u00e4usern weltweit f\u00fcr ad\u00e4quate Fluchtwegs- und Einbruchsicherheitsl\u00f6sungen, beispielsweise im Klimahaus Bremerhaven, im \u201eTate Modern\u201c in London oder im \u201eM+\u201c in Hong Kong.<\/p>\n<p>Zum Ende der ersten Bauphase lief der Aufbau von Exponaten und Ausstellungen gleichzeitig mit der T\u00fcrenmontage, der technischen Ausstattungen und den Testl\u00e4ufen. F\u00fcr diese Arbeiten parallel zum Museumsbetrieb galten sogar zus\u00e4tzliche Sicherheitsma\u00dfnahmen.<\/p>\n<p><strong>Sicherheit f\u00fcr Gegenwart und Zukunft<\/strong><\/p>\n<p>Rund 1,5 Millionen Menschen besuchen das Deutsche Museum jedes Jahr. Solche Besucherzahlen f\u00fchren zu einem ausgekl\u00fc\u00adgelten (Notfall-)Wegekonzept. Auch gro\u00dfe Durchg\u00e4nge, die im Normalfall die G\u00e4ste zum Durchtritt einladen, m\u00fcssen im Ernstfall zuverl\u00e4ssig schlie\u00dfen. Die Fluchtt\u00fcren wiederum m\u00fcssen sofort erkennbar und im Notfall leicht zu \u00f6ffnen sein. Im Optimum umfassen die Sicherheitsfunktionen dabei nicht nur die gegenw\u00e4rtige Situation, sondern sorgen auch noch in vielen Jahren f\u00fcr die Sicherheit von Besuchern und Exponaten. Das Deutsche Museum zeigt: Wenn die Beteiligten Hand in Hand zusammenarbeiten, lassen sich solche L\u00f6sungen finden. So wird das Museum 125 Jahre nach seiner Er\u00f6ffnung auf Stand der Technik und gut ger\u00fcstet f\u00fcr die Zukunft sein.<\/p>\n<p>&nbsp;<\/p>\n<hr \/>\n<p>&nbsp;<\/p>\n<p><strong>Zitat:<\/strong><\/p>\n<p>\u201eMit Teckentrup haben wir einen hervorragenden und verl\u00e4ss\u00adlichen Partner an unserer Seite, der uns in allen Belangen der Abwicklung bei derartigen Bauvorhaben ausgezeichnet unter\u00adst\u00fctzt. Dazu z\u00e4hlt u.a. die Hilfe bei der technischen Kl\u00e4rung, insbesondere der fachlich kompetenten Unterst\u00fctzung bei der Planung der Ausf\u00fchrung sowie die innovative Probleml\u00f6sung. Dies reicht bis zur zuverl\u00e4ssigen Zusammenarbeit mit der Logistikabteilung: Beengte Anlieferzonen und fest definierte Anlieferzeiten sind bei derart situierten und eng getakteten Pro\u00adjekten auch f\u00fcr die Fahrer immer wieder eine Herausforderung.\u201c<\/p>\n<p><em>Ute Fiedler, Projektleitung T\u00fcren, Jens Dunkel Glas- und Bauelemente GmbH, Burg.<\/em><\/p>\n<p>&nbsp;<\/p>\n<hr \/>\n<p>&nbsp;<\/p>\n<p><strong>Bautafel<\/strong><\/p>\n<p><strong>Standort:<\/strong> Museumsinsel 1, 80538 M\u00fcnchen<br \/>\n<strong>Bauherr:<\/strong> Deutsches Museum, M\u00fcnchen<br \/>\n<strong>Architekturb\u00fcro:<\/strong> RKW Architektur+, D\u00fcsseldorf<br \/>\nMontagebetrieb Objektt\u00fcren Jens Dunkel Glas- und Bauelemente GmbH, Burg<br \/>\n<strong>T\u00fcren:<\/strong> ca. 200 T\u00fcren, darunter feuerhemmende und -best\u00e4ndige T\u00fcren und Klappen \u2022 T30-1\/2-FSA \u201eTeckentrup 62\u201c \u2022 T90-1\/2-FSA \u201eTeckentrup 62\u201c)<br \/>\n<strong>Modernisierung\/Sanierung 1. Abschnitt:<\/strong> von 10\/2015 bis 07\/2022 (Er\u00f6ffnung)<\/p>\n<p>&nbsp;<\/p>\n<hr \/>\n<p>&nbsp;<\/p>\n<p><a href=\"http:\/\/www.pr-neu.de\/newsroom\/wordpress\/wp-content\/uploads\/2023\/04\/23_05_Deutsches_Museum_01_Aussenansicht_G-scaled.jpg\" target=\"_blank\" rel=\"noopener\"><img loading=\"lazy\" decoding=\"async\" class=\"aligncenter wp-image-15681 size-medium\" src=\"http:\/\/www.pr-neu.de\/newsroom\/wordpress\/wp-content\/uploads\/2023\/04\/23_05_Deutsches_Museum_01_Aussenansicht_G-300x234.jpg\" alt=\"\" width=\"300\" height=\"234\" srcset=\"https:\/\/www.pr-neu.de\/newsroom\/wordpress\/wp-content\/uploads\/2023\/04\/23_05_Deutsches_Museum_01_Aussenansicht_G-300x234.jpg 300w, https:\/\/www.pr-neu.de\/newsroom\/wordpress\/wp-content\/uploads\/2023\/04\/23_05_Deutsches_Museum_01_Aussenansicht_G-1024x799.jpg 1024w, https:\/\/www.pr-neu.de\/newsroom\/wordpress\/wp-content\/uploads\/2023\/04\/23_05_Deutsches_Museum_01_Aussenansicht_G-768x599.jpg 768w, https:\/\/www.pr-neu.de\/newsroom\/wordpress\/wp-content\/uploads\/2023\/04\/23_05_Deutsches_Museum_01_Aussenansicht_G-1536x1198.jpg 1536w, https:\/\/www.pr-neu.de\/newsroom\/wordpress\/wp-content\/uploads\/2023\/04\/23_05_Deutsches_Museum_01_Aussenansicht_G-2048x1597.jpg 2048w, https:\/\/www.pr-neu.de\/newsroom\/wordpress\/wp-content\/uploads\/2023\/04\/23_05_Deutsches_Museum_01_Aussenansicht_G-110x86.jpg 110w, https:\/\/www.pr-neu.de\/newsroom\/wordpress\/wp-content\/uploads\/2023\/04\/23_05_Deutsches_Museum_01_Aussenansicht_G-420x328.jpg 420w, https:\/\/www.pr-neu.de\/newsroom\/wordpress\/wp-content\/uploads\/2023\/04\/23_05_Deutsches_Museum_01_Aussenansicht_G-551x430.jpg 551w\" sizes=\"auto, (max-width: 300px) 100vw, 300px\" \/><\/a><\/p>\n<p style=\"text-align: center;\"><span style=\"text-align: center; font-size: 16px;\">Aktuell erreichen die Besucher den tempor\u00e4ren Eingang \u00fcber die Corneliusbr\u00fccke.<\/span><\/p>\n<p>&nbsp;<\/p>\n<p><a href=\"http:\/\/www.pr-neu.de\/newsroom\/wordpress\/wp-content\/uploads\/2023\/04\/23_05_Deutsches_Museum_02_Feuerschutztueren_G-scaled.jpg\" target=\"_blank\" rel=\"noopener\"><img loading=\"lazy\" decoding=\"async\" class=\"aligncenter wp-image-15682 size-medium\" src=\"http:\/\/www.pr-neu.de\/newsroom\/wordpress\/wp-content\/uploads\/2023\/04\/23_05_Deutsches_Museum_02_Feuerschutztueren_G-300x200.jpg\" alt=\"\" width=\"300\" height=\"200\" srcset=\"https:\/\/www.pr-neu.de\/newsroom\/wordpress\/wp-content\/uploads\/2023\/04\/23_05_Deutsches_Museum_02_Feuerschutztueren_G-300x200.jpg 300w, https:\/\/www.pr-neu.de\/newsroom\/wordpress\/wp-content\/uploads\/2023\/04\/23_05_Deutsches_Museum_02_Feuerschutztueren_G-1024x683.jpg 1024w, https:\/\/www.pr-neu.de\/newsroom\/wordpress\/wp-content\/uploads\/2023\/04\/23_05_Deutsches_Museum_02_Feuerschutztueren_G-768x512.jpg 768w, https:\/\/www.pr-neu.de\/newsroom\/wordpress\/wp-content\/uploads\/2023\/04\/23_05_Deutsches_Museum_02_Feuerschutztueren_G-1536x1025.jpg 1536w, https:\/\/www.pr-neu.de\/newsroom\/wordpress\/wp-content\/uploads\/2023\/04\/23_05_Deutsches_Museum_02_Feuerschutztueren_G-2048x1366.jpg 2048w, https:\/\/www.pr-neu.de\/newsroom\/wordpress\/wp-content\/uploads\/2023\/04\/23_05_Deutsches_Museum_02_Feuerschutztueren_G-110x73.jpg 110w, https:\/\/www.pr-neu.de\/newsroom\/wordpress\/wp-content\/uploads\/2023\/04\/23_05_Deutsches_Museum_02_Feuerschutztueren_G-420x280.jpg 420w, https:\/\/www.pr-neu.de\/newsroom\/wordpress\/wp-content\/uploads\/2023\/04\/23_05_Deutsches_Museum_02_Feuerschutztueren_G-645x430.jpg 645w\" sizes=\"auto, (max-width: 300px) 100vw, 300px\" \/><\/a><\/p>\n<p style=\"text-align: center;\">In den Katakomben: Auch hier spielt der Brandschutz eine wichtige Rolle. Mit den gro\u00dfen, zweifl\u00fcgeligen Feuerschutzabschl\u00fcssen \u201eTeckentrup 62\u201c sind die heutigen Anforderungen zuverl\u00e4ssig erf\u00fcllt.<\/p>\n<p>&nbsp;<\/p>\n<p><a href=\"http:\/\/www.pr-neu.de\/newsroom\/wordpress\/wp-content\/uploads\/2023\/04\/23_05_Deutsches_Museum_03_Durchgang_G-scaled.jpg\" target=\"_blank\" rel=\"noopener\"><img loading=\"lazy\" decoding=\"async\" class=\"aligncenter wp-image-15683 size-medium\" src=\"http:\/\/www.pr-neu.de\/newsroom\/wordpress\/wp-content\/uploads\/2023\/04\/23_05_Deutsches_Museum_03_Durchgang_G-300x247.jpg\" alt=\"\" width=\"300\" height=\"247\" srcset=\"https:\/\/www.pr-neu.de\/newsroom\/wordpress\/wp-content\/uploads\/2023\/04\/23_05_Deutsches_Museum_03_Durchgang_G-300x247.jpg 300w, https:\/\/www.pr-neu.de\/newsroom\/wordpress\/wp-content\/uploads\/2023\/04\/23_05_Deutsches_Museum_03_Durchgang_G-1024x843.jpg 1024w, https:\/\/www.pr-neu.de\/newsroom\/wordpress\/wp-content\/uploads\/2023\/04\/23_05_Deutsches_Museum_03_Durchgang_G-768x632.jpg 768w, https:\/\/www.pr-neu.de\/newsroom\/wordpress\/wp-content\/uploads\/2023\/04\/23_05_Deutsches_Museum_03_Durchgang_G-1536x1264.jpg 1536w, https:\/\/www.pr-neu.de\/newsroom\/wordpress\/wp-content\/uploads\/2023\/04\/23_05_Deutsches_Museum_03_Durchgang_G-2048x1685.jpg 2048w, https:\/\/www.pr-neu.de\/newsroom\/wordpress\/wp-content\/uploads\/2023\/04\/23_05_Deutsches_Museum_03_Durchgang_G-110x91.jpg 110w, https:\/\/www.pr-neu.de\/newsroom\/wordpress\/wp-content\/uploads\/2023\/04\/23_05_Deutsches_Museum_03_Durchgang_G-420x346.jpg 420w, https:\/\/www.pr-neu.de\/newsroom\/wordpress\/wp-content\/uploads\/2023\/04\/23_05_Deutsches_Museum_03_Durchgang_G-523x430.jpg 523w\" sizes=\"auto, (max-width: 300px) 100vw, 300px\" \/><\/a><\/p>\n<p style=\"text-align: center;\">Einfl\u00fcgelige Feuerschutzt\u00fcr vom Ausstellungsraum in den nicht-\u00d6ffentlichen Geb\u00e4udeteil.<\/p>\n<p>&nbsp;<\/p>\n<p><a href=\"http:\/\/www.pr-neu.de\/newsroom\/wordpress\/wp-content\/uploads\/2023\/04\/23_05_Deutsches_Museum_04_Notausgang_offen_G-scaled.jpg\" target=\"_blank\" rel=\"noopener\"><img loading=\"lazy\" decoding=\"async\" class=\"aligncenter wp-image-15684 size-medium\" src=\"http:\/\/www.pr-neu.de\/newsroom\/wordpress\/wp-content\/uploads\/2023\/04\/23_05_Deutsches_Museum_04_Notausgang_offen_G-200x300.jpg\" alt=\"\" width=\"200\" height=\"300\" srcset=\"https:\/\/www.pr-neu.de\/newsroom\/wordpress\/wp-content\/uploads\/2023\/04\/23_05_Deutsches_Museum_04_Notausgang_offen_G-200x300.jpg 200w, https:\/\/www.pr-neu.de\/newsroom\/wordpress\/wp-content\/uploads\/2023\/04\/23_05_Deutsches_Museum_04_Notausgang_offen_G-683x1024.jpg 683w, https:\/\/www.pr-neu.de\/newsroom\/wordpress\/wp-content\/uploads\/2023\/04\/23_05_Deutsches_Museum_04_Notausgang_offen_G-768x1151.jpg 768w, https:\/\/www.pr-neu.de\/newsroom\/wordpress\/wp-content\/uploads\/2023\/04\/23_05_Deutsches_Museum_04_Notausgang_offen_G-1025x1536.jpg 1025w, https:\/\/www.pr-neu.de\/newsroom\/wordpress\/wp-content\/uploads\/2023\/04\/23_05_Deutsches_Museum_04_Notausgang_offen_G-1366x2048.jpg 1366w, https:\/\/www.pr-neu.de\/newsroom\/wordpress\/wp-content\/uploads\/2023\/04\/23_05_Deutsches_Museum_04_Notausgang_offen_G-73x110.jpg 73w, https:\/\/www.pr-neu.de\/newsroom\/wordpress\/wp-content\/uploads\/2023\/04\/23_05_Deutsches_Museum_04_Notausgang_offen_G-280x420.jpg 280w, https:\/\/www.pr-neu.de\/newsroom\/wordpress\/wp-content\/uploads\/2023\/04\/23_05_Deutsches_Museum_04_Notausgang_offen_G-287x430.jpg 287w, https:\/\/www.pr-neu.de\/newsroom\/wordpress\/wp-content\/uploads\/2023\/04\/23_05_Deutsches_Museum_04_Notausgang_offen_G-scaled.jpg 1708w\" sizes=\"auto, (max-width: 200px) 100vw, 200px\" \/><\/a><\/p>\n<p><a href=\"http:\/\/www.pr-neu.de\/newsroom\/wordpress\/wp-content\/uploads\/2023\/04\/23_05_Deutsches_Museum_05_Notausgang_G-scaled.jpg\" target=\"_blank\" rel=\"noopener\"><img loading=\"lazy\" decoding=\"async\" class=\"aligncenter wp-image-15685 size-medium\" src=\"http:\/\/www.pr-neu.de\/newsroom\/wordpress\/wp-content\/uploads\/2023\/04\/23_05_Deutsches_Museum_05_Notausgang_G-200x300.jpg\" alt=\"\" width=\"200\" height=\"300\" srcset=\"https:\/\/www.pr-neu.de\/newsroom\/wordpress\/wp-content\/uploads\/2023\/04\/23_05_Deutsches_Museum_05_Notausgang_G-200x300.jpg 200w, https:\/\/www.pr-neu.de\/newsroom\/wordpress\/wp-content\/uploads\/2023\/04\/23_05_Deutsches_Museum_05_Notausgang_G-683x1024.jpg 683w, https:\/\/www.pr-neu.de\/newsroom\/wordpress\/wp-content\/uploads\/2023\/04\/23_05_Deutsches_Museum_05_Notausgang_G-768x1151.jpg 768w, https:\/\/www.pr-neu.de\/newsroom\/wordpress\/wp-content\/uploads\/2023\/04\/23_05_Deutsches_Museum_05_Notausgang_G-1025x1536.jpg 1025w, https:\/\/www.pr-neu.de\/newsroom\/wordpress\/wp-content\/uploads\/2023\/04\/23_05_Deutsches_Museum_05_Notausgang_G-1366x2048.jpg 1366w, https:\/\/www.pr-neu.de\/newsroom\/wordpress\/wp-content\/uploads\/2023\/04\/23_05_Deutsches_Museum_05_Notausgang_G-73x110.jpg 73w, https:\/\/www.pr-neu.de\/newsroom\/wordpress\/wp-content\/uploads\/2023\/04\/23_05_Deutsches_Museum_05_Notausgang_G-280x420.jpg 280w, https:\/\/www.pr-neu.de\/newsroom\/wordpress\/wp-content\/uploads\/2023\/04\/23_05_Deutsches_Museum_05_Notausgang_G-287x430.jpg 287w, https:\/\/www.pr-neu.de\/newsroom\/wordpress\/wp-content\/uploads\/2023\/04\/23_05_Deutsches_Museum_05_Notausgang_G-scaled.jpg 1708w\" sizes=\"auto, (max-width: 200px) 100vw, 200px\" \/><\/a><\/p>\n<p style=\"text-align: center;\">Gro\u00dfe, einfl\u00fcgelige Feuerschutz- und Rettungswegst\u00fcr mit Obent\u00fcrschlie\u00dfer im Ausstellungstrakt.<\/p>\n<p>&nbsp;<\/p>\n<p><a href=\"http:\/\/www.pr-neu.de\/newsroom\/wordpress\/wp-content\/uploads\/2023\/04\/23_05_Deutsches_Museum_06_Brandschutztueren_G-scaled.jpg\" target=\"_blank\" rel=\"noopener\"><img loading=\"lazy\" decoding=\"async\" class=\"aligncenter wp-image-15686 size-medium\" src=\"http:\/\/www.pr-neu.de\/newsroom\/wordpress\/wp-content\/uploads\/2023\/04\/23_05_Deutsches_Museum_06_Brandschutztueren_G-184x300.jpg\" alt=\"\" width=\"184\" height=\"300\" srcset=\"https:\/\/www.pr-neu.de\/newsroom\/wordpress\/wp-content\/uploads\/2023\/04\/23_05_Deutsches_Museum_06_Brandschutztueren_G-184x300.jpg 184w, https:\/\/www.pr-neu.de\/newsroom\/wordpress\/wp-content\/uploads\/2023\/04\/23_05_Deutsches_Museum_06_Brandschutztueren_G-628x1024.jpg 628w, https:\/\/www.pr-neu.de\/newsroom\/wordpress\/wp-content\/uploads\/2023\/04\/23_05_Deutsches_Museum_06_Brandschutztueren_G-768x1252.jpg 768w, https:\/\/www.pr-neu.de\/newsroom\/wordpress\/wp-content\/uploads\/2023\/04\/23_05_Deutsches_Museum_06_Brandschutztueren_G-942x1536.jpg 942w, https:\/\/www.pr-neu.de\/newsroom\/wordpress\/wp-content\/uploads\/2023\/04\/23_05_Deutsches_Museum_06_Brandschutztueren_G-1256x2048.jpg 1256w, https:\/\/www.pr-neu.de\/newsroom\/wordpress\/wp-content\/uploads\/2023\/04\/23_05_Deutsches_Museum_06_Brandschutztueren_G-67x110.jpg 67w, https:\/\/www.pr-neu.de\/newsroom\/wordpress\/wp-content\/uploads\/2023\/04\/23_05_Deutsches_Museum_06_Brandschutztueren_G-258x420.jpg 258w, https:\/\/www.pr-neu.de\/newsroom\/wordpress\/wp-content\/uploads\/2023\/04\/23_05_Deutsches_Museum_06_Brandschutztueren_G-264x430.jpg 264w, https:\/\/www.pr-neu.de\/newsroom\/wordpress\/wp-content\/uploads\/2023\/04\/23_05_Deutsches_Museum_06_Brandschutztueren_G-scaled.jpg 1570w\" sizes=\"auto, (max-width: 184px) 100vw, 184px\" \/><\/a><\/p>\n<p><a href=\"http:\/\/www.pr-neu.de\/newsroom\/wordpress\/wp-content\/uploads\/2023\/04\/23_05_Deutsches_Museum_07_Brandschutztueren_G-scaled.jpg\" target=\"_blank\" rel=\"noopener\"><img loading=\"lazy\" decoding=\"async\" class=\"aligncenter wp-image-15687 size-medium\" src=\"http:\/\/www.pr-neu.de\/newsroom\/wordpress\/wp-content\/uploads\/2023\/04\/23_05_Deutsches_Museum_07_Brandschutztueren_G-184x300.jpg\" alt=\"\" width=\"184\" height=\"300\" srcset=\"https:\/\/www.pr-neu.de\/newsroom\/wordpress\/wp-content\/uploads\/2023\/04\/23_05_Deutsches_Museum_07_Brandschutztueren_G-184x300.jpg 184w, https:\/\/www.pr-neu.de\/newsroom\/wordpress\/wp-content\/uploads\/2023\/04\/23_05_Deutsches_Museum_07_Brandschutztueren_G-627x1024.jpg 627w, https:\/\/www.pr-neu.de\/newsroom\/wordpress\/wp-content\/uploads\/2023\/04\/23_05_Deutsches_Museum_07_Brandschutztueren_G-768x1254.jpg 768w, https:\/\/www.pr-neu.de\/newsroom\/wordpress\/wp-content\/uploads\/2023\/04\/23_05_Deutsches_Museum_07_Brandschutztueren_G-940x1536.jpg 940w, https:\/\/www.pr-neu.de\/newsroom\/wordpress\/wp-content\/uploads\/2023\/04\/23_05_Deutsches_Museum_07_Brandschutztueren_G-1254x2048.jpg 1254w, https:\/\/www.pr-neu.de\/newsroom\/wordpress\/wp-content\/uploads\/2023\/04\/23_05_Deutsches_Museum_07_Brandschutztueren_G-67x110.jpg 67w, https:\/\/www.pr-neu.de\/newsroom\/wordpress\/wp-content\/uploads\/2023\/04\/23_05_Deutsches_Museum_07_Brandschutztueren_G-257x420.jpg 257w, https:\/\/www.pr-neu.de\/newsroom\/wordpress\/wp-content\/uploads\/2023\/04\/23_05_Deutsches_Museum_07_Brandschutztueren_G-263x430.jpg 263w, https:\/\/www.pr-neu.de\/newsroom\/wordpress\/wp-content\/uploads\/2023\/04\/23_05_Deutsches_Museum_07_Brandschutztueren_G-scaled.jpg 1567w\" sizes=\"auto, (max-width: 184px) 100vw, 184px\" \/><\/a><\/p>\n<p style=\"text-align: center;\">Die feuerbest\u00e4ndige T\u00fcr T90-1-FSA \u201eTeckentrup 62\u201c ist Teil des Brandschutzkonzepts \u2013 hier in den neugestalteten Ausstellungs\u00acr\u00e4umen und im Sanit\u00e4rtrakt.<\/p>\n<p>&nbsp;<\/p>\n<p><a href=\"http:\/\/www.pr-neu.de\/newsroom\/wordpress\/wp-content\/uploads\/2023\/04\/23_05_Deutsches_Museum_08_Tuertechnik_G-scaled.jpg\" target=\"_blank\" rel=\"noopener\"><img loading=\"lazy\" decoding=\"async\" class=\"aligncenter wp-image-15688 size-medium\" src=\"http:\/\/www.pr-neu.de\/newsroom\/wordpress\/wp-content\/uploads\/2023\/04\/23_05_Deutsches_Museum_08_Tuertechnik_G-300x200.jpg\" alt=\"\" width=\"300\" height=\"200\" srcset=\"https:\/\/www.pr-neu.de\/newsroom\/wordpress\/wp-content\/uploads\/2023\/04\/23_05_Deutsches_Museum_08_Tuertechnik_G-300x200.jpg 300w, https:\/\/www.pr-neu.de\/newsroom\/wordpress\/wp-content\/uploads\/2023\/04\/23_05_Deutsches_Museum_08_Tuertechnik_G-1024x683.jpg 1024w, https:\/\/www.pr-neu.de\/newsroom\/wordpress\/wp-content\/uploads\/2023\/04\/23_05_Deutsches_Museum_08_Tuertechnik_G-768x512.jpg 768w, https:\/\/www.pr-neu.de\/newsroom\/wordpress\/wp-content\/uploads\/2023\/04\/23_05_Deutsches_Museum_08_Tuertechnik_G-1536x1025.jpg 1536w, https:\/\/www.pr-neu.de\/newsroom\/wordpress\/wp-content\/uploads\/2023\/04\/23_05_Deutsches_Museum_08_Tuertechnik_G-2048x1366.jpg 2048w, https:\/\/www.pr-neu.de\/newsroom\/wordpress\/wp-content\/uploads\/2023\/04\/23_05_Deutsches_Museum_08_Tuertechnik_G-110x73.jpg 110w, https:\/\/www.pr-neu.de\/newsroom\/wordpress\/wp-content\/uploads\/2023\/04\/23_05_Deutsches_Museum_08_Tuertechnik_G-420x280.jpg 420w, https:\/\/www.pr-neu.de\/newsroom\/wordpress\/wp-content\/uploads\/2023\/04\/23_05_Deutsches_Museum_08_Tuertechnik_G-645x430.jpg 645w\" sizes=\"auto, (max-width: 300px) 100vw, 300px\" \/><\/a><\/p>\n<p style=\"text-align: center;\">Ein Gro\u00dfteil der 200 Brandschutzt\u00fcren ist in den nicht \u00f6ffentlich zug\u00e4nglichen Teilen des Museums eingebaut. Je nach Anforde-rung sind es T90-2-FSA \u201eTeckentrup 62\u201c, Dickfalz, gepr\u00fcft nach EN 1634-1 (DIN 4102) mit Anschluss an die Rauchmeldezentrale und mit Ausl\u00f6setaster versehen. Ebenso gibt es Ausf\u00fchrungen mit Panikschloss, Standfl\u00fcgelverriegelung und Haftmagneten.<\/p>\n<p>&nbsp;<\/p>\n<p><a href=\"http:\/\/www.pr-neu.de\/newsroom\/wordpress\/wp-content\/uploads\/2023\/04\/23_05_Deutsches_Museum_09_Treppenhaus_G-scaled.jpg\" target=\"_blank\" rel=\"noopener\"><img loading=\"lazy\" decoding=\"async\" class=\"aligncenter wp-image-15689 size-medium\" src=\"http:\/\/www.pr-neu.de\/newsroom\/wordpress\/wp-content\/uploads\/2023\/04\/23_05_Deutsches_Museum_09_Treppenhaus_G-300x200.jpg\" alt=\"\" width=\"300\" height=\"200\" srcset=\"https:\/\/www.pr-neu.de\/newsroom\/wordpress\/wp-content\/uploads\/2023\/04\/23_05_Deutsches_Museum_09_Treppenhaus_G-300x200.jpg 300w, https:\/\/www.pr-neu.de\/newsroom\/wordpress\/wp-content\/uploads\/2023\/04\/23_05_Deutsches_Museum_09_Treppenhaus_G-1024x683.jpg 1024w, https:\/\/www.pr-neu.de\/newsroom\/wordpress\/wp-content\/uploads\/2023\/04\/23_05_Deutsches_Museum_09_Treppenhaus_G-768x512.jpg 768w, https:\/\/www.pr-neu.de\/newsroom\/wordpress\/wp-content\/uploads\/2023\/04\/23_05_Deutsches_Museum_09_Treppenhaus_G-1536x1025.jpg 1536w, https:\/\/www.pr-neu.de\/newsroom\/wordpress\/wp-content\/uploads\/2023\/04\/23_05_Deutsches_Museum_09_Treppenhaus_G-2048x1366.jpg 2048w, https:\/\/www.pr-neu.de\/newsroom\/wordpress\/wp-content\/uploads\/2023\/04\/23_05_Deutsches_Museum_09_Treppenhaus_G-110x73.jpg 110w, https:\/\/www.pr-neu.de\/newsroom\/wordpress\/wp-content\/uploads\/2023\/04\/23_05_Deutsches_Museum_09_Treppenhaus_G-420x280.jpg 420w, https:\/\/www.pr-neu.de\/newsroom\/wordpress\/wp-content\/uploads\/2023\/04\/23_05_Deutsches_Museum_09_Treppenhaus_G-645x430.jpg 645w\" sizes=\"auto, (max-width: 300px) 100vw, 300px\" \/><\/a><\/p>\n<p style=\"text-align: center;\">Unter den rund 28.000 Exponaten befinden sich Bekanntheiten wie das turmhohe Foucault\u00b4sche Pendel. Vor\u00fcbergehend mussten sie ihren Platz r\u00e4umen, mittlerweile stehen sie wissbegierigen Blicken wieder zur Verf\u00fcgung.<\/p>\n<p style=\"text-align: center;\">Bilder: Eblenkamp \/ Deutsches Museum \/ Teckentrup<\/p>\n<p>&nbsp;<\/p>\n<hr \/>\n<p>&nbsp;<\/p>\n<p>Abdruck honorarfrei, Belegexemplar erbeten<\/p>\n<p>&nbsp;<\/p>\n","protected":false},"excerpt":{"rendered":"<p>Das Deutsche Museum in M\u00fcnchen wird generalsaniert: Ein gro\u00dfes, \u00e4u\u00dferst komplexes Projekt, bei dem durch den heute strengeren Brandschutz insbesondere die Modernisierung der T\u00fcren viel Fachwissen erfordert. <\/p>\n","protected":false},"author":9,"featured_media":15681,"comment_status":"closed","ping_status":"open","sticky":false,"template":"","format":"standard","meta":{"footnotes":""},"categories":[18],"tags":[94,2388,199,2424,2422,1713,466,2394,565,2392,2390],"class_list":["post-15680","post","type-post","status-publish","format-standard","has-post-thumbnail","hentry","category-teckentrup","tag-brandschutz","tag-deutsches-museum","tag-feuerschutz","tag-fluchtwege","tag-muenchen","tag-museum","tag-sicherheit","tag-stahltuer","tag-teckentrup","tag-tuerenbau","tag-umbau"],"_links":{"self":[{"href":"https:\/\/www.pr-neu.de\/newsroom\/wp-json\/wp\/v2\/posts\/15680","targetHints":{"allow":["GET"]}}],"collection":[{"href":"https:\/\/www.pr-neu.de\/newsroom\/wp-json\/wp\/v2\/posts"}],"about":[{"href":"https:\/\/www.pr-neu.de\/newsroom\/wp-json\/wp\/v2\/types\/post"}],"author":[{"embeddable":true,"href":"https:\/\/www.pr-neu.de\/newsroom\/wp-json\/wp\/v2\/users\/9"}],"replies":[{"embeddable":true,"href":"https:\/\/www.pr-neu.de\/newsroom\/wp-json\/wp\/v2\/comments?post=15680"}],"version-history":[{"count":9,"href":"https:\/\/www.pr-neu.de\/newsroom\/wp-json\/wp\/v2\/posts\/15680\/revisions"}],"predecessor-version":[{"id":15735,"href":"https:\/\/www.pr-neu.de\/newsroom\/wp-json\/wp\/v2\/posts\/15680\/revisions\/15735"}],"wp:featuredmedia":[{"embeddable":true,"href":"https:\/\/www.pr-neu.de\/newsroom\/wp-json\/wp\/v2\/media\/15681"}],"wp:attachment":[{"href":"https:\/\/www.pr-neu.de\/newsroom\/wp-json\/wp\/v2\/media?parent=15680"}],"wp:term":[{"taxonomy":"category","embeddable":true,"href":"https:\/\/www.pr-neu.de\/newsroom\/wp-json\/wp\/v2\/categories?post=15680"},{"taxonomy":"post_tag","embeddable":true,"href":"https:\/\/www.pr-neu.de\/newsroom\/wp-json\/wp\/v2\/tags?post=15680"}],"curies":[{"name":"wp","href":"https:\/\/api.w.org\/{rel}","templated":true}]}}