{"id":15632,"date":"2023-04-05T08:00:22","date_gmt":"2023-04-05T06:00:22","guid":{"rendered":"https:\/\/www.pr-neu.de\/newsroom\/?p=15632"},"modified":"2023-04-04T16:08:52","modified_gmt":"2023-04-04T14:08:52","slug":"der-mix-im-mix","status":"publish","type":"post","link":"https:\/\/www.pr-neu.de\/newsroom\/der-mix-im-mix\/","title":{"rendered":"Der Mix im Mix"},"content":{"rendered":"<p><u>Wohn- und Gesch\u00e4ftshaus \u201eGare Du Nord\u201c in Freiburg<\/u><\/p>\n<p><strong>Freiburg erschlie\u00dft das Gel\u00e4nde des ehemaligen G\u00fcterbahnhofs als neues Stadtquartier mit einem breiten Nutzungsmix. M\u00e4ckler Architekten greifen diese Mix-Idee auf und mischen in ihrem Neubau \u201eGare du Nord\u201c nicht nur Gewerbe, B\u00fcros und Wohnungen, sondern arbeiten die unterschiedlichen Funktionen auch architektonisch heraus. So wird der Bau zum identit\u00e4tsstiftenden Solit\u00e4r f\u00fcr das moderne Viertel.<\/strong><\/p>\n<p>Etwa zwei Kilometer n\u00f6rdlich der Freiburger Altstadt liegt der ehemalige G\u00fcterbahnhof. Hier entsteht auf rund 21 Hektar ein neues Stadtquartier. An seinen R\u00e4ndern sind Gewerbefl\u00e4chen geplant, f\u00fcr das Zentrum ist eine abwechslungsreiche Mischung aus B\u00fcro-, Gesch\u00e4fts- und Wohnfl\u00e4chen vorgesehen.<\/p>\n<p>Eines der ersten Geb\u00e4ude auf dem Konversionsgebiet ist das auff\u00e4llige Wohn- und Gesch\u00e4ftshaus von M\u00e4ckler Architekten (Frankfurt\/Main). Der Sechsgeschosser mit dem passenden Namen \u201eGare du Nord\u201c nimmt diesen Mix auf. Die Planer ordneten die unterschiedlichen Nutzungen, die jeweils \u00fcber einen separaten Eingang verf\u00fcgen, vertikal im Geb\u00e4ude an. Im Erdschoss befindet sich eine Gewerbefl\u00e4che mit einzelnen Ladengesch\u00e4ften, dar\u00fcber schlie\u00dfen sich zwei B\u00fcroetagen an. \u00dcber den Eingang im seitlich angeordneten Wohnhof gelangen Bewohner und Besucher zu einem imposanten, oval geformten Treppenaufgang mit Oberlicht, der zu den drei oberen Wohngeschossen f\u00fchrt. Nach au\u00dfen sind die unterschiedlichen Geb\u00e4udezwecke deutlich an den Dimensionen der Fenster ablesbar: Je \u00f6ffentlicher die Nutzung, desto gro\u00dfz\u00fcgiger die Fensterfl\u00e4che. Gleichfalls heben sich die beiden Volumina des Bauk\u00f6rpers mit ihren unterschiedlich gestalteten, hochged\u00e4mmten Putzfassaden deutlich voneinander ab \u2013 insgesamt ein aufregendes, charakterstarkes Farb- und Materialkonzept, durch das der Bau zum Herzst\u00fcck des neuen Quartiers wird.<\/p>\n<p>&nbsp;<\/p>\n<hr \/>\n<p>&nbsp;<\/p>\n<p><strong>Bautafel: Wohn-\/Gesch\u00e4ftshaus \u201eGare Du Nord\u201c, Freiburg<\/strong><\/p>\n<p>Standort<br \/>\nEugen-Martin-Stra\u00dfe 8, Freiburg im Breisgau<\/p>\n<p>Bauherr<br \/>\nWohnen und Arbeiten im Gare du Nord<\/p>\n<p>Architekt<br \/>\nM\u00e4ckler Architekten, Frankfurt am Main, (Entwurf)<br \/>\nHetzel + Ortholf Freie Architekten, Freiburg (Realisation)<\/p>\n<p>Fachhandwerker<br \/>\nB. Sope, Schallstadt<\/p>\n<p>Fassade<br \/>\nNicht brennbares Fassadend\u00e4mmsystem (StoTherm Cell),<br \/>\nOberputz, teilweise Kammputz-Textur (StoSignature Linear 30)<\/p>\n<p>&nbsp;<\/p>\n<hr \/>\n<p>&nbsp;<\/p>\n<p><a href=\"http:\/\/www.pr-neu.de\/newsroom\/wordpress\/wp-content\/uploads\/2023\/04\/23-14_Freiburg_Maeckler_01_G-scaled.jpg\" target=\"_blank\" rel=\"noopener\"><img loading=\"lazy\" decoding=\"async\" class=\"aligncenter wp-image-15633 size-medium\" src=\"http:\/\/www.pr-neu.de\/newsroom\/wordpress\/wp-content\/uploads\/2023\/04\/23-14_Freiburg_Maeckler_01_G-300x240.jpg\" alt=\"\" width=\"300\" height=\"240\" srcset=\"https:\/\/www.pr-neu.de\/newsroom\/wordpress\/wp-content\/uploads\/2023\/04\/23-14_Freiburg_Maeckler_01_G-300x240.jpg 300w, https:\/\/www.pr-neu.de\/newsroom\/wordpress\/wp-content\/uploads\/2023\/04\/23-14_Freiburg_Maeckler_01_G-1024x819.jpg 1024w, https:\/\/www.pr-neu.de\/newsroom\/wordpress\/wp-content\/uploads\/2023\/04\/23-14_Freiburg_Maeckler_01_G-768x614.jpg 768w, https:\/\/www.pr-neu.de\/newsroom\/wordpress\/wp-content\/uploads\/2023\/04\/23-14_Freiburg_Maeckler_01_G-1536x1229.jpg 1536w, https:\/\/www.pr-neu.de\/newsroom\/wordpress\/wp-content\/uploads\/2023\/04\/23-14_Freiburg_Maeckler_01_G-2048x1638.jpg 2048w, https:\/\/www.pr-neu.de\/newsroom\/wordpress\/wp-content\/uploads\/2023\/04\/23-14_Freiburg_Maeckler_01_G-110x88.jpg 110w, https:\/\/www.pr-neu.de\/newsroom\/wordpress\/wp-content\/uploads\/2023\/04\/23-14_Freiburg_Maeckler_01_G-420x336.jpg 420w, https:\/\/www.pr-neu.de\/newsroom\/wordpress\/wp-content\/uploads\/2023\/04\/23-14_Freiburg_Maeckler_01_G-538x430.jpg 538w\" sizes=\"auto, (max-width: 300px) 100vw, 300px\" \/><\/a><\/p>\n<p style=\"text-align: center;\">Die nach au\u00dfen klare Ablesbarkeit der Nutzung sowie die rotbraune Farbgebung machen das Wohn- und Gesch\u00e4ftshaus zu einem identit\u00e4tsstiftenden Bau des Viertels.<\/p>\n<p>&nbsp;<\/p>\n<p style=\"text-align: center;\"><a href=\"http:\/\/www.pr-neu.de\/newsroom\/wordpress\/wp-content\/uploads\/2023\/04\/23-14_Freiburg_Maeckler_02_G-scaled.jpg\" target=\"_blank\" rel=\"noopener\"><img loading=\"lazy\" decoding=\"async\" class=\"wp-image-15634 size-medium\" src=\"http:\/\/www.pr-neu.de\/newsroom\/wordpress\/wp-content\/uploads\/2023\/04\/23-14_Freiburg_Maeckler_02_G-225x300.jpg\" alt=\"\" width=\"225\" height=\"300\" srcset=\"https:\/\/www.pr-neu.de\/newsroom\/wordpress\/wp-content\/uploads\/2023\/04\/23-14_Freiburg_Maeckler_02_G-225x300.jpg 225w, https:\/\/www.pr-neu.de\/newsroom\/wordpress\/wp-content\/uploads\/2023\/04\/23-14_Freiburg_Maeckler_02_G-768x1024.jpg 768w, https:\/\/www.pr-neu.de\/newsroom\/wordpress\/wp-content\/uploads\/2023\/04\/23-14_Freiburg_Maeckler_02_G-1152x1536.jpg 1152w, https:\/\/www.pr-neu.de\/newsroom\/wordpress\/wp-content\/uploads\/2023\/04\/23-14_Freiburg_Maeckler_02_G-1536x2048.jpg 1536w, https:\/\/www.pr-neu.de\/newsroom\/wordpress\/wp-content\/uploads\/2023\/04\/23-14_Freiburg_Maeckler_02_G-83x110.jpg 83w, https:\/\/www.pr-neu.de\/newsroom\/wordpress\/wp-content\/uploads\/2023\/04\/23-14_Freiburg_Maeckler_02_G-315x420.jpg 315w, https:\/\/www.pr-neu.de\/newsroom\/wordpress\/wp-content\/uploads\/2023\/04\/23-14_Freiburg_Maeckler_02_G-323x430.jpg 323w, https:\/\/www.pr-neu.de\/newsroom\/wordpress\/wp-content\/uploads\/2023\/04\/23-14_Freiburg_Maeckler_02_G-scaled.jpg 1920w\" sizes=\"auto, (max-width: 225px) 100vw, 225px\" \/><\/a><\/p>\n<p style=\"text-align: center;\">Fenster spielen eine wichtige Rolle beim \u201eGare du Nord\u201c. Je nach Nutzung dahinter sind sie in Gr\u00f6\u00dfe und Farbe unterschiedlich angelegt.<\/p>\n<p>&nbsp;<\/p>\n<p style=\"text-align: center;\"><a href=\"http:\/\/www.pr-neu.de\/newsroom\/wordpress\/wp-content\/uploads\/2023\/04\/23-14_Freiburg_Maeckler_03_G-scaled.jpg\" target=\"_blank\" rel=\"noopener\"><img loading=\"lazy\" decoding=\"async\" class=\"aligncenter wp-image-15635 size-medium\" src=\"http:\/\/www.pr-neu.de\/newsroom\/wordpress\/wp-content\/uploads\/2023\/04\/23-14_Freiburg_Maeckler_03_G-240x300.jpg\" alt=\"\" width=\"240\" height=\"300\" srcset=\"https:\/\/www.pr-neu.de\/newsroom\/wordpress\/wp-content\/uploads\/2023\/04\/23-14_Freiburg_Maeckler_03_G-240x300.jpg 240w, https:\/\/www.pr-neu.de\/newsroom\/wordpress\/wp-content\/uploads\/2023\/04\/23-14_Freiburg_Maeckler_03_G-819x1024.jpg 819w, https:\/\/www.pr-neu.de\/newsroom\/wordpress\/wp-content\/uploads\/2023\/04\/23-14_Freiburg_Maeckler_03_G-768x960.jpg 768w, https:\/\/www.pr-neu.de\/newsroom\/wordpress\/wp-content\/uploads\/2023\/04\/23-14_Freiburg_Maeckler_03_G-1229x1536.jpg 1229w, https:\/\/www.pr-neu.de\/newsroom\/wordpress\/wp-content\/uploads\/2023\/04\/23-14_Freiburg_Maeckler_03_G-1638x2048.jpg 1638w, https:\/\/www.pr-neu.de\/newsroom\/wordpress\/wp-content\/uploads\/2023\/04\/23-14_Freiburg_Maeckler_03_G-88x110.jpg 88w, https:\/\/www.pr-neu.de\/newsroom\/wordpress\/wp-content\/uploads\/2023\/04\/23-14_Freiburg_Maeckler_03_G-336x420.jpg 336w, https:\/\/www.pr-neu.de\/newsroom\/wordpress\/wp-content\/uploads\/2023\/04\/23-14_Freiburg_Maeckler_03_G-344x430.jpg 344w, https:\/\/www.pr-neu.de\/newsroom\/wordpress\/wp-content\/uploads\/2023\/04\/23-14_Freiburg_Maeckler_03_G-scaled.jpg 2048w\" sizes=\"auto, (max-width: 240px) 100vw, 240px\" \/><\/a><\/p>\n<p style=\"text-align: center;\">Das auskragende, gro\u00dffl\u00e4chig transparent gestaltete Treppenhaus.<\/p>\n<p>&nbsp;<\/p>\n<p style=\"text-align: center;\"><a href=\"http:\/\/www.pr-neu.de\/newsroom\/wordpress\/wp-content\/uploads\/2023\/04\/23-14_Freiburg_Maeckler_04_G-scaled.jpg\" target=\"_blank\" rel=\"noopener\"><img loading=\"lazy\" decoding=\"async\" class=\"aligncenter wp-image-15636 size-medium\" src=\"http:\/\/www.pr-neu.de\/newsroom\/wordpress\/wp-content\/uploads\/2023\/04\/23-14_Freiburg_Maeckler_04_G-300x225.jpg\" alt=\"\" width=\"300\" height=\"225\" srcset=\"https:\/\/www.pr-neu.de\/newsroom\/wordpress\/wp-content\/uploads\/2023\/04\/23-14_Freiburg_Maeckler_04_G-300x225.jpg 300w, https:\/\/www.pr-neu.de\/newsroom\/wordpress\/wp-content\/uploads\/2023\/04\/23-14_Freiburg_Maeckler_04_G-1024x768.jpg 1024w, https:\/\/www.pr-neu.de\/newsroom\/wordpress\/wp-content\/uploads\/2023\/04\/23-14_Freiburg_Maeckler_04_G-768x576.jpg 768w, https:\/\/www.pr-neu.de\/newsroom\/wordpress\/wp-content\/uploads\/2023\/04\/23-14_Freiburg_Maeckler_04_G-1536x1152.jpg 1536w, https:\/\/www.pr-neu.de\/newsroom\/wordpress\/wp-content\/uploads\/2023\/04\/23-14_Freiburg_Maeckler_04_G-2048x1536.jpg 2048w, https:\/\/www.pr-neu.de\/newsroom\/wordpress\/wp-content\/uploads\/2023\/04\/23-14_Freiburg_Maeckler_04_G-110x83.jpg 110w, https:\/\/www.pr-neu.de\/newsroom\/wordpress\/wp-content\/uploads\/2023\/04\/23-14_Freiburg_Maeckler_04_G-420x315.jpg 420w, https:\/\/www.pr-neu.de\/newsroom\/wordpress\/wp-content\/uploads\/2023\/04\/23-14_Freiburg_Maeckler_04_G-573x430.jpg 573w\" sizes=\"auto, (max-width: 300px) 100vw, 300px\" \/><\/a><\/p>\n<p style=\"text-align: center;\">Detail Eingang Wohnungen.<\/p>\n<p style=\"text-align: center;\">Fotos: Thomas Eicken \/ Sto SE &amp; Co. KGaA<\/p>\n<p>&nbsp;<\/p>\n<hr \/>\n<p>&nbsp;<\/p>\n<p><strong>Sto: Als Technologief\u00fchrer auf Kurs<\/strong><\/p>\n<p>Die Sto SE &amp; Co. KGaA (St\u00fchlingen) ist ein international f\u00fchrender Hersteller von Produkten und Systemen zur Beschichtung von Geb\u00e4uden. Ihr breites Portfolio umfasst Farben, Putze, Lacke, Fassaden-D\u00e4mmsysteme, Werkstoffe f\u00fcr die Betoninstandsetzung, Bodenbeschichtungen, Akustik- und vorgeh\u00e4ngte hinterl\u00fcftete Fassadensysteme. Der Leitgedanke \u201eBewusst bauen\u201c verdeutlicht in zwei Worten das Selbstverst\u00e4ndnis der Sto-Gruppe, das \u00f6kologische und gesellschaftliche Verantwortung einschlie\u00dft.<\/p>\n<p>&nbsp;<\/p>\n<hr \/>\n<p>&nbsp;<\/p>\n<p>Abdruck honorarfrei, Belegexemplar erbeten<\/p>\n","protected":false},"excerpt":{"rendered":"<p>Wohn- und Gesch\u00e4ftshaus \u201eGare Du Nord\u201c in Freiburg<\/p>\n","protected":false},"author":9,"featured_media":15633,"comment_status":"closed","ping_status":"open","sticky":false,"template":"","format":"standard","meta":{"footnotes":""},"categories":[15],"tags":[62,187,2113,2354,1975,2356,374,414,504],"class_list":["post-15632","post","type-post","status-publish","format-standard","has-post-thumbnail","hentry","category-sto","tag-architektur","tag-fassade","tag-freiburg","tag-gare-du-nord","tag-gebaeude","tag-gueterbahnhof","tag-neubau","tag-putz","tag-sto-2"],"_links":{"self":[{"href":"https:\/\/www.pr-neu.de\/newsroom\/wp-json\/wp\/v2\/posts\/15632","targetHints":{"allow":["GET"]}}],"collection":[{"href":"https:\/\/www.pr-neu.de\/newsroom\/wp-json\/wp\/v2\/posts"}],"about":[{"href":"https:\/\/www.pr-neu.de\/newsroom\/wp-json\/wp\/v2\/types\/post"}],"author":[{"embeddable":true,"href":"https:\/\/www.pr-neu.de\/newsroom\/wp-json\/wp\/v2\/users\/9"}],"replies":[{"embeddable":true,"href":"https:\/\/www.pr-neu.de\/newsroom\/wp-json\/wp\/v2\/comments?post=15632"}],"version-history":[{"count":3,"href":"https:\/\/www.pr-neu.de\/newsroom\/wp-json\/wp\/v2\/posts\/15632\/revisions"}],"predecessor-version":[{"id":17425,"href":"https:\/\/www.pr-neu.de\/newsroom\/wp-json\/wp\/v2\/posts\/15632\/revisions\/17425"}],"wp:featuredmedia":[{"embeddable":true,"href":"https:\/\/www.pr-neu.de\/newsroom\/wp-json\/wp\/v2\/media\/15633"}],"wp:attachment":[{"href":"https:\/\/www.pr-neu.de\/newsroom\/wp-json\/wp\/v2\/media?parent=15632"}],"wp:term":[{"taxonomy":"category","embeddable":true,"href":"https:\/\/www.pr-neu.de\/newsroom\/wp-json\/wp\/v2\/categories?post=15632"},{"taxonomy":"post_tag","embeddable":true,"href":"https:\/\/www.pr-neu.de\/newsroom\/wp-json\/wp\/v2\/tags?post=15632"}],"curies":[{"name":"wp","href":"https:\/\/api.w.org\/{rel}","templated":true}]}}