{"id":15613,"date":"2023-05-23T16:00:34","date_gmt":"2023-05-23T14:00:34","guid":{"rendered":"https:\/\/www.pr-neu.de\/newsroom\/?p=15613"},"modified":"2025-10-06T10:44:27","modified_gmt":"2025-10-06T08:44:27","slug":"vielfaeltige-beschattung","status":"publish","type":"post","link":"https:\/\/www.pr-neu.de\/newsroom\/vielfaeltige-beschattung\/","title":{"rendered":"Vielf\u00e4ltige Beschattung"},"content":{"rendered":"<p><u>Neu: Schiebel\u00e4den f\u00fcr Terrassend\u00e4cher von TS-Aluminium<\/u><\/p>\n<p><strong>Mit den neuen Schiebel\u00e4den entstehen unter einem Terrassendach wind- und sonnengesch\u00fctzte Ruhezonen. An beliebigen Seiten auch nachtr\u00e4glich erg\u00e4nzbar, l\u00e4sst sich so noch mehr Komfort schaffen. Die Konstruktion von TS-Aluminium f\u00fcgt sich auch architektonisch harmonisch an das Terrassendach an.<\/strong><\/p>\n<p>Das Lamellendach von TS-Aluminium bietet mit zahlreichen Erweiterungen viel Gestaltungsfreiheit und Komfort. Mit den neuen Schiebel\u00e4den l\u00e4sst sich das Terrassendach jetzt sogar um W\u00e4nde erg\u00e4nzen, die sich ganz nach Wunsch vor Sonne und Wind verschlie\u00dfen lassen. Diese Seitenlamellen passen optisch zu den Lamellen am Dach. So wird die \u00fcberdachte Zone zum wind- und wettergesch\u00fctzten Refugium oder steht als sonnendurchfluteter Outdoor-Platz bereit. Die Ma\u00dfe reichen bis 6,00 Meter Breite und 4,50 Meter Tiefe, direkt vor die Wand montiert oder freistehend.<\/p>\n<p>Als erstes \u00dcberdachungssystem ist es au\u00dferdem m\u00f6glich, das Lamellendach mit einem Flachdach zu kombinieren. Weitere Extras sind u.a. eine LED-Beleuchtung und Heizsysteme. Der Farbgestaltung des Lamellendaches sind dank der werkseitigen Pulverbeschichtung keine Grenzen gesetzt \u2013 und die Profile kommen gleich im Wunschfarbton auf die Baustelle.<\/p>\n<p>Mehr Infos unter:<br \/>\nhttps:\/\/www.ts-alu.com\/produkte\/dachprofilsysteme\/lamellendach\/<\/p>\n<p>&nbsp;<\/p>\n<hr \/>\n<p>&nbsp;<\/p>\n<figure id=\"attachment_15614\" aria-describedby=\"caption-attachment-15614\" style=\"width: 300px\" class=\"wp-caption aligncenter\"><a href=\"http:\/\/www.pr-neu.de\/newsroom\/wordpress\/wp-content\/uploads\/2023\/03\/23-09_Schiebelaeden_G-scaled.jpg\" target=\"_blank\" rel=\"noopener\"><img loading=\"lazy\" decoding=\"async\" class=\"wp-image-15614 size-medium\" src=\"http:\/\/www.pr-neu.de\/newsroom\/wordpress\/wp-content\/uploads\/2023\/03\/23-09_Schiebelaeden_G-300x225.jpg\" alt=\"\" width=\"300\" height=\"225\" srcset=\"https:\/\/www.pr-neu.de\/newsroom\/wordpress\/wp-content\/uploads\/2023\/03\/23-09_Schiebelaeden_G-300x225.jpg 300w, https:\/\/www.pr-neu.de\/newsroom\/wordpress\/wp-content\/uploads\/2023\/03\/23-09_Schiebelaeden_G-1024x768.jpg 1024w, https:\/\/www.pr-neu.de\/newsroom\/wordpress\/wp-content\/uploads\/2023\/03\/23-09_Schiebelaeden_G-768x576.jpg 768w, https:\/\/www.pr-neu.de\/newsroom\/wordpress\/wp-content\/uploads\/2023\/03\/23-09_Schiebelaeden_G-1536x1152.jpg 1536w, https:\/\/www.pr-neu.de\/newsroom\/wordpress\/wp-content\/uploads\/2023\/03\/23-09_Schiebelaeden_G-2048x1536.jpg 2048w, https:\/\/www.pr-neu.de\/newsroom\/wordpress\/wp-content\/uploads\/2023\/03\/23-09_Schiebelaeden_G-110x83.jpg 110w, https:\/\/www.pr-neu.de\/newsroom\/wordpress\/wp-content\/uploads\/2023\/03\/23-09_Schiebelaeden_G-420x315.jpg 420w, https:\/\/www.pr-neu.de\/newsroom\/wordpress\/wp-content\/uploads\/2023\/03\/23-09_Schiebelaeden_G-573x430.jpg 573w\" sizes=\"auto, (max-width: 300px) 100vw, 300px\" \/><\/a><figcaption id=\"caption-attachment-15614\" class=\"wp-caption-text\">In Kombination mit dem Lamellendach von TS-Aluminium entsteht eine optisch abgestimmte Gesamtkonstruktion \u2013 mit einer Rundumbeschattung nach Wunsch.<\/figcaption><\/figure>\n<p>&nbsp;<\/p>\n<p style=\"text-align: center;\"><a href=\"http:\/\/www.pr-neu.de\/newsroom\/wordpress\/wp-content\/uploads\/2023\/03\/23-09_Schiebelaeden_SLA-32_System_G-scaled.jpg\" target=\"_blank\" rel=\"noopener\"><img loading=\"lazy\" decoding=\"async\" class=\"aligncenter wp-image-15615 size-medium\" src=\"http:\/\/www.pr-neu.de\/newsroom\/wordpress\/wp-content\/uploads\/2023\/03\/23-09_Schiebelaeden_SLA-32_System_G-261x300.jpg\" alt=\"\" width=\"261\" height=\"300\" srcset=\"https:\/\/www.pr-neu.de\/newsroom\/wordpress\/wp-content\/uploads\/2023\/03\/23-09_Schiebelaeden_SLA-32_System_G-261x300.jpg 261w, https:\/\/www.pr-neu.de\/newsroom\/wordpress\/wp-content\/uploads\/2023\/03\/23-09_Schiebelaeden_SLA-32_System_G-889x1024.jpg 889w, https:\/\/www.pr-neu.de\/newsroom\/wordpress\/wp-content\/uploads\/2023\/03\/23-09_Schiebelaeden_SLA-32_System_G-768x884.jpg 768w, https:\/\/www.pr-neu.de\/newsroom\/wordpress\/wp-content\/uploads\/2023\/03\/23-09_Schiebelaeden_SLA-32_System_G-1334x1536.jpg 1334w, https:\/\/www.pr-neu.de\/newsroom\/wordpress\/wp-content\/uploads\/2023\/03\/23-09_Schiebelaeden_SLA-32_System_G-1779x2048.jpg 1779w, https:\/\/www.pr-neu.de\/newsroom\/wordpress\/wp-content\/uploads\/2023\/03\/23-09_Schiebelaeden_SLA-32_System_G-96x110.jpg 96w, https:\/\/www.pr-neu.de\/newsroom\/wordpress\/wp-content\/uploads\/2023\/03\/23-09_Schiebelaeden_SLA-32_System_G-365x420.jpg 365w, https:\/\/www.pr-neu.de\/newsroom\/wordpress\/wp-content\/uploads\/2023\/03\/23-09_Schiebelaeden_SLA-32_System_G-373x430.jpg 373w\" sizes=\"auto, (max-width: 261px) 100vw, 261px\" \/><\/a><\/p>\n<p style=\"text-align: center;\"><a href=\"http:\/\/www.pr-neu.de\/newsroom\/wordpress\/wp-content\/uploads\/2023\/03\/23-09_Schiebelaeden_SLA-48_System_G-scaled.jpg\" target=\"_blank\" rel=\"noopener\"><img loading=\"lazy\" decoding=\"async\" class=\"aligncenter wp-image-15616 size-medium\" src=\"http:\/\/www.pr-neu.de\/newsroom\/wordpress\/wp-content\/uploads\/2023\/03\/23-09_Schiebelaeden_SLA-48_System_G-261x300.jpg\" alt=\"\" width=\"261\" height=\"300\" srcset=\"https:\/\/www.pr-neu.de\/newsroom\/wordpress\/wp-content\/uploads\/2023\/03\/23-09_Schiebelaeden_SLA-48_System_G-261x300.jpg 261w, https:\/\/www.pr-neu.de\/newsroom\/wordpress\/wp-content\/uploads\/2023\/03\/23-09_Schiebelaeden_SLA-48_System_G-890x1024.jpg 890w, https:\/\/www.pr-neu.de\/newsroom\/wordpress\/wp-content\/uploads\/2023\/03\/23-09_Schiebelaeden_SLA-48_System_G-768x884.jpg 768w, https:\/\/www.pr-neu.de\/newsroom\/wordpress\/wp-content\/uploads\/2023\/03\/23-09_Schiebelaeden_SLA-48_System_G-1335x1536.jpg 1335w, https:\/\/www.pr-neu.de\/newsroom\/wordpress\/wp-content\/uploads\/2023\/03\/23-09_Schiebelaeden_SLA-48_System_G-1780x2048.jpg 1780w, https:\/\/www.pr-neu.de\/newsroom\/wordpress\/wp-content\/uploads\/2023\/03\/23-09_Schiebelaeden_SLA-48_System_G-96x110.jpg 96w, https:\/\/www.pr-neu.de\/newsroom\/wordpress\/wp-content\/uploads\/2023\/03\/23-09_Schiebelaeden_SLA-48_System_G-365x420.jpg 365w, https:\/\/www.pr-neu.de\/newsroom\/wordpress\/wp-content\/uploads\/2023\/03\/23-09_Schiebelaeden_SLA-48_System_G-374x430.jpg 374w\" sizes=\"auto, (max-width: 261px) 100vw, 261px\" \/><\/a><\/p>\n<p style=\"text-align: center;\">Mit den neuen Schiebel\u00e4den lassen sich auch die Seiten der Terrassendachkonstruktion ganz nach Wunsch vor Sonne und Wind verschlie\u00dfen.<\/p>\n<p style=\"text-align: center;\">Bilder: TS-Aluminium-Profilsysteme GmbH &amp; Co. KG<\/p>\n<p>&nbsp;<\/p>\n<hr \/>\n<p>&nbsp;<\/p>\n<p>Abdruck honorarfrei, Belegexemplar erbeten<\/p>\n","protected":false},"excerpt":{"rendered":"<p>Mit den neuen Schiebel\u00e4den entstehen unter einem Terrassendach wind- und sonnengesch\u00fctzte Ruhezonen. An beliebigen Seiten auch nachtr\u00e4glich erg\u00e4nzbar, l\u00e4sst sich so noch mehr Komfort schaffen. <\/p>\n","protected":false},"author":10,"featured_media":15614,"comment_status":"closed","ping_status":"open","sticky":false,"template":"","format":"standard","meta":{"footnotes":""},"categories":[1761],"tags":[2336,1883,2334,1895,1793,2338],"class_list":["post-15613","post","type-post","status-publish","format-standard","has-post-thumbnail","hentry","category-ts-aluminium","tag-konstruktion","tag-lamellendach","tag-schiebelaeden","tag-terrassendach","tag-ts-aluminium","tag-ueberdachungssystem"],"_links":{"self":[{"href":"https:\/\/www.pr-neu.de\/newsroom\/wp-json\/wp\/v2\/posts\/15613","targetHints":{"allow":["GET"]}}],"collection":[{"href":"https:\/\/www.pr-neu.de\/newsroom\/wp-json\/wp\/v2\/posts"}],"about":[{"href":"https:\/\/www.pr-neu.de\/newsroom\/wp-json\/wp\/v2\/types\/post"}],"author":[{"embeddable":true,"href":"https:\/\/www.pr-neu.de\/newsroom\/wp-json\/wp\/v2\/users\/10"}],"replies":[{"embeddable":true,"href":"https:\/\/www.pr-neu.de\/newsroom\/wp-json\/wp\/v2\/comments?post=15613"}],"version-history":[{"count":7,"href":"https:\/\/www.pr-neu.de\/newsroom\/wp-json\/wp\/v2\/posts\/15613\/revisions"}],"predecessor-version":[{"id":17945,"href":"https:\/\/www.pr-neu.de\/newsroom\/wp-json\/wp\/v2\/posts\/15613\/revisions\/17945"}],"wp:featuredmedia":[{"embeddable":true,"href":"https:\/\/www.pr-neu.de\/newsroom\/wp-json\/wp\/v2\/media\/15614"}],"wp:attachment":[{"href":"https:\/\/www.pr-neu.de\/newsroom\/wp-json\/wp\/v2\/media?parent=15613"}],"wp:term":[{"taxonomy":"category","embeddable":true,"href":"https:\/\/www.pr-neu.de\/newsroom\/wp-json\/wp\/v2\/categories?post=15613"},{"taxonomy":"post_tag","embeddable":true,"href":"https:\/\/www.pr-neu.de\/newsroom\/wp-json\/wp\/v2\/tags?post=15613"}],"curies":[{"name":"wp","href":"https:\/\/api.w.org\/{rel}","templated":true}]}}