{"id":15602,"date":"2023-03-22T13:54:37","date_gmt":"2023-03-22T12:54:37","guid":{"rendered":"https:\/\/www.pr-neu.de\/newsroom\/?p=15602"},"modified":"2023-03-22T13:55:10","modified_gmt":"2023-03-22T12:55:10","slug":"leise-heizen","status":"publish","type":"post","link":"https:\/\/www.pr-neu.de\/newsroom\/leise-heizen\/","title":{"rendered":"Leise heizen"},"content":{"rendered":"<p><u>ISH: Hanno d\u00e4mmt W\u00e4rmepumpen<\/u><\/p>\n<p><strong>Klimager\u00e4te, Heizungs- und L\u00fcftungsanlagen sollen ihren Dienst lautlos verrichten. Hanno stellte jetzt zur ISH innovative D\u00e4mmstoffe vor, die Schall, W\u00e4rme und Vibrationen an diesen Ger\u00e4ten d\u00e4mpfen. Ein Highlight ist der neue hydrophobe Melaminharz-Schaumstoff Hanno-Tect-F-free. Durch den Verzicht auf Fluor ist er umweltvertr\u00e4glicher und damit nachhaltiger \u2013 ohne qualitative Einschr\u00e4nkungen.<\/strong><\/p>\n<p>Um Klimager\u00e4te und Heizungs- und L\u00fcftungsanlagen ger\u00e4uscharm zu betreiben, entwickelt und produziert der Dicht- und D\u00e4mmspezialist Hanno (Laatzen) hochwertige, leistungsf\u00e4hige und zuverl\u00e4ssige Schall- und W\u00e4rmed\u00e4mmstoffe. Auf der ISH pr\u00e4sentierte das Unternehmen jetzt individuelle L\u00f6sungen mit Fokus f\u00fcr den Wachstumsmarkt W\u00e4rmepumpe. \u201eWir freuen uns \u00fcber die starke Resonanz auf der Messe \u2013 beim D\u00e4mmen erkennen wir einen hohen Bedarf \u201c, fasst Markus Fehrmann, res\u00fcmiert Vertriebsleiter bei Hanno.<\/p>\n<p><strong>Hanno-Tect-F-free: Hydrophob und ohne Fluor<\/strong><\/p>\n<p>Der offenzellige Melamin-Schaumstoff Hanno-Tect-F-free ist das erste wasserabweisend impr\u00e4gnierte Hanno-Produkt, das ohne Fluor auskommt und dadurch umweltvertr\u00e4glicher ist. Der hydrophob eingestellte Schaumstoff absorbiert Schall effektiv und ist mit nur zehn Kilogramm pro Kubikmeter ein echtes Leichtgewicht. Hanno-Tect-F-free hat eine geringe W\u00e4rmeleitf\u00e4higkeit (\u03bb &lt; 0,035 W\/mK) und punktet zudem durch sein sehr gutes Brandverhalten (HL2 nach EN 45545).<\/p>\n<p><strong>Hanno-Protecto pf: L\u00e4rmbek\u00e4mpfung mit System<\/strong><\/p>\n<p>Hanno-Protecto pf sind Entdr\u00f6hnmaterialien f\u00fcr Geh\u00e4use- und Kapselfl\u00e4chen unter anderem in der K\u00e4lte-, Klima- und L\u00fcftungstechnik. Die mit Bitumen impr\u00e4gnierten Wollfilzpappen und -folien wirken auf allen Metallen und Kunststoffen stabilisierend, versteifend und gewichtserh\u00f6hend. Das d\u00e4mpft beziehungsweise verhindert den K\u00f6rperschall, der somit auch nicht zum Luftschall wird.<\/p>\n<p><strong>Hanno-Fiber: Vielseitiger Allrounder zur Schalld\u00e4mmung und Isolierung<\/strong><\/p>\n<p>Das Polyestervlies Hanno-Fiber eignet sich zur Schall- und W\u00e4rmed\u00e4mmung in K\u00e4lte-, Klima- und L\u00fcftungsanlagen. Das Allroundprodukt ist sowohl hydro- als auch oleophob erh\u00e4ltlich.<\/p>\n<p>&nbsp;<\/p>\n<hr \/>\n<p>&nbsp;<\/p>\n<p style=\"text-align: center;\"><a href=\"http:\/\/www.pr-neu.de\/newsroom\/wordpress\/wp-content\/uploads\/2023\/03\/23-08_ISH_Nachbericht_Hanno_Messestand_G-scaled.jpg\" target=\"_blank\" rel=\"noopener\"><img loading=\"lazy\" decoding=\"async\" class=\"wp-image-15603 size-medium\" src=\"http:\/\/www.pr-neu.de\/newsroom\/wordpress\/wp-content\/uploads\/2023\/03\/23-08_ISH_Nachbericht_Hanno_Messestand_G-300x225.jpg\" alt=\"\" width=\"300\" height=\"225\" srcset=\"https:\/\/www.pr-neu.de\/newsroom\/wordpress\/wp-content\/uploads\/2023\/03\/23-08_ISH_Nachbericht_Hanno_Messestand_G-300x225.jpg 300w, https:\/\/www.pr-neu.de\/newsroom\/wordpress\/wp-content\/uploads\/2023\/03\/23-08_ISH_Nachbericht_Hanno_Messestand_G-1024x768.jpg 1024w, https:\/\/www.pr-neu.de\/newsroom\/wordpress\/wp-content\/uploads\/2023\/03\/23-08_ISH_Nachbericht_Hanno_Messestand_G-768x576.jpg 768w, https:\/\/www.pr-neu.de\/newsroom\/wordpress\/wp-content\/uploads\/2023\/03\/23-08_ISH_Nachbericht_Hanno_Messestand_G-1536x1152.jpg 1536w, https:\/\/www.pr-neu.de\/newsroom\/wordpress\/wp-content\/uploads\/2023\/03\/23-08_ISH_Nachbericht_Hanno_Messestand_G-2048x1536.jpg 2048w, https:\/\/www.pr-neu.de\/newsroom\/wordpress\/wp-content\/uploads\/2023\/03\/23-08_ISH_Nachbericht_Hanno_Messestand_G-110x83.jpg 110w, https:\/\/www.pr-neu.de\/newsroom\/wordpress\/wp-content\/uploads\/2023\/03\/23-08_ISH_Nachbericht_Hanno_Messestand_G-420x315.jpg 420w, https:\/\/www.pr-neu.de\/newsroom\/wordpress\/wp-content\/uploads\/2023\/03\/23-08_ISH_Nachbericht_Hanno_Messestand_G-573x430.jpg 573w\" sizes=\"auto, (max-width: 300px) 100vw, 300px\" \/><\/a><\/p>\n<p style=\"text-align: center;\">Stefan Mahmutovic (links) und Katarzyna Eckhardt (rechts) begr\u00fc\u00dfen als Teil des Hanno-Messeteams die Besucher am Stand auf der ISH.<\/p>\n<p>&nbsp;<\/p>\n<p style=\"text-align: center;\"><a href=\"http:\/\/www.pr-neu.de\/newsroom\/wordpress\/wp-content\/uploads\/2023\/03\/23-08_Hanno-Tect-F-free_G-scaled.jpg\" target=\"_blank\" rel=\"noopener\"><img loading=\"lazy\" decoding=\"async\" class=\"wp-image-15606 size-medium\" src=\"http:\/\/www.pr-neu.de\/newsroom\/wordpress\/wp-content\/uploads\/2023\/03\/23-08_Hanno-Tect-F-free_G-300x169.jpg\" alt=\"\" width=\"300\" height=\"169\" srcset=\"https:\/\/www.pr-neu.de\/newsroom\/wordpress\/wp-content\/uploads\/2023\/03\/23-08_Hanno-Tect-F-free_G-300x169.jpg 300w, https:\/\/www.pr-neu.de\/newsroom\/wordpress\/wp-content\/uploads\/2023\/03\/23-08_Hanno-Tect-F-free_G-1024x578.jpg 1024w, https:\/\/www.pr-neu.de\/newsroom\/wordpress\/wp-content\/uploads\/2023\/03\/23-08_Hanno-Tect-F-free_G-768x434.jpg 768w, https:\/\/www.pr-neu.de\/newsroom\/wordpress\/wp-content\/uploads\/2023\/03\/23-08_Hanno-Tect-F-free_G-1536x867.jpg 1536w, https:\/\/www.pr-neu.de\/newsroom\/wordpress\/wp-content\/uploads\/2023\/03\/23-08_Hanno-Tect-F-free_G-2048x1156.jpg 2048w, https:\/\/www.pr-neu.de\/newsroom\/wordpress\/wp-content\/uploads\/2023\/03\/23-08_Hanno-Tect-F-free_G-110x62.jpg 110w, https:\/\/www.pr-neu.de\/newsroom\/wordpress\/wp-content\/uploads\/2023\/03\/23-08_Hanno-Tect-F-free_G-420x237.jpg 420w, https:\/\/www.pr-neu.de\/newsroom\/wordpress\/wp-content\/uploads\/2023\/03\/23-08_Hanno-Tect-F-free_G-770x430.jpg 770w, https:\/\/www.pr-neu.de\/newsroom\/wordpress\/wp-content\/uploads\/2023\/03\/23-08_Hanno-Tect-F-free_G-762x430.jpg 762w\" sizes=\"auto, (max-width: 300px) 100vw, 300px\" \/><\/a><\/p>\n<p style=\"text-align: center;\">Hanno-Tect-F-free absorbiert Schall effektiv. Der D\u00e4mmstoff ist fluorfrei und somit umweltvertr\u00e4glicher.<\/p>\n<p>&nbsp;<\/p>\n<p>&nbsp;<\/p>\n<p style=\"text-align: center;\"><a href=\"http:\/\/www.pr-neu.de\/newsroom\/wordpress\/wp-content\/uploads\/2023\/03\/23-08_Hanno-Protecto_pf_G-scaled.jpg\" target=\"_blank\" rel=\"noopener\"><img loading=\"lazy\" decoding=\"async\" class=\"wp-image-15605 size-medium\" src=\"http:\/\/www.pr-neu.de\/newsroom\/wordpress\/wp-content\/uploads\/2023\/03\/23-08_Hanno-Protecto_pf_G-171x300.jpg\" alt=\"\" width=\"171\" height=\"300\" srcset=\"https:\/\/www.pr-neu.de\/newsroom\/wordpress\/wp-content\/uploads\/2023\/03\/23-08_Hanno-Protecto_pf_G-171x300.jpg 171w, https:\/\/www.pr-neu.de\/newsroom\/wordpress\/wp-content\/uploads\/2023\/03\/23-08_Hanno-Protecto_pf_G-585x1024.jpg 585w, https:\/\/www.pr-neu.de\/newsroom\/wordpress\/wp-content\/uploads\/2023\/03\/23-08_Hanno-Protecto_pf_G-768x1344.jpg 768w, https:\/\/www.pr-neu.de\/newsroom\/wordpress\/wp-content\/uploads\/2023\/03\/23-08_Hanno-Protecto_pf_G-878x1536.jpg 878w, https:\/\/www.pr-neu.de\/newsroom\/wordpress\/wp-content\/uploads\/2023\/03\/23-08_Hanno-Protecto_pf_G-1170x2048.jpg 1170w, https:\/\/www.pr-neu.de\/newsroom\/wordpress\/wp-content\/uploads\/2023\/03\/23-08_Hanno-Protecto_pf_G-63x110.jpg 63w, https:\/\/www.pr-neu.de\/newsroom\/wordpress\/wp-content\/uploads\/2023\/03\/23-08_Hanno-Protecto_pf_G-240x420.jpg 240w, https:\/\/www.pr-neu.de\/newsroom\/wordpress\/wp-content\/uploads\/2023\/03\/23-08_Hanno-Protecto_pf_G-246x430.jpg 246w, https:\/\/www.pr-neu.de\/newsroom\/wordpress\/wp-content\/uploads\/2023\/03\/23-08_Hanno-Protecto_pf_G-scaled.jpg 1463w\" sizes=\"auto, (max-width: 171px) 100vw, 171px\" \/><\/a><\/p>\n<p style=\"text-align: center;\">Die Entdr\u00f6hnmaterialien Hanno-Protecto pf verhindern die K\u00f6rperschall- und Luftschallausbreitung in der K\u00e4lte- und Klimatechnik.<\/p>\n<p>&nbsp;<\/p>\n<p>&nbsp;<\/p>\n<p style=\"text-align: center;\"><a href=\"http:\/\/www.pr-neu.de\/newsroom\/wordpress\/wp-content\/uploads\/2023\/03\/23-08_Hanno-Fiber_30_AL_und_Fiber_23_HAL_G-scaled.jpg\" target=\"_blank\" rel=\"noopener\"><img loading=\"lazy\" decoding=\"async\" class=\"wp-image-15604 size-medium\" src=\"http:\/\/www.pr-neu.de\/newsroom\/wordpress\/wp-content\/uploads\/2023\/03\/23-08_Hanno-Fiber_30_AL_und_Fiber_23_HAL_G-300x187.jpg\" alt=\"\" width=\"300\" height=\"187\" srcset=\"https:\/\/www.pr-neu.de\/newsroom\/wordpress\/wp-content\/uploads\/2023\/03\/23-08_Hanno-Fiber_30_AL_und_Fiber_23_HAL_G-300x187.jpg 300w, https:\/\/www.pr-neu.de\/newsroom\/wordpress\/wp-content\/uploads\/2023\/03\/23-08_Hanno-Fiber_30_AL_und_Fiber_23_HAL_G-1024x640.jpg 1024w, https:\/\/www.pr-neu.de\/newsroom\/wordpress\/wp-content\/uploads\/2023\/03\/23-08_Hanno-Fiber_30_AL_und_Fiber_23_HAL_G-768x480.jpg 768w, https:\/\/www.pr-neu.de\/newsroom\/wordpress\/wp-content\/uploads\/2023\/03\/23-08_Hanno-Fiber_30_AL_und_Fiber_23_HAL_G-1536x960.jpg 1536w, https:\/\/www.pr-neu.de\/newsroom\/wordpress\/wp-content\/uploads\/2023\/03\/23-08_Hanno-Fiber_30_AL_und_Fiber_23_HAL_G-2048x1280.jpg 2048w, https:\/\/www.pr-neu.de\/newsroom\/wordpress\/wp-content\/uploads\/2023\/03\/23-08_Hanno-Fiber_30_AL_und_Fiber_23_HAL_G-110x69.jpg 110w, https:\/\/www.pr-neu.de\/newsroom\/wordpress\/wp-content\/uploads\/2023\/03\/23-08_Hanno-Fiber_30_AL_und_Fiber_23_HAL_G-420x262.jpg 420w, https:\/\/www.pr-neu.de\/newsroom\/wordpress\/wp-content\/uploads\/2023\/03\/23-08_Hanno-Fiber_30_AL_und_Fiber_23_HAL_G-688x430.jpg 688w\" sizes=\"auto, (max-width: 300px) 100vw, 300px\" \/><\/a><\/p>\n<p style=\"text-align: center;\">Hanno-Fiber: Polyestervlies zur Schall- und W\u00e4rmed\u00e4mmung.<\/p>\n<p style=\"text-align: center;\">Alle Bilder: Hanno Werk GmbH &amp; Co. KG<\/p>\n<p>&nbsp;<\/p>\n<hr \/>\n<p>&nbsp;<\/p>\n<p>Abdruck honorarfrei, Belegexemplar erbeten<\/p>\n","protected":false},"excerpt":{"rendered":"<p>ISH: Hanno d\u00e4mmt W\u00e4rmepumpen<\/p>\n","protected":false},"author":10,"featured_media":15603,"comment_status":"closed","ping_status":"open","sticky":false,"template":"","format":"standard","meta":{"footnotes":""},"categories":[655],"tags":[1747,2278,2043,2324,2322,1867,2320,354,442,621,2318],"class_list":["post-15602","post","type-post","status-publish","format-standard","has-post-thumbnail","hentry","category-hanno","tag-dichtung","tag-entdroehnung","tag-hannowerk","tag-ish2023","tag-klimatechnik","tag-laatzen","tag-lueftung","tag-messe","tag-schalldammung","tag-warmedammung","tag-waermepumpen"],"_links":{"self":[{"href":"https:\/\/www.pr-neu.de\/newsroom\/wp-json\/wp\/v2\/posts\/15602","targetHints":{"allow":["GET"]}}],"collection":[{"href":"https:\/\/www.pr-neu.de\/newsroom\/wp-json\/wp\/v2\/posts"}],"about":[{"href":"https:\/\/www.pr-neu.de\/newsroom\/wp-json\/wp\/v2\/types\/post"}],"author":[{"embeddable":true,"href":"https:\/\/www.pr-neu.de\/newsroom\/wp-json\/wp\/v2\/users\/10"}],"replies":[{"embeddable":true,"href":"https:\/\/www.pr-neu.de\/newsroom\/wp-json\/wp\/v2\/comments?post=15602"}],"version-history":[{"count":3,"href":"https:\/\/www.pr-neu.de\/newsroom\/wp-json\/wp\/v2\/posts\/15602\/revisions"}],"predecessor-version":[{"id":15609,"href":"https:\/\/www.pr-neu.de\/newsroom\/wp-json\/wp\/v2\/posts\/15602\/revisions\/15609"}],"wp:featuredmedia":[{"embeddable":true,"href":"https:\/\/www.pr-neu.de\/newsroom\/wp-json\/wp\/v2\/media\/15603"}],"wp:attachment":[{"href":"https:\/\/www.pr-neu.de\/newsroom\/wp-json\/wp\/v2\/media?parent=15602"}],"wp:term":[{"taxonomy":"category","embeddable":true,"href":"https:\/\/www.pr-neu.de\/newsroom\/wp-json\/wp\/v2\/categories?post=15602"},{"taxonomy":"post_tag","embeddable":true,"href":"https:\/\/www.pr-neu.de\/newsroom\/wp-json\/wp\/v2\/tags?post=15602"}],"curies":[{"name":"wp","href":"https:\/\/api.w.org\/{rel}","templated":true}]}}