{"id":15597,"date":"2023-03-22T10:52:44","date_gmt":"2023-03-22T09:52:44","guid":{"rendered":"https:\/\/www.pr-neu.de\/newsroom\/?p=15597"},"modified":"2023-03-22T10:53:39","modified_gmt":"2023-03-22T09:53:39","slug":"schuelerinnen-der-igs-wilhelm-bracke-auf-recherche-rund-um-das-lebensmittel-nr-1","status":"publish","type":"post","link":"https:\/\/www.pr-neu.de\/newsroom\/schuelerinnen-der-igs-wilhelm-bracke-auf-recherche-rund-um-das-lebensmittel-nr-1\/","title":{"rendered":"Sch\u00fcler:innen der IGS Wilhelm Bracke auf Recherche rund um das Lebensmittel Nr.1"},"content":{"rendered":"<p><u>\u00a022. M\u00e4rz: Tag des Wassers<\/u><\/p>\n<p><strong>Um das Bewusstsein f\u00fcr den Wert von Wasser zu f\u00f6rdern, hat die UNO den 22. M\u00e4rz zum Tag des Wassers erkl\u00e4rt. In Braunschweig ist eine Sch\u00fclergruppe der IGS Wilhelm Bracke gemeinsam mit Fachleuten der Region auf Spurensuche gegangen, um sich in der Praxis zu informieren.<\/strong><\/p>\n<p>Maik Hutzler und Frederick Singfield, Fachlehrer an der IGS Wilhelm-Bracke, begleiten die Sch\u00fcler*innen w\u00e4hrend der Projektwoche &#8222;Globales Miteinander \u2013 im Zeichen der Nachhaltigkeit&#8220;. Das Programm ist aus Anlass des Gedenktages am 22. M\u00e4rz auch auf die Ressource Wasser fokussiert. \u201eWir haben lokale Aufgaben und Besonderheiten betrachtet und die globalen Zusammenh\u00e4nge analysiert. Allen wurde schnell klar, dass Wasser ein kostbares Gut ist \u2013 und dass unsere Wasserversorgung im Grunde Luxus ist\u201c, meint Singfield.<br \/>\nAm Montag war Ina Rieger von der Stadtentw\u00e4sserung Braunschweig GmbH (SE|BS) zu Gast. In einem vierst\u00fcndigen Workshop erkl\u00e4rte sie u.a. die technische Infrastruktur rund um die Wasser- und Abwasserversorgung, sensibilisierte f\u00fcr das eigene Verhalten und f\u00fcr den Blick auf die globale Verteilung.<\/p>\n<p>Am Dienstag ging es f\u00fcr die Jugendlichen an den J\u00f6debrunnen. Hier trafen Sie Dipl.-Ing. Harald Schweingruber vom Verein \u201eKontorhaus am J\u00f6debrunnen\u201c. Er erkl\u00e4rte seinem jungen Publikum, wie diese Braunschweiger Quelle \u00fcber mehrere Jahrhunderte bis in das sp\u00e4te 19. Jahrhundert die Braunschweiger Altstadt mit Trinkwasser versorgte. Besonders spannend waren seine Informationen \u00fcber die Entstehung der ersten Wasserleitungen.<\/p>\n<p>Maik Hutzler freut sich, mit regionalen Praxispartnern in den Austausch zu gelangen. \u201eMit dem Angebot inklusive der Exkursion l\u00e4sst sich sehr gut zeigen, wie lokale Aufgaben im globalen Zusammenhang stehen, wie wichtig Wasser ist \u2013 und welche Aufgaben es lokal bei der Arbeit mit Regen-, Schmutz- und Trinkwasser gibt\u201c, erkl\u00e4rt der Lehrer.<\/p>\n<p>Schon seit vielen Jahren engagiert sich die SE|BS an Schulen, um bei jungen Menschen Bewusstsein f\u00fcr den Umgang mit Wasser zu schaffen. \u201eUmwelt sch\u00fctzen und Ressourcen schonen kann am besten der, der die biologischen und technischen Zusammenh\u00e4nge versteht und noch besser erlebt. Dann kann ein sensibler Umgang wachsen\u201c, erkl\u00e4rt Ina Rieger, die das Projekt f\u00fcr die SE|BS betreut. Die Umweltp\u00e4dagogin besucht rund 45 mal im Jahr Braunschweiger Schulen und arbeitet mit Kindern und Jugendlichen zu verschiedenen Themen rund um Umwelt und Wasser. \u201eViele Sch\u00fclerinnen und Sch\u00fcler interessieren und engagieren sich im Umweltschutz. Hier unterst\u00fctzen wir mit gro\u00dfer Freude, Umweltschutz ist eine Gemeinschaftsaufgabe\u201c, berichtet Rieger.<\/p>\n<p>&nbsp;<\/p>\n<hr \/>\n<p>&nbsp;<\/p>\n<p><a href=\"http:\/\/www.pr-neu.de\/newsroom\/wordpress\/wp-content\/uploads\/2023\/03\/23_04_Joedbrunnen_G-scaled.jpg\" target=\"_blank\" rel=\"noopener\"><img loading=\"lazy\" decoding=\"async\" class=\"aligncenter wp-image-15598 size-medium\" src=\"http:\/\/www.pr-neu.de\/newsroom\/wordpress\/wp-content\/uploads\/2023\/03\/23_04_Joedbrunnen_G-300x200.jpg\" alt=\"\" width=\"300\" height=\"200\" srcset=\"https:\/\/www.pr-neu.de\/newsroom\/wordpress\/wp-content\/uploads\/2023\/03\/23_04_Joedbrunnen_G-300x200.jpg 300w, https:\/\/www.pr-neu.de\/newsroom\/wordpress\/wp-content\/uploads\/2023\/03\/23_04_Joedbrunnen_G-1024x683.jpg 1024w, https:\/\/www.pr-neu.de\/newsroom\/wordpress\/wp-content\/uploads\/2023\/03\/23_04_Joedbrunnen_G-768x512.jpg 768w, https:\/\/www.pr-neu.de\/newsroom\/wordpress\/wp-content\/uploads\/2023\/03\/23_04_Joedbrunnen_G-1536x1024.jpg 1536w, https:\/\/www.pr-neu.de\/newsroom\/wordpress\/wp-content\/uploads\/2023\/03\/23_04_Joedbrunnen_G-2048x1365.jpg 2048w, https:\/\/www.pr-neu.de\/newsroom\/wordpress\/wp-content\/uploads\/2023\/03\/23_04_Joedbrunnen_G-110x73.jpg 110w, https:\/\/www.pr-neu.de\/newsroom\/wordpress\/wp-content\/uploads\/2023\/03\/23_04_Joedbrunnen_G-420x280.jpg 420w, https:\/\/www.pr-neu.de\/newsroom\/wordpress\/wp-content\/uploads\/2023\/03\/23_04_Joedbrunnen_G-645x430.jpg 645w\" sizes=\"auto, (max-width: 300px) 100vw, 300px\" \/><\/a><\/p>\n<p style=\"text-align: center;\">Rund 15 Jugendliche der IGS Wilhelm Bracke besichtigten im Rahmen der Projektwoche \u201eGlobales Miteinander \u2013 im Zeichen der Nachhaltigkeit\u201c am 21. M\u00e4rz den J\u00f6debrunnen. Dipl.-Ing Harald Schweingruber (links) vom Verein \u201eKontorhaus am J\u00f6debrunnen\u201c f\u00fchrte die Jugendlichen \u00fcber die Anlage und erkl\u00e4rte die besondere Bedeutung der Quelle f\u00fcr die Trinkwasserversorgung in Braunschweig \u2013 vor allem in den vergangenen Jahrhunderten.<br \/>\nBild: Gramannn \/ Stadtentw\u00e4sserung Braunschweig GmbH (SE|BS)<\/p>\n<p>&nbsp;<\/p>\n<hr \/>\n<p>&nbsp;<\/p>\n<p>Abdruck honorarfrei, Belegexemplar erbeten<\/p>\n","protected":false},"excerpt":{"rendered":"<p>Um das Bewusstsein f\u00fcr den Wert von Wasser zu f\u00f6rdern, hat die UNO den 22. M\u00e4rz zum Tag des Wassers erkl\u00e4rt. In Braunschweig ist eine Sch\u00fclergruppe der IGS Wilhelm Bracke gemeinsam mit Fachleuten der Region auf Spurensuche gegangen, um sich in der Praxis zu informieren.<\/p>\n","protected":false},"author":9,"featured_media":15598,"comment_status":"closed","ping_status":"open","sticky":false,"template":"","format":"standard","meta":{"footnotes":""},"categories":[1517],"tags":[1557,2312,1563,1601,2314,2316,2093],"class_list":["post-15597","post","type-post","status-publish","format-standard","has-post-thumbnail","hentry","category-sebs","tag-braunschweig","tag-schueler","tag-se-bs","tag-stadtentwaesserung","tag-tag-des-wassers","tag-trinkwasser","tag-wasser"],"_links":{"self":[{"href":"https:\/\/www.pr-neu.de\/newsroom\/wp-json\/wp\/v2\/posts\/15597","targetHints":{"allow":["GET"]}}],"collection":[{"href":"https:\/\/www.pr-neu.de\/newsroom\/wp-json\/wp\/v2\/posts"}],"about":[{"href":"https:\/\/www.pr-neu.de\/newsroom\/wp-json\/wp\/v2\/types\/post"}],"author":[{"embeddable":true,"href":"https:\/\/www.pr-neu.de\/newsroom\/wp-json\/wp\/v2\/users\/9"}],"replies":[{"embeddable":true,"href":"https:\/\/www.pr-neu.de\/newsroom\/wp-json\/wp\/v2\/comments?post=15597"}],"version-history":[{"count":3,"href":"https:\/\/www.pr-neu.de\/newsroom\/wp-json\/wp\/v2\/posts\/15597\/revisions"}],"predecessor-version":[{"id":15601,"href":"https:\/\/www.pr-neu.de\/newsroom\/wp-json\/wp\/v2\/posts\/15597\/revisions\/15601"}],"wp:featuredmedia":[{"embeddable":true,"href":"https:\/\/www.pr-neu.de\/newsroom\/wp-json\/wp\/v2\/media\/15598"}],"wp:attachment":[{"href":"https:\/\/www.pr-neu.de\/newsroom\/wp-json\/wp\/v2\/media?parent=15597"}],"wp:term":[{"taxonomy":"category","embeddable":true,"href":"https:\/\/www.pr-neu.de\/newsroom\/wp-json\/wp\/v2\/categories?post=15597"},{"taxonomy":"post_tag","embeddable":true,"href":"https:\/\/www.pr-neu.de\/newsroom\/wp-json\/wp\/v2\/tags?post=15597"}],"curies":[{"name":"wp","href":"https:\/\/api.w.org\/{rel}","templated":true}]}}