{"id":15594,"date":"2023-03-21T10:48:40","date_gmt":"2023-03-21T09:48:40","guid":{"rendered":"https:\/\/www.pr-neu.de\/newsroom\/?p=15594"},"modified":"2023-03-21T10:48:40","modified_gmt":"2023-03-21T09:48:40","slug":"neuer-metallic-farbfaecher","status":"publish","type":"post","link":"https:\/\/www.pr-neu.de\/newsroom\/neuer-metallic-farbfaecher\/","title":{"rendered":"Neuer Metallic-Farbf\u00e4cher"},"content":{"rendered":"<p><!--MBNHE--><u>F\u00fcr bionische Farbe StoColor Dryonic M<\/u><\/p>\n<p><!--MBNHE-->Gold, Silber oder Bronze an der Wand sind kein Problem \u2013 blo\u00df welcher Metallic-Ton soll es sein? Um die Auswahl zu erleichtern, gibt es jetzt einen neuen Farbf\u00e4cher mit insgesamt 64 Nuancen f\u00fcr Metallicfarbt\u00f6ne. Er erg\u00e4nzt das rund 1.000 Farbt\u00f6ne umfassende StoColor-System um die metallisch schimmernden Varianten und gilt f\u00fcr StoColor Dryonic M. Da diese bionische Farbe ein besonders breites Einsatzspektrum aufweist, ist auch der glitzernde Anstrich fast \u00fcberall m\u00f6glich: Auf Putz, Beton oder Porenbeton, Holz oder sogar auf Blechen. Die schnell trocknende Fassadenfarbe mit nat\u00fcrlichem Schutz vor Algen- und Pilzbewuchs und hoher UV-Resistenz ist auch innen problemlos verwendbar. Metallic-Fl\u00e4chen kommen somit auch in Innenr\u00e4umen f\u00fcr Akzentfl\u00e4chen oder spektakul\u00e4re W\u00e4nde infrage. Weitere Infos: stocolordryonic.de.<\/p>\n<p>&nbsp;<\/p>\n<hr \/>\n<p>&nbsp;<\/p>\n<p><a href=\"http:\/\/www.pr-neu.de\/newsroom\/wordpress\/wp-content\/uploads\/2023\/03\/23_08_FarbfaecherDryonic_K.jpg\"><img loading=\"lazy\" decoding=\"async\" class=\"size-medium wp-image-15595\" src=\"http:\/\/www.pr-neu.de\/newsroom\/wordpress\/wp-content\/uploads\/2023\/03\/23_08_FarbfaecherDryonic_K-300x201.jpg\" alt=\"\" width=\"300\" height=\"201\" srcset=\"https:\/\/www.pr-neu.de\/newsroom\/wordpress\/wp-content\/uploads\/2023\/03\/23_08_FarbfaecherDryonic_K-300x201.jpg 300w, https:\/\/www.pr-neu.de\/newsroom\/wordpress\/wp-content\/uploads\/2023\/03\/23_08_FarbfaecherDryonic_K-1024x685.jpg 1024w, https:\/\/www.pr-neu.de\/newsroom\/wordpress\/wp-content\/uploads\/2023\/03\/23_08_FarbfaecherDryonic_K-768x514.jpg 768w, https:\/\/www.pr-neu.de\/newsroom\/wordpress\/wp-content\/uploads\/2023\/03\/23_08_FarbfaecherDryonic_K-1536x1028.jpg 1536w, https:\/\/www.pr-neu.de\/newsroom\/wordpress\/wp-content\/uploads\/2023\/03\/23_08_FarbfaecherDryonic_K-2048x1370.jpg 2048w, https:\/\/www.pr-neu.de\/newsroom\/wordpress\/wp-content\/uploads\/2023\/03\/23_08_FarbfaecherDryonic_K-110x74.jpg 110w, https:\/\/www.pr-neu.de\/newsroom\/wordpress\/wp-content\/uploads\/2023\/03\/23_08_FarbfaecherDryonic_K-420x281.jpg 420w, https:\/\/www.pr-neu.de\/newsroom\/wordpress\/wp-content\/uploads\/2023\/03\/23_08_FarbfaecherDryonic_K-643x430.jpg 643w\" sizes=\"auto, (max-width: 300px) 100vw, 300px\" \/><\/a><\/p>\n<p style=\"text-align: center;\">64 Metallic-T\u00f6ne zeigt der neue Farbf\u00e4cher f\u00fcr die Farbe StoColor DryonicM.<br \/>\nBild: Sto SE &amp; Co. KGaA<\/p>\n<p>&nbsp;<\/p>\n<hr \/>\n<p>&nbsp;<\/p>\n<p>Abdruck honorarfrei, Belegexemplar erbeten<\/p>\n","protected":false},"excerpt":{"rendered":"<p>F\u00fcr bionische Farbe StoColor Dryonic M Gold, Silber oder Bronze an der Wand sind kein Problem \u2013 blo\u00df welcher Metallic-Ton soll es sein? Um die Auswahl zu erleichtern, gibt es jetzt einen neuen Farbf\u00e4cher mit insgesamt 64 Nuancen f\u00fcr Metallicfarbt\u00f6ne. Er erg\u00e4nzt das rund 1.000 Farbt\u00f6ne umfassende StoColor-System um die metallisch schimmernden Varianten und gilt [&hellip;]<\/p>\n","protected":false},"author":6,"featured_media":15595,"comment_status":"closed","ping_status":"open","sticky":false,"template":"","format":"standard","meta":{"footnotes":""},"categories":[15],"tags":[],"class_list":["post-15594","post","type-post","status-publish","format-standard","has-post-thumbnail","hentry","category-sto"],"_links":{"self":[{"href":"https:\/\/www.pr-neu.de\/newsroom\/wp-json\/wp\/v2\/posts\/15594","targetHints":{"allow":["GET"]}}],"collection":[{"href":"https:\/\/www.pr-neu.de\/newsroom\/wp-json\/wp\/v2\/posts"}],"about":[{"href":"https:\/\/www.pr-neu.de\/newsroom\/wp-json\/wp\/v2\/types\/post"}],"author":[{"embeddable":true,"href":"https:\/\/www.pr-neu.de\/newsroom\/wp-json\/wp\/v2\/users\/6"}],"replies":[{"embeddable":true,"href":"https:\/\/www.pr-neu.de\/newsroom\/wp-json\/wp\/v2\/comments?post=15594"}],"version-history":[{"count":1,"href":"https:\/\/www.pr-neu.de\/newsroom\/wp-json\/wp\/v2\/posts\/15594\/revisions"}],"predecessor-version":[{"id":15596,"href":"https:\/\/www.pr-neu.de\/newsroom\/wp-json\/wp\/v2\/posts\/15594\/revisions\/15596"}],"wp:featuredmedia":[{"embeddable":true,"href":"https:\/\/www.pr-neu.de\/newsroom\/wp-json\/wp\/v2\/media\/15595"}],"wp:attachment":[{"href":"https:\/\/www.pr-neu.de\/newsroom\/wp-json\/wp\/v2\/media?parent=15594"}],"wp:term":[{"taxonomy":"category","embeddable":true,"href":"https:\/\/www.pr-neu.de\/newsroom\/wp-json\/wp\/v2\/categories?post=15594"},{"taxonomy":"post_tag","embeddable":true,"href":"https:\/\/www.pr-neu.de\/newsroom\/wp-json\/wp\/v2\/tags?post=15594"}],"curies":[{"name":"wp","href":"https:\/\/api.w.org\/{rel}","templated":true}]}}