{"id":15588,"date":"2023-03-16T11:34:32","date_gmt":"2023-03-16T10:34:32","guid":{"rendered":"https:\/\/www.pr-neu.de\/newsroom\/?p=15588"},"modified":"2023-03-16T11:34:58","modified_gmt":"2023-03-16T10:34:58","slug":"sedak-arbeitgeber-der-zukunft","status":"publish","type":"post","link":"https:\/\/www.pr-neu.de\/newsroom\/sedak-arbeitgeber-der-zukunft\/","title":{"rendered":"Sedak: Arbeitgeber der Zukunft"},"content":{"rendered":"<p><u>\u201eDeutsche Innovationsinstitut f\u00fcr Digitalisierung und Nachhaltigkeit\u201c vergibt Auszeichnung<\/u><\/p>\n<p>Der Glasveredler sedak (Gersthofen) z\u00e4hlt zu den \u201eArbeitgebern der Zukunft\u201c: Gesch\u00e4ftsf\u00fchrer Bernhard Veh nahm die Auszeichnung des \u201eDeutschen Innovationsinstitut f\u00fcr Digitalisierung und Nachhaltigkeit (DIND)\u201c auf der Gala am 14. M\u00e4rz in Hamburg entgegen. \u201eDen Grundstein f\u00fcr diese Auszeichnung haben die Mitarbeiterinnen und Mitarbeiter gelegt. Die Auszeichnung best\u00e4tigt nicht nur unser Engagement f\u00fcr Nachhaltigkeit, sondern auch unsere Bem\u00fchungen, unser Arbeitsumfeld modern, respektvoll und flexibel zu gestalten. Die Weichen f\u00fcr eine moderne Arbeitswelt bei sedak haben wir richtig gestellt\u201c, so Veh.<\/p>\n<p>Das DIND analysiert die Firmen in einem zweistufigen Prozess auf Herz und Nieren. Positive Faktoren bei sedak waren unter anderem die Investition in umweltfreundliche Energie, bspw. der deutliche Ausbau der eigenen PV-Anlage am Stammwerk in Gersthofen und das konsequente Recycling der eingesetzten Stoffe, aber auch das hohe Engagement f\u00fcr die Belegschaft. Hierzu z\u00e4hlt unter anderem die neue Kantine mit ihrer abwechslungsreichen, gesunden Speisekarte. \u201eDas Siegel zeigt: Wer bei sedak arbeitet oder zu sedak kommen will, findet einen modernen Arbeitgeber, der sich f\u00fcr seine Leute genauso einsetzt wie f\u00fcr die Umwelt\u201c, res\u00fcmiert Veh.<\/p>\n<p>&nbsp;<\/p>\n<hr \/>\n<p>&nbsp;<\/p>\n<p><a href=\"http:\/\/www.pr-neu.de\/newsroom\/wordpress\/wp-content\/uploads\/2023\/03\/23_02_sedak_DIND-Preisverleihung_G-scaled.jpg\" target=\"_blank\" rel=\"noopener\"><img loading=\"lazy\" decoding=\"async\" class=\"aligncenter wp-image-15589 size-medium\" src=\"http:\/\/www.pr-neu.de\/newsroom\/wordpress\/wp-content\/uploads\/2023\/03\/23_02_sedak_DIND-Preisverleihung_G-300x200.jpg\" alt=\"\" width=\"300\" height=\"200\" srcset=\"https:\/\/www.pr-neu.de\/newsroom\/wordpress\/wp-content\/uploads\/2023\/03\/23_02_sedak_DIND-Preisverleihung_G-300x200.jpg 300w, https:\/\/www.pr-neu.de\/newsroom\/wordpress\/wp-content\/uploads\/2023\/03\/23_02_sedak_DIND-Preisverleihung_G-1024x683.jpg 1024w, https:\/\/www.pr-neu.de\/newsroom\/wordpress\/wp-content\/uploads\/2023\/03\/23_02_sedak_DIND-Preisverleihung_G-768x512.jpg 768w, https:\/\/www.pr-neu.de\/newsroom\/wordpress\/wp-content\/uploads\/2023\/03\/23_02_sedak_DIND-Preisverleihung_G-1536x1024.jpg 1536w, https:\/\/www.pr-neu.de\/newsroom\/wordpress\/wp-content\/uploads\/2023\/03\/23_02_sedak_DIND-Preisverleihung_G-2048x1366.jpg 2048w, https:\/\/www.pr-neu.de\/newsroom\/wordpress\/wp-content\/uploads\/2023\/03\/23_02_sedak_DIND-Preisverleihung_G-110x73.jpg 110w, https:\/\/www.pr-neu.de\/newsroom\/wordpress\/wp-content\/uploads\/2023\/03\/23_02_sedak_DIND-Preisverleihung_G-420x280.jpg 420w, https:\/\/www.pr-neu.de\/newsroom\/wordpress\/wp-content\/uploads\/2023\/03\/23_02_sedak_DIND-Preisverleihung_G-645x430.jpg 645w\" sizes=\"auto, (max-width: 300px) 100vw, 300px\" \/><\/a><\/p>\n<p style=\"text-align: center;\"><!--MBNHE--><span style=\"font-size: 12pt;\">Brigitte Zypries, Schirmherrin und Bundeswirtschaftsministerin a. D., \u00fcbergibt die Auszeichnung \u201eArbeitgeber der Zukunft\u201c an sedak-Gesch\u00e4ftsf\u00fchrer Bernhard Veh.<br \/>\nBild: Offenblende\/Cathrin<\/span><\/p>\n<p>&nbsp;<\/p>\n<hr \/>\n<p>&nbsp;<\/p>\n<p>&nbsp;<\/p>\n<p><strong><u>Hintergrund<\/u><\/strong><\/p>\n<p>&nbsp;<\/p>\n<p><strong>\u00dcber den Preis \u201eArbeitgeber der Zukunft\u201c<\/strong><\/p>\n<p>Zukunftsorientierung und Qualit\u00e4t als Arbeitgeber \u2013 daf\u00fcr werden Unternehmen durch das Deutsche Innovationsinstitut f\u00fcr Nachhaltigkeit und Digitalisierung (DIND) mit dem Preis \u201eArbeitgeber der Zukunft\u201c ausgezeichnet. Unterst\u00fctzt wird die Initiative von der ehemaligen Bundeswirtschaftsministerin Brigitte Zypries. Die Auszeichnung hilft Unternehmen, sich im \u201eWar for Talents\u201c zu positionieren, um trotz Fachkr\u00e4ftemangels Talente zu gewinnen und zu binden. Geehrt werden innovative Unternehmen mit klarer Digitalisierungsstrategie, die Nachhaltigkeitsziele verfolgen und attraktive Arbeitsbedingungen bieten. Dabei liegt das Augenmerk auf moderner F\u00fchrung und Mitarbeiterfreundlichkeit. So flie\u00dfen etwa flache Hierarchien, flexible Verg\u00fctungsmodelle oder Mitarbeiter-Benefits sowie individuelle Fort- und Weiterbildungsm\u00f6glichkeiten in ein ganzheitliches Bild ein, das anhand einer Bewertungsmatrix erstellt wird, die mit Hilfe des Inputs von Expertinnen und Experten aus Wirtschaft und Wissenschaft erarbeitet wurde. Die Preise werden im Rahmen diverser Netzwerkveranstaltungen verliehen.<\/p>\n<p>&nbsp;<\/p>\n<p><strong>\u00dcber das DIND<\/strong><\/p>\n<p>Das Deutsche Innovationsinstitut f\u00fcr Nachhaltigkeit und Digitalisierung (DIND) unterst\u00fctzt Unternehmen dabei, fit f\u00fcr die Zukunft zu werden. Dazu kooperiert das DIND mit Expertinnen und Experten aus Wirtschaft, Wissenschaft und Politik, f\u00fchrt im Auftrag von Partnern Studien durch und pr\u00fcft Unternehmen auf wichtige Aspekte f\u00fcr deren Zukunftsf\u00e4higkeit. Durch Beispiele erfolgreicher Transformation sollen der Wirtschaft wichtige Impulse verliehen werden. DIND-Auszeichnungen sind ein wertvolles Kommunikationsinstrument f\u00fcr Unternehmen. Sie helfen, Partner und Mitarbeitende zu finden, um noch innovativer, nachhaltiger und digitaler zu werden.<\/p>\n<p>&nbsp;<\/p>\n<p><strong>sedak \u2013 leading glass<\/strong><\/p>\n<p>Mit Pioniergeist hat sich der Glasveredler sedak (Gersthofen) seit der Gr\u00fcndung 2007 zum Premiumhersteller f\u00fcr gro\u00dfformatige Isolier- und Sicherheitsgl\u00e4ser entwickelt und Glas als Baustoff f\u00fcr Ganzglasfassaden und -d\u00e4cher weitergedacht. Dank innovativer Produkte in h\u00f6chster Qualit\u00e4t werden ikonische Fassaden und Bauwerke mit einer bislang unerreichten Transparenz realisiert.<\/p>\n<p>Monogl\u00e4ser, Mehrfachgl\u00e4ser und Funktions-Isoliergl\u00e4ser in Formaten bis 3,6 x 20 Meter fertigt sedak hochautomatisiert und effizient. Auf einer Fertigungsfl\u00e4che von 35.000 Quadratmetern und mit einem einzigartigen Maschinenpark wird das Rohglas bearbeitet, vorgespannt, laminiert, bedruckt und laminationsgebogen und zu Isolierglas gebaut. Mit der Integration des Glasspezialisten f\u00fcr gebogenes Glas, Sunglass Industry srl (Italien), geh\u00f6rt nun auch das thermische Glasbiegen zu den Kernkompetenzen. Au\u00dfergew\u00f6hnliche L\u00f6sungen liefert der Spezialist zudem f\u00fcr Luxus-Jachten mit Gl\u00e4sern, optimiert f\u00fcr den Einsatz auf hoher See.<\/p>\n<p>Insbesondere bei Sonderkonstruktionen beweist der Glasveredler l\u00f6sungsorientierte Kompetenz. Mit Forschungs- und Entwicklungsgeist, neuen Technologien sowie der Expertise von 190 Mitarbeitern treibt sedak Innovationen der Glasveredelung stetig voran und versteht sich als Partner von Architekten, Bauherren, Fassaden- und Metallbauern. Als Spezialist f\u00fcr \u00fcbergro\u00dfe und extrem schwere Gl\u00e4ser entwickelt das Unternehmen zukunftsorientierte L\u00f6sungen, um Kundenvisionen flexibel zu verwirklichen. Vom Auftrag bis zur Lieferung agiert der Glasveredler dabei als Full-Service-Supplier. So leistet sedak schon heute einen Beitrag f\u00fcr die vision\u00e4re Architektur von morgen.<\/p>\n<p>Herausragende Referenzen belegen die eindrucksvolle Kompetenz. Dazu geh\u00f6ren u.a.: Laktha Center, St. Petersburg \/ Haus der Europ\u00e4ischen Geschichte, Br\u00fcssel \/ medizinische Fakult\u00e4t, Montpellier \/ Torre Europa, Madrid \/ Iconsiam, Bangkok \/ Apple Park, Cupertino \/ Apple-Cube, New York \/ Experimenta, Heilbronn \/ zahlreiche Premium-Flagship-Stores.<\/p>\n<p><strong>Anwendungsgebiete<\/strong><\/p>\n<ul>\n<li>Glasfassaden<\/li>\n<li>Glasd\u00e4cher<\/li>\n<li>Glastreppen<\/li>\n<li>Glasbr\u00fcstungen<\/li>\n<li>Jachtverglasungen<\/li>\n<li>Poolverglasungen<\/li>\n<li>Sicherheitsverglasungen<\/li>\n<li>Ganzglaskonstruktionen<\/li>\n<li>Innenarchitektur<\/li>\n<li>Sonderanfertigung<\/li>\n<\/ul>\n<p>&nbsp;<\/p>\n<hr \/>\n<p>&nbsp;<\/p>\n","protected":false},"excerpt":{"rendered":"<p>Der Glasveredler sedak (Gersthofen) z\u00e4hlt zu den \u201eArbeitgebern der Zukunft\u201c: Gesch\u00e4ftsf\u00fchrer Bernhard Veh nahm die Auszeichnung des \u201eDeutschen Innovationsinstitut f\u00fcr Digitalisierung und Nachhaltigkeit (DIND)\u201c auf der Gala am 14. M\u00e4rz in Hamburg entgegen.<\/p>\n","protected":false},"author":9,"featured_media":15589,"comment_status":"closed","ping_status":"open","sticky":false,"template":"","format":"standard","meta":{"footnotes":""},"categories":[12],"tags":[2268,1759,2310,230,405,2257,2308],"class_list":["post-15588","post","type-post","status-publish","format-standard","has-post-thumbnail","hentry","category-sedak","tag-arbeitgeber","tag-auszeichnung","tag-dind","tag-glas","tag-preis","tag-sedak","tag-verleihung"],"_links":{"self":[{"href":"https:\/\/www.pr-neu.de\/newsroom\/wp-json\/wp\/v2\/posts\/15588","targetHints":{"allow":["GET"]}}],"collection":[{"href":"https:\/\/www.pr-neu.de\/newsroom\/wp-json\/wp\/v2\/posts"}],"about":[{"href":"https:\/\/www.pr-neu.de\/newsroom\/wp-json\/wp\/v2\/types\/post"}],"author":[{"embeddable":true,"href":"https:\/\/www.pr-neu.de\/newsroom\/wp-json\/wp\/v2\/users\/9"}],"replies":[{"embeddable":true,"href":"https:\/\/www.pr-neu.de\/newsroom\/wp-json\/wp\/v2\/comments?post=15588"}],"version-history":[{"count":3,"href":"https:\/\/www.pr-neu.de\/newsroom\/wp-json\/wp\/v2\/posts\/15588\/revisions"}],"predecessor-version":[{"id":15592,"href":"https:\/\/www.pr-neu.de\/newsroom\/wp-json\/wp\/v2\/posts\/15588\/revisions\/15592"}],"wp:featuredmedia":[{"embeddable":true,"href":"https:\/\/www.pr-neu.de\/newsroom\/wp-json\/wp\/v2\/media\/15589"}],"wp:attachment":[{"href":"https:\/\/www.pr-neu.de\/newsroom\/wp-json\/wp\/v2\/media?parent=15588"}],"wp:term":[{"taxonomy":"category","embeddable":true,"href":"https:\/\/www.pr-neu.de\/newsroom\/wp-json\/wp\/v2\/categories?post=15588"},{"taxonomy":"post_tag","embeddable":true,"href":"https:\/\/www.pr-neu.de\/newsroom\/wp-json\/wp\/v2\/tags?post=15588"}],"curies":[{"name":"wp","href":"https:\/\/api.w.org\/{rel}","templated":true}]}}