{"id":15582,"date":"2023-03-14T09:54:15","date_gmt":"2023-03-14T08:54:15","guid":{"rendered":"https:\/\/www.pr-neu.de\/newsroom\/?p=15582"},"modified":"2023-03-14T09:54:29","modified_gmt":"2023-03-14T08:54:29","slug":"so-bleiben-wenig-beheizte-raeume-schimmelfrei","status":"publish","type":"post","link":"https:\/\/www.pr-neu.de\/newsroom\/so-bleiben-wenig-beheizte-raeume-schimmelfrei\/","title":{"rendered":"So bleiben wenig beheizte R\u00e4ume schimmelfrei"},"content":{"rendered":"<p><u>Wandsanierung gegen Schimmel<\/u><\/p>\n<p><strong>Wird in der kalten Jahreszeit zu wenig geheizt, droht ein Problem: K\u00fchle W\u00e4nde sind schneller feucht und Feuchte ist ein Faktor f\u00fcr Schimmel. Um die eigenen vier W\u00e4nde vor dem Befall zu sch\u00fctzen, ohne die Heizung voll aufzudrehen, hilft eine Wandverkleidung auf der Innenseite der Au\u00dfenwand: Mit einer leicht montierbaren Innenausbau-Platte aus mineralischem Bl\u00e4hglas (VeroBoard Rapid) sinkt die Gefahr von Feuchte auf der Oberfl\u00e4che deutlich und die Wand bleibt w\u00e4rmer. Dann fehlt dem Schimmel seine Lebensgrundlage.<\/strong><\/p>\n<p>Wegen der hohen Energiepreise haben viele Menschen in den kalten Monaten ihre Heizung heruntergedreht, besonders in wenig genutzten R\u00e4umen. Das hatte zum Teil fatale Folgen: In (zu) k\u00fchlen R\u00e4umen kommt es schneller zu Schimmel. Es bildet sich Feuchtigkeit \u2013 vornehmlich an den k\u00e4ltesten Stellen, auf der Innenseite der Au\u00dfenwand und hier besonders in den Ecken. Vor allem auf schimmel-n\u00e4hrenden Untergr\u00fcnden wie Papiertapeten oder Gipskarton finden Sporen ideale Bedingungen, um sich anzusiedeln. Insbesondere sind R\u00e4ume betroffen, in denen ohnehin viel Feuchte anf\u00e4llt, wie in Bad, K\u00fcche, oder Schlafzimmer.<\/p>\n<p>Eine einfache und kosteng\u00fcnstige L\u00f6sung ist die Anbringung eines innenliegenden Schimmelschutzes. Erster Vorteil: Diesen Weg kann jeder Bewohner selbst gehen, unabh\u00e4ngig von Entscheidungen in einer Eigent\u00fcmergemeinschaft. Zweiter Vorteil: Die Arbeiten k\u00f6nnen mit etwas handwerklichem Geschick in Eigenregie realisiert werden. Verotec hat hierf\u00fcr mit der schimmelhemmenden DIY-Leichtbauplatte VeroBoard Rapid eine passende L\u00f6sung. Ist die leicht d\u00e4mmende Bauplatte an kalten W\u00e4nden montiert, steigt die Oberfl\u00e4chentemperatur der Wandoberfl\u00e4che. Das vermindert die Gefahr f\u00fcr Schimmelbildung. Zusammen mit dem ebenfalls mineralischen Silikat-Spachtel entzieht die neue Wandoberfl\u00e4che Schimmelsporen zudem den N\u00e4hrboden. Die Kombi ist also ideal f\u00fcr die Sanierung schimmelgef\u00e4hrdeter W\u00e4nde.<\/p>\n<p>&nbsp;<\/p>\n<hr \/>\n<p>&nbsp;<\/p>\n<p><em>Kurzfassung<\/em><\/p>\n<p><strong>So bleiben wenig beheizte R\u00e4ume schimmelfrei<\/strong><\/p>\n<p>Wird zu wenig geheizt, droht Schimmel: K\u00fchle W\u00e4nde sind schneller feucht und Feuchte ist ein Faktor f\u00fcr Schimmel. Um die eigenen vier W\u00e4nde vor dem Befall zu sch\u00fctzen, ohne die Heizung voll aufzudrehen, hilft eine Wandverkleidung auf der Innenseite der Au\u00dfenwand: Mit einer leicht montierbaren Innenausbau-Platte aus mineralischem Bl\u00e4hglas (VeroBoard Rapid) sinkt die Gefahr von Feuchte auf der Oberfl\u00e4che deutlich und die Wandseite bleibt w\u00e4rmer. Zusammen mit dem ebenfalls mineralischen Silikat-Spachtel entzieht die neue Wandoberfl\u00e4che Schimmelsporen zudem den N\u00e4hrboden. Die Kombi ist so ideal f\u00fcr die Sanierung schimmelgef\u00e4hrdeter W\u00e4nde. Der Einbau der Platten ist so einfach, dass auch ge\u00fcbte Heimwerker damit kein Problem haben. Vorsicht ist bei dauerhaft durchfeuchteten W\u00e4nden geboten, hier ist die Ursache zun\u00e4chst zu finden, eventuell durch einen Fachbetrieb. Wenn die Wand komplett trocken und der Schimmelbefall eindeutig als oberfl\u00e4chlich identifiziert ist, empfehlen Fachleute die Sanierung mit VeroBoard Rapid.<\/p>\n<p>&nbsp;<\/p>\n<hr \/>\n<p>&nbsp;<\/p>\n<p><a href=\"http:\/\/www.pr-neu.de\/newsroom\/wordpress\/wp-content\/uploads\/2023\/03\/23_01_Schimmel_Wand_Adobe_G-scaled.jpg\" target=\"_blank\" rel=\"noopener\"><img loading=\"lazy\" decoding=\"async\" class=\"aligncenter wp-image-15583 size-medium\" src=\"http:\/\/www.pr-neu.de\/newsroom\/wordpress\/wp-content\/uploads\/2023\/03\/23_01_Schimmel_Wand_Adobe_G-300x200.jpg\" alt=\"\" width=\"300\" height=\"200\" srcset=\"https:\/\/www.pr-neu.de\/newsroom\/wordpress\/wp-content\/uploads\/2023\/03\/23_01_Schimmel_Wand_Adobe_G-300x200.jpg 300w, https:\/\/www.pr-neu.de\/newsroom\/wordpress\/wp-content\/uploads\/2023\/03\/23_01_Schimmel_Wand_Adobe_G-1024x683.jpg 1024w, https:\/\/www.pr-neu.de\/newsroom\/wordpress\/wp-content\/uploads\/2023\/03\/23_01_Schimmel_Wand_Adobe_G-768x512.jpg 768w, https:\/\/www.pr-neu.de\/newsroom\/wordpress\/wp-content\/uploads\/2023\/03\/23_01_Schimmel_Wand_Adobe_G-1536x1024.jpg 1536w, https:\/\/www.pr-neu.de\/newsroom\/wordpress\/wp-content\/uploads\/2023\/03\/23_01_Schimmel_Wand_Adobe_G-2048x1366.jpg 2048w, https:\/\/www.pr-neu.de\/newsroom\/wordpress\/wp-content\/uploads\/2023\/03\/23_01_Schimmel_Wand_Adobe_G-110x73.jpg 110w, https:\/\/www.pr-neu.de\/newsroom\/wordpress\/wp-content\/uploads\/2023\/03\/23_01_Schimmel_Wand_Adobe_G-420x280.jpg 420w, https:\/\/www.pr-neu.de\/newsroom\/wordpress\/wp-content\/uploads\/2023\/03\/23_01_Schimmel_Wand_Adobe_G-645x430.jpg 645w\" sizes=\"auto, (max-width: 300px) 100vw, 300px\" \/><\/a><\/p>\n<p style=\"text-align: center;\">Die Au\u00dfenecken und Au\u00dfenw\u00e4nde sind besonders gef\u00e4hrdet f\u00fcr Schimmelbildung.<br \/>\nFoto: Adobe Stock<\/p>\n<p>&nbsp;<\/p>\n<p style=\"text-align: center;\"><a href=\"http:\/\/www.pr-neu.de\/newsroom\/wordpress\/wp-content\/uploads\/2023\/03\/23_01_VeroBoad_Montage_G-scaled.jpg\" target=\"_blank\" rel=\"noopener\"><img loading=\"lazy\" decoding=\"async\" class=\"wp-image-15584 size-medium\" src=\"http:\/\/www.pr-neu.de\/newsroom\/wordpress\/wp-content\/uploads\/2023\/03\/23_01_VeroBoad_Montage_G-300x200.jpg\" alt=\"\" width=\"300\" height=\"200\" srcset=\"https:\/\/www.pr-neu.de\/newsroom\/wordpress\/wp-content\/uploads\/2023\/03\/23_01_VeroBoad_Montage_G-300x200.jpg 300w, https:\/\/www.pr-neu.de\/newsroom\/wordpress\/wp-content\/uploads\/2023\/03\/23_01_VeroBoad_Montage_G-1024x682.jpg 1024w, https:\/\/www.pr-neu.de\/newsroom\/wordpress\/wp-content\/uploads\/2023\/03\/23_01_VeroBoad_Montage_G-768x512.jpg 768w, https:\/\/www.pr-neu.de\/newsroom\/wordpress\/wp-content\/uploads\/2023\/03\/23_01_VeroBoad_Montage_G-1536x1023.jpg 1536w, https:\/\/www.pr-neu.de\/newsroom\/wordpress\/wp-content\/uploads\/2023\/03\/23_01_VeroBoad_Montage_G-2048x1365.jpg 2048w, https:\/\/www.pr-neu.de\/newsroom\/wordpress\/wp-content\/uploads\/2023\/03\/23_01_VeroBoad_Montage_G-110x73.jpg 110w, https:\/\/www.pr-neu.de\/newsroom\/wordpress\/wp-content\/uploads\/2023\/03\/23_01_VeroBoad_Montage_G-420x280.jpg 420w, https:\/\/www.pr-neu.de\/newsroom\/wordpress\/wp-content\/uploads\/2023\/03\/23_01_VeroBoad_Montage_G-645x430.jpg 645w\" sizes=\"auto, (max-width: 300px) 100vw, 300px\" \/><\/a><\/p>\n<p style=\"text-align: center;\">Auch f\u00fcr Heimwerker machbar: Die Verkleidung einer Innenwand mit VeroBoard Rapid.<br \/>\nFoto: Verotec<\/p>\n<p>&nbsp;<\/p>\n<p style=\"text-align: center;\"><a href=\"http:\/\/www.pr-neu.de\/newsroom\/wordpress\/wp-content\/uploads\/2023\/03\/23_01_Wohlfuehlwand_G-scaled.jpg\" target=\"_blank\" rel=\"noopener\"><img loading=\"lazy\" decoding=\"async\" class=\"wp-image-15585 size-medium\" src=\"http:\/\/www.pr-neu.de\/newsroom\/wordpress\/wp-content\/uploads\/2023\/03\/23_01_Wohlfuehlwand_G-300x155.jpg\" alt=\"\" width=\"300\" height=\"155\" srcset=\"https:\/\/www.pr-neu.de\/newsroom\/wordpress\/wp-content\/uploads\/2023\/03\/23_01_Wohlfuehlwand_G-300x155.jpg 300w, https:\/\/www.pr-neu.de\/newsroom\/wordpress\/wp-content\/uploads\/2023\/03\/23_01_Wohlfuehlwand_G-1024x529.jpg 1024w, https:\/\/www.pr-neu.de\/newsroom\/wordpress\/wp-content\/uploads\/2023\/03\/23_01_Wohlfuehlwand_G-768x397.jpg 768w, https:\/\/www.pr-neu.de\/newsroom\/wordpress\/wp-content\/uploads\/2023\/03\/23_01_Wohlfuehlwand_G-1536x793.jpg 1536w, https:\/\/www.pr-neu.de\/newsroom\/wordpress\/wp-content\/uploads\/2023\/03\/23_01_Wohlfuehlwand_G-2048x1057.jpg 2048w, https:\/\/www.pr-neu.de\/newsroom\/wordpress\/wp-content\/uploads\/2023\/03\/23_01_Wohlfuehlwand_G-110x57.jpg 110w, https:\/\/www.pr-neu.de\/newsroom\/wordpress\/wp-content\/uploads\/2023\/03\/23_01_Wohlfuehlwand_G-420x217.jpg 420w, https:\/\/www.pr-neu.de\/newsroom\/wordpress\/wp-content\/uploads\/2023\/03\/23_01_Wohlfuehlwand_G-770x398.jpg 770w\" sizes=\"auto, (max-width: 300px) 100vw, 300px\" \/><\/a><\/p>\n<p style=\"text-align: center;\">Warm und schimmelfrei: Die Wohlf\u00fchl-Wand mit VeroBoard Rapid.<br \/>\nFoto: Verotec \/ Reinhold Bader<\/p>\n<p>&nbsp;<\/p>\n<hr \/>\n<p>&nbsp;<\/p>\n<p><strong>Hintergrund<\/strong><\/p>\n<p><strong>Verotec<\/strong> (Lauingen\/Donau), bekannt als Hersteller von Systemen f\u00fcr vorgeh\u00e4ngte, hinterl\u00fcftete Fassaden und Akustik, ist Teil der Sto Group, agiert seit 2014 eigenst\u00e4ndig \u2013 mit eigenem Vertrieb, in neuen M\u00e4rkten. Die hochwertigen Leichtbauplatten aus Bl\u00e4hglas und Verolith\u00ae sind im Industrievertrieb und \u00fcber den Fach- und Einzelhandel erh\u00e4ltlich. Weitere Verotec-Produkte und Infos \u00fcber Verotec unter www.verotec.de.<br \/>\n<strong>VeroBoard\u00ae Rapid<\/strong> ist die Verotec-Eigenmarke f\u00fcr Leichtbauprodukte im DIY. Das Sortiment besteht aus der diffusionsoffenen Leichtbauplatte VeroBoard\u00ae Rapid und dem gleichnamigen mineralisch basierten Gl\u00e4ttspachtel. Die Allround-Leichtbauplatte besteht zu 96 Prozent aus recyceltem Altglas (Bl\u00e4hglas) und ist damit unabh\u00e4ngig von knappen Rohstoffquellen. Sie ist besonders leicht (5 kg\/m\u00b2), schnell und einfach zu verarbeiten, in Innenr\u00e4umen, Feuchtr\u00e4umen und auch au\u00dfen einsetzbar und deshalb besonders bei Heimwerkern beliebt. Emissionsarm und diffusionsoffen tr\u00e4gt sie zu einem gesunden und behaglichen Raumklima bei und verbessert die Energiebilanz.<br \/>\nSortiment:<br \/>\n\u2022 VeroBoard\u00ae Rapid Leichtbauplatte 80 x 120 cm: f\u00fcr die handliche Solo-Verarbeitung<br \/>\n\u2022 VeroBoard\u00ae Rapid Leichtbauplatte 120 x 240 cm: f\u00fcr den gro\u00dffl\u00e4chigen Einsatz<br \/>\n\u2022 VeroBoard\u00ae Rapid Silikat-Spachtel, 10l verarbeitungsfertig: zum fl\u00e4chigen Gl\u00e4tten von VeroBoard-Rapid Oberfl\u00e4chen und W\u00e4nden.<br \/>\nWeitere Infos unter www.veroboard-rapid.de<\/p>\n<p>&nbsp;<\/p>\n<hr \/>\n<p>Abdruck honorarfrei, Belegexemplar erbeten<\/p>\n","protected":false},"excerpt":{"rendered":"<p>Wird zu wenig geheizt, droht Schimmel: K\u00fchle W\u00e4nde sind schneller feucht und Feuchte ist ein Faktor f\u00fcr Schimmel.<\/p>\n","protected":false},"author":9,"featured_media":15585,"comment_status":"closed","ping_status":"open","sticky":false,"template":"","format":"standard","meta":{"footnotes":""},"categories":[22],"tags":[283,2286,334,2017,2075,445,2306,447,2165,2163,617,1765],"class_list":["post-15582","post","type-post","status-publish","format-standard","has-post-thumbnail","hentry","category-verotec","tag-innenraum","tag-innenwand","tag-leichtbauplatten","tag-renovieren","tag-sanieren","tag-schimmel","tag-schimmelfrei","tag-schimmelschutz","tag-veroboard","tag-verotec","tag-wand","tag-wohnung"],"_links":{"self":[{"href":"https:\/\/www.pr-neu.de\/newsroom\/wp-json\/wp\/v2\/posts\/15582","targetHints":{"allow":["GET"]}}],"collection":[{"href":"https:\/\/www.pr-neu.de\/newsroom\/wp-json\/wp\/v2\/posts"}],"about":[{"href":"https:\/\/www.pr-neu.de\/newsroom\/wp-json\/wp\/v2\/types\/post"}],"author":[{"embeddable":true,"href":"https:\/\/www.pr-neu.de\/newsroom\/wp-json\/wp\/v2\/users\/9"}],"replies":[{"embeddable":true,"href":"https:\/\/www.pr-neu.de\/newsroom\/wp-json\/wp\/v2\/comments?post=15582"}],"version-history":[{"count":2,"href":"https:\/\/www.pr-neu.de\/newsroom\/wp-json\/wp\/v2\/posts\/15582\/revisions"}],"predecessor-version":[{"id":15587,"href":"https:\/\/www.pr-neu.de\/newsroom\/wp-json\/wp\/v2\/posts\/15582\/revisions\/15587"}],"wp:featuredmedia":[{"embeddable":true,"href":"https:\/\/www.pr-neu.de\/newsroom\/wp-json\/wp\/v2\/media\/15585"}],"wp:attachment":[{"href":"https:\/\/www.pr-neu.de\/newsroom\/wp-json\/wp\/v2\/media?parent=15582"}],"wp:term":[{"taxonomy":"category","embeddable":true,"href":"https:\/\/www.pr-neu.de\/newsroom\/wp-json\/wp\/v2\/categories?post=15582"},{"taxonomy":"post_tag","embeddable":true,"href":"https:\/\/www.pr-neu.de\/newsroom\/wp-json\/wp\/v2\/tags?post=15582"}],"curies":[{"name":"wp","href":"https:\/\/api.w.org\/{rel}","templated":true}]}}