{"id":15568,"date":"2023-03-07T15:16:10","date_gmt":"2023-03-07T14:16:10","guid":{"rendered":"https:\/\/www.pr-neu.de\/newsroom\/?p=15568"},"modified":"2023-03-07T15:16:10","modified_gmt":"2023-03-07T14:16:10","slug":"trauer-um-rudolf-trauernicht","status":"publish","type":"post","link":"https:\/\/www.pr-neu.de\/newsroom\/trauer-um-rudolf-trauernicht\/","title":{"rendered":"Trauer um Rudolf Trauernicht"},"content":{"rendered":"<p><u>TS-Aluminium-Profilsysteme GmbH &amp; Co. KG<\/u><\/p>\n<p><strong><u>Gro\u00dfefehn<\/u><\/strong>: Rudolf Trauernicht, Mitgr\u00fcnder des Wintergarten- und Terrassendach-Spezialisten TS Aluminium (Gro\u00dfefehn) ist am 1. M\u00e4rz 2023 im Alter von 81 Jahren verstorben.<\/p>\n<p>Als Gutachter war Trauernicht regelm\u00e4\u00dfig mit konstruktiven Problemen bei Winterg\u00e4rten konfrontiert, die meist aus Fassaden- und Fensterprofilen erstellt waren. Dies f\u00fchrte 1977 zur Gr\u00fcndung von TS Aluminium und der Entwicklung eines der ersten rein f\u00fcr Winterg\u00e4rten gedachten Profilsysteme. Ab den 1980er Jahren f\u00fchrte die zu einem regelrechten \u201eWintergarten-Boom\u201c.<\/p>\n<p>\u00dcber mehrere Jahrzehnte f\u00fchrte Rudolf Trauernicht als Gesch\u00e4ftsf\u00fchrer zusammen mit Harald Meyer das Unternehmen. In seine Zeit fiel die Gr\u00fcndung der Niederlassung in Burgst\u00e4dt (Region Chemnitz) und mit TS Polska der Start einer Vertretung in Polen. 2006 schied Harald Meyer aus dem Unternehmen aus, von da an leitete Rainer Trauernicht das Unternehmen allein.<\/p>\n<p>Neben seinem Engagement f\u00fcr das Unternehmen engagierte sich Rudolf Trauernicht auch intensiv f\u00fcr die Branche und war Gr\u00fcndungsmitglied des Bundesverbandes Wintergarten e.V., in dem er zehn Jahre lang als Zweiter Vorsitzender agierte.<\/p>\n<p>Rudolf Trauernicht stammt aus einer kinderreichen ostfriesischen Familie und hat nie seine Bodenhaftung und seinen Bezug zu seiner Gemeinde verloren. Als Unternehmer war f\u00fcr ihn auch ein Handschlag bindend. Uneitel und direkt suchte er offen und respektvoll den Dialog mit seinen Mitarbeitern und Gesch\u00e4ftspartnern.<\/p>\n<p>Nach den langen Jahren au\u00dferordentlichen Engagements konnte Rudolf Trauernicht die letzten Jahre im Ruhestand genie\u00dfen.<\/p>\n<p>Rudolf Trauernicht hinterl\u00e4sst seine Frau Gesina und drei Kinder.<\/p>\n<p>&nbsp;<\/p>\n<hr \/>\n<p>&nbsp;<\/p>\n<p><em>Bei R\u00fcckfragen oder weiteren Materialw\u00fcnschen wenden Sie sich bitte an:<\/em><\/p>\n<p><em>TS-Aluminium Gerhard Sch\u00fctz<\/em><\/p>\n<p>&nbsp;<\/p>\n<hr \/>\n<p>&nbsp;<\/p>\n<p><a href=\"http:\/\/www.pr-neu.de\/newsroom\/wordpress\/wp-content\/uploads\/2023\/03\/23-08_Rainer_und_Rudolf_Trauernicht_G-scaled.jpg\" target=\"_blank\" rel=\"noopener\"><img loading=\"lazy\" decoding=\"async\" class=\"aligncenter wp-image-15569 size-medium\" src=\"http:\/\/www.pr-neu.de\/newsroom\/wordpress\/wp-content\/uploads\/2023\/03\/23-08_Rainer_und_Rudolf_Trauernicht_G-300x200.jpg\" alt=\"\" width=\"300\" height=\"200\" srcset=\"https:\/\/www.pr-neu.de\/newsroom\/wordpress\/wp-content\/uploads\/2023\/03\/23-08_Rainer_und_Rudolf_Trauernicht_G-300x200.jpg 300w, https:\/\/www.pr-neu.de\/newsroom\/wordpress\/wp-content\/uploads\/2023\/03\/23-08_Rainer_und_Rudolf_Trauernicht_G-1024x683.jpg 1024w, https:\/\/www.pr-neu.de\/newsroom\/wordpress\/wp-content\/uploads\/2023\/03\/23-08_Rainer_und_Rudolf_Trauernicht_G-768x512.jpg 768w, https:\/\/www.pr-neu.de\/newsroom\/wordpress\/wp-content\/uploads\/2023\/03\/23-08_Rainer_und_Rudolf_Trauernicht_G-1536x1024.jpg 1536w, https:\/\/www.pr-neu.de\/newsroom\/wordpress\/wp-content\/uploads\/2023\/03\/23-08_Rainer_und_Rudolf_Trauernicht_G-2048x1365.jpg 2048w, https:\/\/www.pr-neu.de\/newsroom\/wordpress\/wp-content\/uploads\/2023\/03\/23-08_Rainer_und_Rudolf_Trauernicht_G-110x73.jpg 110w, https:\/\/www.pr-neu.de\/newsroom\/wordpress\/wp-content\/uploads\/2023\/03\/23-08_Rainer_und_Rudolf_Trauernicht_G-420x280.jpg 420w, https:\/\/www.pr-neu.de\/newsroom\/wordpress\/wp-content\/uploads\/2023\/03\/23-08_Rainer_und_Rudolf_Trauernicht_G-645x430.jpg 645w\" sizes=\"auto, (max-width: 300px) 100vw, 300px\" \/><\/a><\/p>\n<p style=\"text-align: center;\">Ein Bild am Rande des 40-j\u00e4hrigen Jubil\u00e4ums von TS Aluminium 2017: Rudolf Trauernicht mit seinem Sohn und Nachfolger Rainer Trauernicht.<\/p>\n<p style=\"text-align: center;\">Bild: TS-Aluminium-Profilsysteme GmbH &amp; Co. KG<\/p>\n<p>&nbsp;<\/p>\n<hr \/>\n<p>&nbsp;<\/p>\n<p>Abdruck honorarfrei, Belegexemplar erbeten<\/p>\n","protected":false},"excerpt":{"rendered":"<p>Rudolf Trauernicht, Mitgr\u00fcnder des Wintergarten- und Terrassendach-Spezialisten TS Aluminium (Gro\u00dfefehn) ist am 1. M\u00e4rz 2023 im Alter von 81 Jahren verstorben.<\/p>\n","protected":false},"author":10,"featured_media":15569,"comment_status":"closed","ping_status":"open","sticky":false,"template":"","format":"standard","meta":{"footnotes":""},"categories":[1761],"tags":[1753,2296,1793],"class_list":["post-15568","post","type-post","status-publish","format-standard","has-post-thumbnail","hentry","category-ts-aluminium","tag-nachruf","tag-trauernicht","tag-ts-aluminium"],"_links":{"self":[{"href":"https:\/\/www.pr-neu.de\/newsroom\/wp-json\/wp\/v2\/posts\/15568","targetHints":{"allow":["GET"]}}],"collection":[{"href":"https:\/\/www.pr-neu.de\/newsroom\/wp-json\/wp\/v2\/posts"}],"about":[{"href":"https:\/\/www.pr-neu.de\/newsroom\/wp-json\/wp\/v2\/types\/post"}],"author":[{"embeddable":true,"href":"https:\/\/www.pr-neu.de\/newsroom\/wp-json\/wp\/v2\/users\/10"}],"replies":[{"embeddable":true,"href":"https:\/\/www.pr-neu.de\/newsroom\/wp-json\/wp\/v2\/comments?post=15568"}],"version-history":[{"count":1,"href":"https:\/\/www.pr-neu.de\/newsroom\/wp-json\/wp\/v2\/posts\/15568\/revisions"}],"predecessor-version":[{"id":15570,"href":"https:\/\/www.pr-neu.de\/newsroom\/wp-json\/wp\/v2\/posts\/15568\/revisions\/15570"}],"wp:featuredmedia":[{"embeddable":true,"href":"https:\/\/www.pr-neu.de\/newsroom\/wp-json\/wp\/v2\/media\/15569"}],"wp:attachment":[{"href":"https:\/\/www.pr-neu.de\/newsroom\/wp-json\/wp\/v2\/media?parent=15568"}],"wp:term":[{"taxonomy":"category","embeddable":true,"href":"https:\/\/www.pr-neu.de\/newsroom\/wp-json\/wp\/v2\/categories?post=15568"},{"taxonomy":"post_tag","embeddable":true,"href":"https:\/\/www.pr-neu.de\/newsroom\/wp-json\/wp\/v2\/tags?post=15568"}],"curies":[{"name":"wp","href":"https:\/\/api.w.org\/{rel}","templated":true}]}}